{"id":14211,"date":"2024-03-05T11:16:09","date_gmt":"2024-03-05T10:16:09","guid":{"rendered":"https:\/\/www.manubens.es\/blog\/personalitzar-cintes-de-tela-es-questio-de-gustos\/"},"modified":"2025-03-05T10:05:06","modified_gmt":"2025-03-05T09:05:06","slug":"personalitzar-cintes-de-tela-es-questio-de-gustos","status":"publish","type":"post","link":"https:\/\/www.manubens.es\/ca\/personalitzar-cintes-de-tela-es-questio-de-gustos\/","title":{"rendered":"Personalitzar cintes de tela \u00e9s q\u00fcesti\u00f3 de gustos"},"content":{"rendered":"<p><span style=\"font-weight: 400;\">La personalitzaci\u00f3 dels productes \u00e9s una tend\u00e8ncia que es va consolidant des de fa ja uns anys.<\/span><\/p>\n<p><span style=\"font-weight: 400;\">El mateix ocorre amb les cintes de tela que fabriquem a Manresa, que a m\u00e9s d&#8217;aportar una m\u00e0xima qualitat i una excel\u00b7l\u00e8ncia \u00fanica en el seu g\u00e8nere, s\u00f3n susceptibles de canvis per a donar soluci\u00f3 a aquesta realitat.<\/span><\/p>\n<p><span style=\"font-weight: 400;\">En Manubens estem mentalitzats en aquest sentit, i tamb\u00e9 som conscients que les cintes de tela que fabriquem poden ser adaptades al gust del client gr\u00e0cies a diferents t\u00e8cniques de personalitzaci\u00f3.<\/span><\/p>\n<p><span style=\"font-weight: 400;\">El control de tots els processos de fabricaci\u00f3 de les cintes de tela ens permet adaptar el producte en qualsevol dels estadis de producci\u00f3. Podem fer variacions segons demanda del client.<\/span><\/p>\n<ul>\n<li><span style=\"font-weight: 400;\">Teixidura, canviant la composici\u00f3 o estructura del producte.<\/span><\/li>\n<li><span style=\"font-weight: 400;\">Tintura, podem desenvolupar qualsevol color per al client basant-nos en paleta de colors PANTONE o b\u00e9 partint de base d&#8217;una mostra f\u00edsica en diferents formats.<\/span><\/li>\n<li><span style=\"font-weight: 400;\">Acabats, tenim l&#8217;opci\u00f3 d&#8217;aplicar a les nostres cintes de tela hidr\u00f2fugues, ign\u00edfugues o altres acabats per a productes m\u00e9s t\u00e8cnics.<\/span><\/li>\n<li><span style=\"font-weight: 400;\">Presentacions, per a processos industrials que requereixen llargs metratges podem adaptar la presentaci\u00f3 del producte a milers de formats.<\/span><\/li>\n<li><span style=\"font-weight: 400;\">Impressions, serigrafia i sublimaci\u00f3 s\u00f3n les dues t\u00e8cniques que m\u00e9s utilitzem per a donar al producte un toc personal.<\/span><\/li>\n<\/ul>\n<p><span style=\"font-weight: 400;\">A m\u00e9s de tots aquests avantatges que podem oferir als nostres clients, podem desenvolupar productes totalment a mesura si el que el client busca no es troba dins del nostre mostrari.<\/span><\/p>\n<h4><strong>VARIETAT EN LES CINTES DE TELA<\/strong><\/h4>\n<p><span style=\"font-weight: 400;\">Com ja hem comentat amb anterioritat, la varietat en les cintes de tela que fabriquem \u00e9s molt \u00e0mplia, i no sols estem parlant de textures, sin\u00f3 tamb\u00e9 de grand\u00e0ries, colors i presentacions.<\/span><\/p>\n<div class=\"w-gallery fit_cover wp_gallery type_grid action_popup_image ratio_1x1 count_3\" style=\"--columns:3;--items-gap:0px;\"><div class=\"w-gallery-list\"><div class=\"w-gallery-item\"><div class=\"w-gallery-item-img\"><img loading=\"lazy\" decoding=\"async\" width=\"1200\" height=\"797\" src=\"https:\/\/www.manubens.es\/wp-content\/uploads\/2019\/06\/MAN_9573.jpg\" class=\"attachment-full size-full\" alt=\"cinta manubens\" srcset=\"https:\/\/www.manubens.es\/wp-content\/uploads\/2019\/06\/MAN_9573.jpg 1200w, https:\/\/www.manubens.es\/wp-content\/uploads\/2019\/06\/MAN_9573-300x199.jpg 300w, https:\/\/www.manubens.es\/wp-content\/uploads\/2019\/06\/MAN_9573-1024x680.jpg 1024w, https:\/\/www.manubens.es\/wp-content\/uploads\/2019\/06\/MAN_9573-600x400.jpg 600w, https:\/\/www.manubens.es\/wp-content\/uploads\/2019\/06\/MAN_9573-768x510.jpg 768w\" sizes=\"auto, (max-width: 1200px) 100vw, 1200px\" \/><\/div><a class=\"w-gallery-item-link\" aria-label=\"cinta manubens \" href=\"https:\/\/www.manubens.es\/wp-content\/uploads\/2019\/06\/MAN_9573.jpg\" title=\"cinta manubens \"><\/a><\/div><div class=\"w-gallery-item\"><div class=\"w-gallery-item-img\"><img loading=\"lazy\" decoding=\"async\" width=\"4288\" height=\"2848\" src=\"https:\/\/www.manubens.es\/wp-content\/uploads\/2019\/07\/MAN_0514-scaled.jpg\" class=\"attachment-full size-full\" alt=\"cinta de tela\" \/><\/div><a class=\"w-gallery-item-link\" aria-label=\"cinta de tela\" href=\"https:\/\/www.manubens.es\/wp-content\/uploads\/2019\/07\/MAN_0514-scaled.jpg\" title=\"cinta de tela\"><\/a><\/div><div class=\"w-gallery-item\"><div class=\"w-gallery-item-img\"><img loading=\"lazy\" decoding=\"async\" width=\"1200\" height=\"797\" src=\"https:\/\/www.manubens.es\/wp-content\/uploads\/2019\/06\/MAN_9671.jpg\" class=\"attachment-full size-full\" alt=\"\" srcset=\"https:\/\/www.manubens.es\/wp-content\/uploads\/2019\/06\/MAN_9671.jpg 1200w, https:\/\/www.manubens.es\/wp-content\/uploads\/2019\/06\/MAN_9671-300x199.jpg 300w, https:\/\/www.manubens.es\/wp-content\/uploads\/2019\/06\/MAN_9671-1024x680.jpg 1024w, https:\/\/www.manubens.es\/wp-content\/uploads\/2019\/06\/MAN_9671-600x400.jpg 600w, https:\/\/www.manubens.es\/wp-content\/uploads\/2019\/06\/MAN_9671-768x510.jpg 768w\" sizes=\"auto, (max-width: 1200px) 100vw, 1200px\" \/><\/div><a class=\"w-gallery-item-link\" aria-label=\"MAN_9671\" href=\"https:\/\/www.manubens.es\/wp-content\/uploads\/2019\/06\/MAN_9671.jpg\" title=\"MAN_9671\"><\/a><\/div><\/div><\/div>\n<p>&nbsp;<\/p>\n<p><span style=\"font-weight: 400;\">Quant als colors, podem dir que la paleta de colors \u00e9s infinita, colors llisos de tots els tons, beix, marrons, taronges, roses, verds, blaus, grocs, tots ells amb una llum que nom\u00e9s els nostres processos de fabricaci\u00f3 poden aconseguir amb aquesta intensitat, i arribant fins als m\u00e9s d&#8217;un centenar de colors est\u00e0ndard.<\/span><\/p>\n<p><span style=\"font-weight: 400;\">D&#8217;igual manera, les cintes de tela estampades tamb\u00e9 s\u00f3n un dels nostres punts forts, de manera que podem trobar motius florals, d&#8217;ocells, de ninots, motius infantils de tota mena, quadres, ratlles, etc.<\/span><\/p>\n<p><span style=\"font-weight: 400;\">Respecte a les grand\u00e0ries, fabriquem cintes de tela que van des dels 3 mm fins als 100 mm amb una gran varietat d&#8217;amples en funci\u00f3 dels diferents articles.<\/span><\/p>\n<p><span style=\"font-weight: 400;\">El ventall de les textures tamb\u00e9 \u00e9s molt variat i ampli, de manera que comptem amb materials de diversa composici\u00f3 per a crear cintes de tela totalment innovadores, tal \u00e9s el cas dels materials de proced\u00e8ncia natural (cot\u00f3, lli\u2026) o de les fibres sint\u00e8tiques reciclades.<\/span><\/p>\n<h4><strong>PERSONALITZANT CINTES DE TELA: UN VALOR EN AL\u00c7A<\/strong><\/h4>\n<p><span style=\"font-weight: 400;\">Estem conven\u00e7uts que els nostres productes amb forma de cintes de tela seran del vostre grat, ja que des de fa molt temps estem al corrent de les necessitats dels nostres clients, ja es tracti de merceria, confecci\u00f3, embalatge o altres sectors.<\/span><\/p>\n<p>&nbsp;<\/p>\n<div class=\"w-gallery fit_cover wp_gallery type_grid action_popup_image ratio_1x1 count_2\" style=\"--columns:2;--items-gap:0px;\"><div class=\"w-gallery-list\"><div class=\"w-gallery-item\"><div class=\"w-gallery-item-img\"><img loading=\"lazy\" decoding=\"async\" width=\"300\" height=\"199\" src=\"https:\/\/www.manubens.es\/wp-content\/uploads\/2017\/01\/MAN_9585-300x199.jpg\" class=\"attachment-medium size-medium\" alt=\"\" srcset=\"https:\/\/www.manubens.es\/wp-content\/uploads\/2017\/01\/MAN_9585-300x199.jpg 300w, https:\/\/www.manubens.es\/wp-content\/uploads\/2017\/01\/MAN_9585-768x510.jpg 768w, https:\/\/www.manubens.es\/wp-content\/uploads\/2017\/01\/MAN_9585-1024x680.jpg 1024w, https:\/\/www.manubens.es\/wp-content\/uploads\/2017\/01\/MAN_9585-600x400.jpg 600w, https:\/\/www.manubens.es\/wp-content\/uploads\/2017\/01\/MAN_9585.jpg 1920w\" sizes=\"auto, (max-width: 300px) 100vw, 300px\" \/><\/div><a class=\"w-gallery-item-link\" aria-label=\"MAN_9585\" href=\"https:\/\/www.manubens.es\/wp-content\/uploads\/2017\/01\/MAN_9585.jpg\" title=\"MAN_9585\"><\/a><\/div><div class=\"w-gallery-item\"><div class=\"w-gallery-item-img\"><img loading=\"lazy\" decoding=\"async\" width=\"300\" height=\"199\" src=\"https:\/\/www.manubens.es\/wp-content\/uploads\/2017\/01\/MAN_9554-300x199.jpg\" class=\"attachment-medium size-medium\" alt=\"\" srcset=\"https:\/\/www.manubens.es\/wp-content\/uploads\/2017\/01\/MAN_9554-300x199.jpg 300w, https:\/\/www.manubens.es\/wp-content\/uploads\/2017\/01\/MAN_9554-768x510.jpg 768w, https:\/\/www.manubens.es\/wp-content\/uploads\/2017\/01\/MAN_9554-1024x680.jpg 1024w, https:\/\/www.manubens.es\/wp-content\/uploads\/2017\/01\/MAN_9554-600x400.jpg 600w, https:\/\/www.manubens.es\/wp-content\/uploads\/2017\/01\/MAN_9554.jpg 1920w\" sizes=\"auto, (max-width: 300px) 100vw, 300px\" \/><\/div><a class=\"w-gallery-item-link\" aria-label=\"MAN_9554\" href=\"https:\/\/www.manubens.es\/wp-content\/uploads\/2017\/01\/MAN_9554.jpg\" title=\"MAN_9554\"><\/a><\/div><\/div><\/div>\n<p><span style=\"font-weight: 400;\">Ens agrada saber que el que creem \u00e9s benvingut per part de tots els nostres clients, ja que en crear les nostres cintes de tela tenim en compte les \u00faltimes tend\u00e8ncies, i \u00e9s aix\u00ed com a l&#8217;hora de la veritat, qualsevol producte que surt de Manubens compleix les expectatives de tots aquells que han fet possible la creaci\u00f3 de la nostra marca tal com es coneix en l&#8217;actualitat.<\/span><\/p>\n<p><span style=\"font-weight: 400;\">En definitiva, si vols que les cintes de tela que fabriquem s&#8217;acostin el m\u00e0xim possible a la teva necessitat, nom\u00e9s haur\u00e0s de consultar la nostra p\u00e0gina web, veure com treballem, i posar a les nostres mans tot el proc\u00e9s de fabricaci\u00f3 i millora de cintes de tela de tota mena, i ser\u00e0 tan senzill com que contactis amb <a href=\"https:\/\/www.manubens.es\/ca\/contacte\/\">nosaltres en aquest mateix enlla\u00e7.<\/a><\/span><\/p>\n","protected":false},"excerpt":{"rendered":"<p>La personalitzaci\u00f3 dels productes \u00e9s una tend\u00e8ncia que es va consolidant des de fa ja uns anys. El mateix ocorre amb les cintes de tela que fabriquem a Manresa, que a m\u00e9s d&#8217;aportar una m\u00e0xima qualitat i una excel\u00b7l\u00e8ncia \u00fanica en el seu g\u00e8nere, s\u00f3n susceptibles de canvis per a donar soluci\u00f3 a aquesta realitat&#8230;.<\/p>\n","protected":false},"author":3,"featured_media":3353,"comment_status":"open","ping_status":"open","sticky":false,"template":"","format":"standard","meta":{"footnotes":""},"categories":[10],"tags":[],"class_list":["post-14211","post","type-post","status-publish","format-standard","has-post-thumbnail","hentry","category-sense-categoria"],"yoast_head":"<!-- This site is optimized with the Yoast SEO plugin v27.5 - https:\/\/yoast.com\/product\/yoast-seo-wordpress\/ -->\n<title>Personalitzar cintes de tela \u00e9s q\u00fcesti\u00f3 de gustos<\/title>\n<meta name=\"description\" content=\"La personalitzaci\u00f3 dels productes \u00e9s una tend\u00e8ncia que es ve consolidant des de fa ja uns anys. El mateix ocorre amb les cintes de tela que fabriquem a Manresa, que a m\u00e9s d&#039;aportar una m\u00e0xima qualitat i una excel\u00b7l\u00e8ncia \u00fanica en el seu g\u00e8nere, s\u00f3n susceptibles de canvis per a donar soluci\u00f3 a aquesta realitat.\" \/>\n<meta name=\"robots\" content=\"index, follow, max-snippet:-1, max-image-preview:large, max-video-preview:-1\" \/>\n<link rel=\"canonical\" href=\"https:\/\/www.manubens.es\/ca\/personalitzar-cintes-de-tela-es-questio-de-gustos\/\" \/>\n<meta property=\"og:locale\" content=\"ca_ES\" \/>\n<meta property=\"og:type\" content=\"article\" \/>\n<meta property=\"og:title\" content=\"Personalitzar cintes de tela \u00e9s q\u00fcesti\u00f3 de gustos\" \/>\n<meta property=\"og:description\" content=\"La personalitzaci\u00f3 dels productes \u00e9s una tend\u00e8ncia que es ve consolidant des de fa ja uns anys. El mateix ocorre amb les cintes de tela que fabriquem a Manresa, que a m\u00e9s d&#039;aportar una m\u00e0xima qualitat i una excel\u00b7l\u00e8ncia \u00fanica en el seu g\u00e8nere, s\u00f3n susceptibles de canvis per a donar soluci\u00f3 a aquesta realitat.\" \/>\n<meta property=\"og:url\" content=\"https:\/\/www.manubens.es\/ca\/personalitzar-cintes-de-tela-es-questio-de-gustos\/\" \/>\n<meta property=\"og:site_name\" content=\"Manubens\" \/>\n<meta property=\"article:published_time\" content=\"2024-03-05T10:16:09+00:00\" \/>\n<meta property=\"article:modified_time\" content=\"2025-03-05T09:05:06+00:00\" \/>\n<meta property=\"og:image\" content=\"https:\/\/www.manubens.es\/wp-content\/uploads\/2019\/06\/MAN_8928.jpg\" \/>\n\t<meta property=\"og:image:width\" content=\"1200\" \/>\n\t<meta property=\"og:image:height\" content=\"797\" \/>\n\t<meta property=\"og:image:type\" content=\"image\/jpeg\" \/>\n<meta name=\"author\" content=\"Manubens\" \/>\n<meta name=\"twitter:card\" content=\"summary_large_image\" \/>\n<meta name=\"twitter:label1\" content=\"Escrit per\" \/>\n\t<meta name=\"twitter:data1\" content=\"Manubens\" \/>\n\t<meta name=\"twitter:label2\" content=\"Temps estimat de lectura\" \/>\n\t<meta name=\"twitter:data2\" content=\"4 minuts\" \/>\n<script type=\"application\/ld+json\" class=\"yoast-schema-graph\">{\"@context\":\"https:\\\/\\\/schema.org\",\"@graph\":[{\"@type\":\"Article\",\"@id\":\"https:\\\/\\\/www.manubens.es\\\/ca\\\/personalitzar-cintes-de-tela-es-questio-de-gustos\\\/#article\",\"isPartOf\":{\"@id\":\"https:\\\/\\\/www.manubens.es\\\/ca\\\/personalitzar-cintes-de-tela-es-questio-de-gustos\\\/\"},\"author\":{\"name\":\"Manubens\",\"@id\":\"https:\\\/\\\/www.manubens.es\\\/ca\\\/#\\\/schema\\\/person\\\/cc83950a2556bd2dd10d3b8624863100\"},\"headline\":\"Personalitzar cintes de tela \u00e9s q\u00fcesti\u00f3 de gustos\",\"datePublished\":\"2024-03-05T10:16:09+00:00\",\"dateModified\":\"2025-03-05T09:05:06+00:00\",\"mainEntityOfPage\":{\"@id\":\"https:\\\/\\\/www.manubens.es\\\/ca\\\/personalitzar-cintes-de-tela-es-questio-de-gustos\\\/\"},\"wordCount\":682,\"commentCount\":0,\"image\":{\"@id\":\"https:\\\/\\\/www.manubens.es\\\/ca\\\/personalitzar-cintes-de-tela-es-questio-de-gustos\\\/#primaryimage\"},\"thumbnailUrl\":\"https:\\\/\\\/www.manubens.es\\\/wp-content\\\/uploads\\\/2019\\\/06\\\/MAN_8928.jpg\",\"inLanguage\":\"ca\",\"potentialAction\":[{\"@type\":\"CommentAction\",\"name\":\"Comment\",\"target\":[\"https:\\\/\\\/www.manubens.es\\\/ca\\\/personalitzar-cintes-de-tela-es-questio-de-gustos\\\/#respond\"]}]},{\"@type\":\"WebPage\",\"@id\":\"https:\\\/\\\/www.manubens.es\\\/ca\\\/personalitzar-cintes-de-tela-es-questio-de-gustos\\\/\",\"url\":\"https:\\\/\\\/www.manubens.es\\\/ca\\\/personalitzar-cintes-de-tela-es-questio-de-gustos\\\/\",\"name\":\"Personalitzar cintes de tela \u00e9s q\u00fcesti\u00f3 de gustos\",\"isPartOf\":{\"@id\":\"https:\\\/\\\/www.manubens.es\\\/ca\\\/#website\"},\"primaryImageOfPage\":{\"@id\":\"https:\\\/\\\/www.manubens.es\\\/ca\\\/personalitzar-cintes-de-tela-es-questio-de-gustos\\\/#primaryimage\"},\"image\":{\"@id\":\"https:\\\/\\\/www.manubens.es\\\/ca\\\/personalitzar-cintes-de-tela-es-questio-de-gustos\\\/#primaryimage\"},\"thumbnailUrl\":\"https:\\\/\\\/www.manubens.es\\\/wp-content\\\/uploads\\\/2019\\\/06\\\/MAN_8928.jpg\",\"datePublished\":\"2024-03-05T10:16:09+00:00\",\"dateModified\":\"2025-03-05T09:05:06+00:00\",\"author\":{\"@id\":\"https:\\\/\\\/www.manubens.es\\\/ca\\\/#\\\/schema\\\/person\\\/cc83950a2556bd2dd10d3b8624863100\"},\"description\":\"La personalitzaci\u00f3 dels productes \u00e9s una tend\u00e8ncia que es ve consolidant des de fa ja uns anys. El mateix ocorre amb les cintes de tela que fabriquem a Manresa, que a m\u00e9s d'aportar una m\u00e0xima qualitat i una excel\u00b7l\u00e8ncia \u00fanica en el seu g\u00e8nere, s\u00f3n susceptibles de canvis per a donar soluci\u00f3 a aquesta realitat.\",\"breadcrumb\":{\"@id\":\"https:\\\/\\\/www.manubens.es\\\/ca\\\/personalitzar-cintes-de-tela-es-questio-de-gustos\\\/#breadcrumb\"},\"inLanguage\":\"ca\",\"potentialAction\":[{\"@type\":\"ReadAction\",\"target\":[\"https:\\\/\\\/www.manubens.es\\\/ca\\\/personalitzar-cintes-de-tela-es-questio-de-gustos\\\/\"]}]},{\"@type\":\"ImageObject\",\"inLanguage\":\"ca\",\"@id\":\"https:\\\/\\\/www.manubens.es\\\/ca\\\/personalitzar-cintes-de-tela-es-questio-de-gustos\\\/#primaryimage\",\"url\":\"https:\\\/\\\/www.manubens.es\\\/wp-content\\\/uploads\\\/2019\\\/06\\\/MAN_8928.jpg\",\"contentUrl\":\"https:\\\/\\\/www.manubens.es\\\/wp-content\\\/uploads\\\/2019\\\/06\\\/MAN_8928.jpg\",\"width\":1200,\"height\":797},{\"@type\":\"BreadcrumbList\",\"@id\":\"https:\\\/\\\/www.manubens.es\\\/ca\\\/personalitzar-cintes-de-tela-es-questio-de-gustos\\\/#breadcrumb\",\"itemListElement\":[{\"@type\":\"ListItem\",\"position\":1,\"name\":\"Portada\",\"item\":\"https:\\\/\\\/www.manubens.es\\\/ca\\\/\"},{\"@type\":\"ListItem\",\"position\":2,\"name\":\"Personalitzar cintes de tela \u00e9s q\u00fcesti\u00f3 de gustos\"}]},{\"@type\":\"WebSite\",\"@id\":\"https:\\\/\\\/www.manubens.es\\\/ca\\\/#website\",\"url\":\"https:\\\/\\\/www.manubens.es\\\/ca\\\/\",\"name\":\"Manubens\",\"description\":\"Manubens Cintas\",\"potentialAction\":[{\"@type\":\"SearchAction\",\"target\":{\"@type\":\"EntryPoint\",\"urlTemplate\":\"https:\\\/\\\/www.manubens.es\\\/ca\\\/?s={search_term_string}\"},\"query-input\":{\"@type\":\"PropertyValueSpecification\",\"valueRequired\":true,\"valueName\":\"search_term_string\"}}],\"inLanguage\":\"ca\"},{\"@type\":\"Person\",\"@id\":\"https:\\\/\\\/www.manubens.es\\\/ca\\\/#\\\/schema\\\/person\\\/cc83950a2556bd2dd10d3b8624863100\",\"name\":\"Manubens\",\"image\":{\"@type\":\"ImageObject\",\"inLanguage\":\"ca\",\"@id\":\"https:\\\/\\\/secure.gravatar.com\\\/avatar\\\/15725cf86f411a4448330e45448e709f65acd91917559f0ff679989b0394976e?s=96&d=mm&r=g\",\"url\":\"https:\\\/\\\/secure.gravatar.com\\\/avatar\\\/15725cf86f411a4448330e45448e709f65acd91917559f0ff679989b0394976e?s=96&d=mm&r=g\",\"contentUrl\":\"https:\\\/\\\/secure.gravatar.com\\\/avatar\\\/15725cf86f411a4448330e45448e709f65acd91917559f0ff679989b0394976e?s=96&d=mm&r=g\",\"caption\":\"Manubens\"}}]}<\/script>\n<!-- \/ Yoast SEO plugin. -->","yoast_head_json":{"title":"Personalitzar cintes de tela \u00e9s q\u00fcesti\u00f3 de gustos","description":"La personalitzaci\u00f3 dels productes \u00e9s una tend\u00e8ncia que es ve consolidant des de fa ja uns anys. El mateix ocorre amb les cintes de tela que fabriquem a Manresa, que a m\u00e9s d'aportar una m\u00e0xima qualitat i una excel\u00b7l\u00e8ncia \u00fanica en el seu g\u00e8nere, s\u00f3n susceptibles de canvis per a donar soluci\u00f3 a aquesta realitat.","robots":{"index":"index","follow":"follow","max-snippet":"max-snippet:-1","max-image-preview":"max-image-preview:large","max-video-preview":"max-video-preview:-1"},"canonical":"https:\/\/www.manubens.es\/ca\/personalitzar-cintes-de-tela-es-questio-de-gustos\/","og_locale":"ca_ES","og_type":"article","og_title":"Personalitzar cintes de tela \u00e9s q\u00fcesti\u00f3 de gustos","og_description":"La personalitzaci\u00f3 dels productes \u00e9s una tend\u00e8ncia que es ve consolidant des de fa ja uns anys. El mateix ocorre amb les cintes de tela que fabriquem a Manresa, que a m\u00e9s d'aportar una m\u00e0xima qualitat i una excel\u00b7l\u00e8ncia \u00fanica en el seu g\u00e8nere, s\u00f3n susceptibles de canvis per a donar soluci\u00f3 a aquesta realitat.","og_url":"https:\/\/www.manubens.es\/ca\/personalitzar-cintes-de-tela-es-questio-de-gustos\/","og_site_name":"Manubens","article_published_time":"2024-03-05T10:16:09+00:00","article_modified_time":"2025-03-05T09:05:06+00:00","og_image":[{"width":1200,"height":797,"url":"https:\/\/www.manubens.es\/wp-content\/uploads\/2019\/06\/MAN_8928.jpg","type":"image\/jpeg"}],"author":"Manubens","twitter_card":"summary_large_image","twitter_misc":{"Escrit per":"Manubens","Temps estimat de lectura":"4 minuts"},"schema":{"@context":"https:\/\/schema.org","@graph":[{"@type":"Article","@id":"https:\/\/www.manubens.es\/ca\/personalitzar-cintes-de-tela-es-questio-de-gustos\/#article","isPartOf":{"@id":"https:\/\/www.manubens.es\/ca\/personalitzar-cintes-de-tela-es-questio-de-gustos\/"},"author":{"name":"Manubens","@id":"https:\/\/www.manubens.es\/ca\/#\/schema\/person\/cc83950a2556bd2dd10d3b8624863100"},"headline":"Personalitzar cintes de tela \u00e9s q\u00fcesti\u00f3 de gustos","datePublished":"2024-03-05T10:16:09+00:00","dateModified":"2025-03-05T09:05:06+00:00","mainEntityOfPage":{"@id":"https:\/\/www.manubens.es\/ca\/personalitzar-cintes-de-tela-es-questio-de-gustos\/"},"wordCount":682,"commentCount":0,"image":{"@id":"https:\/\/www.manubens.es\/ca\/personalitzar-cintes-de-tela-es-questio-de-gustos\/#primaryimage"},"thumbnailUrl":"https:\/\/www.manubens.es\/wp-content\/uploads\/2019\/06\/MAN_8928.jpg","inLanguage":"ca","potentialAction":[{"@type":"CommentAction","name":"Comment","target":["https:\/\/www.manubens.es\/ca\/personalitzar-cintes-de-tela-es-questio-de-gustos\/#respond"]}]},{"@type":"WebPage","@id":"https:\/\/www.manubens.es\/ca\/personalitzar-cintes-de-tela-es-questio-de-gustos\/","url":"https:\/\/www.manubens.es\/ca\/personalitzar-cintes-de-tela-es-questio-de-gustos\/","name":"Personalitzar cintes de tela \u00e9s q\u00fcesti\u00f3 de gustos","isPartOf":{"@id":"https:\/\/www.manubens.es\/ca\/#website"},"primaryImageOfPage":{"@id":"https:\/\/www.manubens.es\/ca\/personalitzar-cintes-de-tela-es-questio-de-gustos\/#primaryimage"},"image":{"@id":"https:\/\/www.manubens.es\/ca\/personalitzar-cintes-de-tela-es-questio-de-gustos\/#primaryimage"},"thumbnailUrl":"https:\/\/www.manubens.es\/wp-content\/uploads\/2019\/06\/MAN_8928.jpg","datePublished":"2024-03-05T10:16:09+00:00","dateModified":"2025-03-05T09:05:06+00:00","author":{"@id":"https:\/\/www.manubens.es\/ca\/#\/schema\/person\/cc83950a2556bd2dd10d3b8624863100"},"description":"La personalitzaci\u00f3 dels productes \u00e9s una tend\u00e8ncia que es ve consolidant des de fa ja uns anys. El mateix ocorre amb les cintes de tela que fabriquem a Manresa, que a m\u00e9s d'aportar una m\u00e0xima qualitat i una excel\u00b7l\u00e8ncia \u00fanica en el seu g\u00e8nere, s\u00f3n susceptibles de canvis per a donar soluci\u00f3 a aquesta realitat.","breadcrumb":{"@id":"https:\/\/www.manubens.es\/ca\/personalitzar-cintes-de-tela-es-questio-de-gustos\/#breadcrumb"},"inLanguage":"ca","potentialAction":[{"@type":"ReadAction","target":["https:\/\/www.manubens.es\/ca\/personalitzar-cintes-de-tela-es-questio-de-gustos\/"]}]},{"@type":"ImageObject","inLanguage":"ca","@id":"https:\/\/www.manubens.es\/ca\/personalitzar-cintes-de-tela-es-questio-de-gustos\/#primaryimage","url":"https:\/\/www.manubens.es\/wp-content\/uploads\/2019\/06\/MAN_8928.jpg","contentUrl":"https:\/\/www.manubens.es\/wp-content\/uploads\/2019\/06\/MAN_8928.jpg","width":1200,"height":797},{"@type":"BreadcrumbList","@id":"https:\/\/www.manubens.es\/ca\/personalitzar-cintes-de-tela-es-questio-de-gustos\/#breadcrumb","itemListElement":[{"@type":"ListItem","position":1,"name":"Portada","item":"https:\/\/www.manubens.es\/ca\/"},{"@type":"ListItem","position":2,"name":"Personalitzar cintes de tela \u00e9s q\u00fcesti\u00f3 de gustos"}]},{"@type":"WebSite","@id":"https:\/\/www.manubens.es\/ca\/#website","url":"https:\/\/www.manubens.es\/ca\/","name":"Manubens","description":"Manubens Cintas","potentialAction":[{"@type":"SearchAction","target":{"@type":"EntryPoint","urlTemplate":"https:\/\/www.manubens.es\/ca\/?s={search_term_string}"},"query-input":{"@type":"PropertyValueSpecification","valueRequired":true,"valueName":"search_term_string"}}],"inLanguage":"ca"},{"@type":"Person","@id":"https:\/\/www.manubens.es\/ca\/#\/schema\/person\/cc83950a2556bd2dd10d3b8624863100","name":"Manubens","image":{"@type":"ImageObject","inLanguage":"ca","@id":"https:\/\/secure.gravatar.com\/avatar\/15725cf86f411a4448330e45448e709f65acd91917559f0ff679989b0394976e?s=96&d=mm&r=g","url":"https:\/\/secure.gravatar.com\/avatar\/15725cf86f411a4448330e45448e709f65acd91917559f0ff679989b0394976e?s=96&d=mm&r=g","contentUrl":"https:\/\/secure.gravatar.com\/avatar\/15725cf86f411a4448330e45448e709f65acd91917559f0ff679989b0394976e?s=96&d=mm&r=g","caption":"Manubens"}}]}},"_links":{"self":[{"href":"https:\/\/www.manubens.es\/ca\/wp-json\/wp\/v2\/posts\/14211","targetHints":{"allow":["GET"]}}],"collection":[{"href":"https:\/\/www.manubens.es\/ca\/wp-json\/wp\/v2\/posts"}],"about":[{"href":"https:\/\/www.manubens.es\/ca\/wp-json\/wp\/v2\/types\/post"}],"author":[{"embeddable":true,"href":"https:\/\/www.manubens.es\/ca\/wp-json\/wp\/v2\/users\/3"}],"replies":[{"embeddable":true,"href":"https:\/\/www.manubens.es\/ca\/wp-json\/wp\/v2\/comments?post=14211"}],"version-history":[{"count":0,"href":"https:\/\/www.manubens.es\/ca\/wp-json\/wp\/v2\/posts\/14211\/revisions"}],"wp:featuredmedia":[{"embeddable":true,"href":"https:\/\/www.manubens.es\/ca\/wp-json\/wp\/v2\/media\/3353"}],"wp:attachment":[{"href":"https:\/\/www.manubens.es\/ca\/wp-json\/wp\/v2\/media?parent=14211"}],"wp:term":[{"taxonomy":"category","embeddable":true,"href":"https:\/\/www.manubens.es\/ca\/wp-json\/wp\/v2\/categories?post=14211"},{"taxonomy":"post_tag","embeddable":true,"href":"https:\/\/www.manubens.es\/ca\/wp-json\/wp\/v2\/tags?post=14211"}],"curies":[{"name":"wp","href":"https:\/\/api.w.org\/{rel}","templated":true}]}}