{"id":14264,"date":"2024-03-21T11:30:30","date_gmt":"2024-03-21T10:30:30","guid":{"rendered":"https:\/\/www.manubens.es\/blog\/manubens-assisteix-a-la-fira-luxe-pack-de-monaco\/"},"modified":"2024-04-29T18:58:01","modified_gmt":"2024-04-29T16:58:01","slug":"manubens-assisteix-a-la-fira-luxe-pack-de-monaco","status":"publish","type":"post","link":"https:\/\/www.manubens.es\/ca\/manubens-assisteix-a-la-fira-luxe-pack-de-monaco\/","title":{"rendered":"Manubens assisteix a la fira Luxe Pack de M\u00f2naco"},"content":{"rendered":"<p><span style=\"font-weight: 400;\">Cada any a M\u00f2naco se celebra la fira LuxePack, la fira per excel\u00b7l\u00e8ncia de l&#8217;Embalatge de luxe\u00a0en l&#8217;\u00e0mbit internacional.<\/span><\/p>\n<p><span style=\"font-weight: 400;\">Manubens presenta en la fira les novetats <a href=\"https:\/\/www.manubens.es\/ca\/productes\/cintes-de-tela-personalitzades\/\">d&#8217;embalatge de <\/a><\/span><span style=\"font-weight: 400;\">cintes per a enguany per als diferents mercats en els quals som presents, ja sigui en cosm\u00e8tica, joieria, <\/span><span style=\"font-weight: 400;\">moda\u2026<\/span><\/p>\n<p><span style=\"font-weight: 400;\">La fira \u00e9s exclusivament per a professionals del sector, i en ella es donen cita els departaments de m\u00e0rqueting de <\/span><span style=\"font-weight: 400;\">grans signatures de luxe a\u00a0escala mundial i ag\u00e8ncies de publicitat que treballen per a aquests sectors, que aprofiten per a <\/span><span style=\"font-weight: 400;\">trobar les millors solucions per a les seves necessitats en el que a Embalatge es refereix.<\/span><\/p>\n<p><span style=\"font-weight: 400;\">La pres\u00e8ncia de Manubens en la fira Luxe Pack de M\u00f2naco \u00e9s important per a mantenir les relacions amb els clients de tot el m\u00f3n <\/span><span style=\"font-weight: 400;\">que es donen cita en aquest important esdeveniment dins del m\u00f3n de l&#8217;Embalatge.<\/span><\/p>\n<p><img loading=\"lazy\" decoding=\"async\" class=\"aligncenter wp-image-1689 size-us_768_0\" src=\"https:\/\/www.manubens.es\/wp-content\/uploads\/2019\/09\/LUXEPACK_banniere_2019_FR-768x151.jpg\" alt=\"LUXEPACK_banniere_2019_FR\" width=\"768\" height=\"151\" \/><\/p>\n<p><span style=\"font-weight: 400;\">Des del dilluns 30 de setembre a les 9 del mat\u00ed, fins al dimecres 2 d&#8217;octubre a les 5 de la tarda, Manubens <\/span><span style=\"font-weight: 400;\">ser\u00e0 present en l&#8217;estand n\u00famero I8 (Hall Indigo), com fa des de fa ja diversos anys.<\/span><\/p>\n<p><span style=\"font-weight: 400;\">Unes jornades d&#8217;aprenentatge i coneixement que sabrem aprofitar, i que compartirem encantats amb tots vosaltres.<\/span><\/p>\n<h4><strong>EMBALATGE: QUE \u00c9S I COM ES GESTIONA EN MANUBENS<\/strong><\/h4>\n<p><span style=\"font-weight: 400;\">L&#8217;Embalatge \u00e9s tot el referent al continent del producte (cinta, caixa, pot, ampolla, bossa\u2026) mentre que el <\/span><span style=\"font-weight: 400;\">contingut \u00e9s el producte en si.<\/span><\/p>\n<p><span style=\"font-weight: 400;\">Avui dia \u00e9s tan important el continent com el contingut. El continent \u00e9s el que \u201cembeni\u201d el producte, \u00e9s el que ens <\/span><span style=\"font-weight: 400;\">crida l&#8217;atenci\u00f3, ens transmet el missatge i el posiciona en la nostra ment. \u00c9s molt important que totes dues parts tinguin <\/span><span style=\"font-weight: 400;\">concordan\u00e7a entre si. Aix\u00ed, no tindria sentit que tingu\u00e9ssim un producte de molta qualitat amb un Embalatge que no <\/span><span style=\"font-weight: 400;\">estigu\u00e9s a l&#8217;altura perqu\u00e8 el resultat final no seria el desitjat.<\/span><\/p>\n<p><span style=\"font-weight: 400;\">Aix\u00ed \u00e9s com es genera un treball controlat a la perfecci\u00f3 en cadascun dels processos que el componen, on es <\/span><span style=\"font-weight: 400;\">potencia la marca de cara al client final, i on som vers\u00e0tils quant al tipus d&#8217;acabats que cada producte <\/span><span style=\"font-weight: 400;\">requereix en el m\u00f3n de l&#8217;Embalatge.<\/span><\/p>\n<p><span style=\"font-weight: 400;\">Ens fixem en cada detall de cada cinta de tela perqu\u00e8 el client que rep el producte es mostri satisfet al m\u00e0xim, i aix\u00f2 \u00e9s possible perqu\u00e8 tenim en compte quin tipus d&#8217;impressi\u00f3 i acabats s\u00f3n els millors en cada cas <\/span><span style=\"font-weight: 400;\">aportant aix\u00ed una gran versatilitat en el resultat final.<\/span><\/p>\n<p><img loading=\"lazy\" decoding=\"async\" class=\"aligncenter wp-image-463 size-us_768_0\" src=\"https:\/\/www.manubens.es\/wp-content\/uploads\/2018\/05\/slider-manubens-01-768x380.jpg\" alt=\"slider-manubens-01\" width=\"768\" height=\"380\" \/><\/p>\n<p><span style=\"font-weight: 400;\">Resumint, el resultat que s&#8217;aconsegueix \u00e9s exclusiu, i els clients reben un regal de la seva marca preferida amb una <\/span><span style=\"font-weight: 400;\">cinta de tela de primera qualitat que ha elaborat Manubens a la seva f\u00e0brica de Manresa.<\/span><\/p>\n<h3><strong>ACABATS I IMPRESSIONS DE L&#8217;EMBALATGE<\/strong><\/h3>\n<p>Els acabats que duem a terme a la nostra f\u00e0brica s\u00f3n molt variats, el mateix es poden finalitzar cintes de tela amb terminals met\u00e0l\u00b7lics, de pl\u00e0stic, ideals per a la fabricaci\u00f3 de bosses on s&#8217;utilitza com a anses, o amb diferents tipus de tall, com el recte, el diagonal, el diagonal oposat o el tall per registre si la cinta porta impressi\u00f3.<\/p>\n<p>Tamb\u00e9 es poden elaborar lla\u00e7os, aplicaci\u00f3 d&#8217;adhesius, siliconades&#8230; i per descomptat, sempre es millorar\u00e0 el resultat en aplicar t\u00e8cniques d&#8217;impressi\u00f3 avan\u00e7ades, com la serigrafia, els metal\u00b7litzats, el relleu o la sublimaci\u00f3.<\/p>\n<p><span style=\"font-weight: 400;\">Sens dubte, comptar amb aquestes t\u00e8cniques noves quant a presentaci\u00f3 final de productes d&#8217;alta qualitat, \u00e9s un <\/span><span style=\"font-weight: 400;\">punt a favor de la nostra marca, perqu\u00e8 \u00e9s el moment en el qual els nostres productes aconsegueixen la m\u00e0xima qualitat i la m\u00e0xima <\/span><span style=\"font-weight: 400;\">difusi\u00f3 en qualsevol sector de negoci.<\/span><\/p>\n<p><span style=\"font-weight: 400;\">Tot aix\u00f2 \u00e9s possible gr\u00e0cies a la pres\u00e8ncia de Manubens en la fira de M\u00f2naco del 30 de setembre al 2 d&#8217;octubre d&#8217;enguany, <\/span><span style=\"font-weight: 400;\">un enclavament \u00fanic del qual estar\u00e0s desitjant saber m\u00e9s detalls, <a href=\"https:\/\/www.manubens.es\/ca\/contacte\/\">pregunta&#8217;ns<\/a> per a poder donar-te m\u00e9s informaci\u00f3.<\/span><\/p>\n","protected":false},"excerpt":{"rendered":"<p>Cada any a M\u00f2naco se celebra la fira LuxePack, la fira per excel\u00b7l\u00e8ncia de l&#8217;Embalatge de luxe\u00a0en l&#8217;\u00e0mbit internacional. Manubens presenta en la fira les novetats d&#8217;embalatge de cintes per a enguany per als diferents mercats en els quals som presents, ja sigui en cosm\u00e8tica, joieria, moda\u2026 La fira \u00e9s exclusivament per a professionals del&#8230;<\/p>\n","protected":false},"author":3,"featured_media":3482,"comment_status":"open","ping_status":"open","sticky":false,"template":"","format":"standard","meta":{"footnotes":""},"categories":[10],"tags":[],"class_list":["post-14264","post","type-post","status-publish","format-standard","has-post-thumbnail","hentry","category-sense-categoria"],"yoast_head":"<!-- This site is optimized with the Yoast SEO plugin v27.5 - https:\/\/yoast.com\/product\/yoast-seo-wordpress\/ -->\n<title>Manubens Assisteix a la Fira Luxe Pack de M\u00f2naco<\/title>\n<meta name=\"description\" content=\"Tots els Anys a M\u00f2naco se celebra la Fira LuxePack, la Fira per Excel\u00b7l\u00e8ncia de l&#039;Embalatge de Luxe a Nivell Internacional, i Manubens \u00c9s All\u00e0.\" \/>\n<meta name=\"robots\" content=\"index, follow, max-snippet:-1, max-image-preview:large, max-video-preview:-1\" \/>\n<link rel=\"canonical\" href=\"https:\/\/www.manubens.es\/ca\/manubens-assisteix-a-la-fira-luxe-pack-de-monaco\/\" \/>\n<meta property=\"og:locale\" content=\"ca_ES\" \/>\n<meta property=\"og:type\" content=\"article\" \/>\n<meta property=\"og:title\" content=\"Manubens Assisteix a la Fira Luxe Pack de M\u00f2naco\" \/>\n<meta property=\"og:description\" content=\"Tots els Anys a M\u00f2naco se celebra la Fira LuxePack, la Fira per Excel\u00b7l\u00e8ncia de l&#039;Embalatge de Luxe a Nivell Internacional, i Manubens \u00c9s All\u00e0.\" \/>\n<meta property=\"og:url\" content=\"https:\/\/www.manubens.es\/ca\/manubens-assisteix-a-la-fira-luxe-pack-de-monaco\/\" \/>\n<meta property=\"og:site_name\" content=\"Manubens\" \/>\n<meta property=\"article:published_time\" content=\"2024-03-21T10:30:30+00:00\" \/>\n<meta property=\"article:modified_time\" content=\"2024-04-29T16:58:01+00:00\" \/>\n<meta property=\"og:image\" content=\"https:\/\/www.manubens.es\/wp-content\/uploads\/2019\/09\/LUXEPACK-MANUBENS.jpg\" \/>\n\t<meta property=\"og:image:width\" content=\"1080\" \/>\n\t<meta property=\"og:image:height\" content=\"1080\" \/>\n\t<meta property=\"og:image:type\" content=\"image\/jpeg\" \/>\n<meta name=\"author\" content=\"Manubens\" \/>\n<meta name=\"twitter:card\" content=\"summary_large_image\" \/>\n<meta name=\"twitter:label1\" content=\"Escrit per\" \/>\n\t<meta name=\"twitter:data1\" content=\"Manubens\" \/>\n\t<meta name=\"twitter:label2\" content=\"Temps estimat de lectura\" \/>\n\t<meta name=\"twitter:data2\" content=\"4 minuts\" \/>\n<script type=\"application\/ld+json\" class=\"yoast-schema-graph\">{\"@context\":\"https:\\\/\\\/schema.org\",\"@graph\":[{\"@type\":\"Article\",\"@id\":\"https:\\\/\\\/www.manubens.es\\\/ca\\\/manubens-assisteix-a-la-fira-luxe-pack-de-monaco\\\/#article\",\"isPartOf\":{\"@id\":\"https:\\\/\\\/www.manubens.es\\\/ca\\\/manubens-assisteix-a-la-fira-luxe-pack-de-monaco\\\/\"},\"author\":{\"name\":\"Manubens\",\"@id\":\"https:\\\/\\\/www.manubens.es\\\/ca\\\/#\\\/schema\\\/person\\\/cc83950a2556bd2dd10d3b8624863100\"},\"headline\":\"Manubens assisteix a la fira Luxe Pack de M\u00f2naco\",\"datePublished\":\"2024-03-21T10:30:30+00:00\",\"dateModified\":\"2024-04-29T16:58:01+00:00\",\"mainEntityOfPage\":{\"@id\":\"https:\\\/\\\/www.manubens.es\\\/ca\\\/manubens-assisteix-a-la-fira-luxe-pack-de-monaco\\\/\"},\"wordCount\":681,\"commentCount\":0,\"image\":{\"@id\":\"https:\\\/\\\/www.manubens.es\\\/ca\\\/manubens-assisteix-a-la-fira-luxe-pack-de-monaco\\\/#primaryimage\"},\"thumbnailUrl\":\"https:\\\/\\\/www.manubens.es\\\/wp-content\\\/uploads\\\/2019\\\/09\\\/LUXEPACK-MANUBENS.jpg\",\"inLanguage\":\"ca\",\"potentialAction\":[{\"@type\":\"CommentAction\",\"name\":\"Comment\",\"target\":[\"https:\\\/\\\/www.manubens.es\\\/ca\\\/manubens-assisteix-a-la-fira-luxe-pack-de-monaco\\\/#respond\"]}]},{\"@type\":\"WebPage\",\"@id\":\"https:\\\/\\\/www.manubens.es\\\/ca\\\/manubens-assisteix-a-la-fira-luxe-pack-de-monaco\\\/\",\"url\":\"https:\\\/\\\/www.manubens.es\\\/ca\\\/manubens-assisteix-a-la-fira-luxe-pack-de-monaco\\\/\",\"name\":\"Manubens Assisteix a la Fira Luxe Pack de M\u00f2naco\",\"isPartOf\":{\"@id\":\"https:\\\/\\\/www.manubens.es\\\/ca\\\/#website\"},\"primaryImageOfPage\":{\"@id\":\"https:\\\/\\\/www.manubens.es\\\/ca\\\/manubens-assisteix-a-la-fira-luxe-pack-de-monaco\\\/#primaryimage\"},\"image\":{\"@id\":\"https:\\\/\\\/www.manubens.es\\\/ca\\\/manubens-assisteix-a-la-fira-luxe-pack-de-monaco\\\/#primaryimage\"},\"thumbnailUrl\":\"https:\\\/\\\/www.manubens.es\\\/wp-content\\\/uploads\\\/2019\\\/09\\\/LUXEPACK-MANUBENS.jpg\",\"datePublished\":\"2024-03-21T10:30:30+00:00\",\"dateModified\":\"2024-04-29T16:58:01+00:00\",\"author\":{\"@id\":\"https:\\\/\\\/www.manubens.es\\\/ca\\\/#\\\/schema\\\/person\\\/cc83950a2556bd2dd10d3b8624863100\"},\"description\":\"Tots els Anys a M\u00f2naco se celebra la Fira LuxePack, la Fira per Excel\u00b7l\u00e8ncia de l'Embalatge de Luxe a Nivell Internacional, i Manubens \u00c9s All\u00e0.\",\"breadcrumb\":{\"@id\":\"https:\\\/\\\/www.manubens.es\\\/ca\\\/manubens-assisteix-a-la-fira-luxe-pack-de-monaco\\\/#breadcrumb\"},\"inLanguage\":\"ca\",\"potentialAction\":[{\"@type\":\"ReadAction\",\"target\":[\"https:\\\/\\\/www.manubens.es\\\/ca\\\/manubens-assisteix-a-la-fira-luxe-pack-de-monaco\\\/\"]}]},{\"@type\":\"ImageObject\",\"inLanguage\":\"ca\",\"@id\":\"https:\\\/\\\/www.manubens.es\\\/ca\\\/manubens-assisteix-a-la-fira-luxe-pack-de-monaco\\\/#primaryimage\",\"url\":\"https:\\\/\\\/www.manubens.es\\\/wp-content\\\/uploads\\\/2019\\\/09\\\/LUXEPACK-MANUBENS.jpg\",\"contentUrl\":\"https:\\\/\\\/www.manubens.es\\\/wp-content\\\/uploads\\\/2019\\\/09\\\/LUXEPACK-MANUBENS.jpg\",\"width\":1080,\"height\":1080,\"caption\":\"LUXEPACK-MANUBENS\"},{\"@type\":\"BreadcrumbList\",\"@id\":\"https:\\\/\\\/www.manubens.es\\\/ca\\\/manubens-assisteix-a-la-fira-luxe-pack-de-monaco\\\/#breadcrumb\",\"itemListElement\":[{\"@type\":\"ListItem\",\"position\":1,\"name\":\"Portada\",\"item\":\"https:\\\/\\\/www.manubens.es\\\/ca\\\/\"},{\"@type\":\"ListItem\",\"position\":2,\"name\":\"Manubens assisteix a la fira Luxe Pack de M\u00f2naco\"}]},{\"@type\":\"WebSite\",\"@id\":\"https:\\\/\\\/www.manubens.es\\\/ca\\\/#website\",\"url\":\"https:\\\/\\\/www.manubens.es\\\/ca\\\/\",\"name\":\"Manubens\",\"description\":\"Manubens Cintas\",\"potentialAction\":[{\"@type\":\"SearchAction\",\"target\":{\"@type\":\"EntryPoint\",\"urlTemplate\":\"https:\\\/\\\/www.manubens.es\\\/ca\\\/?s={search_term_string}\"},\"query-input\":{\"@type\":\"PropertyValueSpecification\",\"valueRequired\":true,\"valueName\":\"search_term_string\"}}],\"inLanguage\":\"ca\"},{\"@type\":\"Person\",\"@id\":\"https:\\\/\\\/www.manubens.es\\\/ca\\\/#\\\/schema\\\/person\\\/cc83950a2556bd2dd10d3b8624863100\",\"name\":\"Manubens\",\"image\":{\"@type\":\"ImageObject\",\"inLanguage\":\"ca\",\"@id\":\"https:\\\/\\\/secure.gravatar.com\\\/avatar\\\/15725cf86f411a4448330e45448e709f65acd91917559f0ff679989b0394976e?s=96&d=mm&r=g\",\"url\":\"https:\\\/\\\/secure.gravatar.com\\\/avatar\\\/15725cf86f411a4448330e45448e709f65acd91917559f0ff679989b0394976e?s=96&d=mm&r=g\",\"contentUrl\":\"https:\\\/\\\/secure.gravatar.com\\\/avatar\\\/15725cf86f411a4448330e45448e709f65acd91917559f0ff679989b0394976e?s=96&d=mm&r=g\",\"caption\":\"Manubens\"}}]}<\/script>\n<!-- \/ Yoast SEO plugin. -->","yoast_head_json":{"title":"Manubens Assisteix a la Fira Luxe Pack de M\u00f2naco","description":"Tots els Anys a M\u00f2naco se celebra la Fira LuxePack, la Fira per Excel\u00b7l\u00e8ncia de l'Embalatge de Luxe a Nivell Internacional, i Manubens \u00c9s All\u00e0.","robots":{"index":"index","follow":"follow","max-snippet":"max-snippet:-1","max-image-preview":"max-image-preview:large","max-video-preview":"max-video-preview:-1"},"canonical":"https:\/\/www.manubens.es\/ca\/manubens-assisteix-a-la-fira-luxe-pack-de-monaco\/","og_locale":"ca_ES","og_type":"article","og_title":"Manubens Assisteix a la Fira Luxe Pack de M\u00f2naco","og_description":"Tots els Anys a M\u00f2naco se celebra la Fira LuxePack, la Fira per Excel\u00b7l\u00e8ncia de l'Embalatge de Luxe a Nivell Internacional, i Manubens \u00c9s All\u00e0.","og_url":"https:\/\/www.manubens.es\/ca\/manubens-assisteix-a-la-fira-luxe-pack-de-monaco\/","og_site_name":"Manubens","article_published_time":"2024-03-21T10:30:30+00:00","article_modified_time":"2024-04-29T16:58:01+00:00","og_image":[{"width":1080,"height":1080,"url":"https:\/\/www.manubens.es\/wp-content\/uploads\/2019\/09\/LUXEPACK-MANUBENS.jpg","type":"image\/jpeg"}],"author":"Manubens","twitter_card":"summary_large_image","twitter_misc":{"Escrit per":"Manubens","Temps estimat de lectura":"4 minuts"},"schema":{"@context":"https:\/\/schema.org","@graph":[{"@type":"Article","@id":"https:\/\/www.manubens.es\/ca\/manubens-assisteix-a-la-fira-luxe-pack-de-monaco\/#article","isPartOf":{"@id":"https:\/\/www.manubens.es\/ca\/manubens-assisteix-a-la-fira-luxe-pack-de-monaco\/"},"author":{"name":"Manubens","@id":"https:\/\/www.manubens.es\/ca\/#\/schema\/person\/cc83950a2556bd2dd10d3b8624863100"},"headline":"Manubens assisteix a la fira Luxe Pack de M\u00f2naco","datePublished":"2024-03-21T10:30:30+00:00","dateModified":"2024-04-29T16:58:01+00:00","mainEntityOfPage":{"@id":"https:\/\/www.manubens.es\/ca\/manubens-assisteix-a-la-fira-luxe-pack-de-monaco\/"},"wordCount":681,"commentCount":0,"image":{"@id":"https:\/\/www.manubens.es\/ca\/manubens-assisteix-a-la-fira-luxe-pack-de-monaco\/#primaryimage"},"thumbnailUrl":"https:\/\/www.manubens.es\/wp-content\/uploads\/2019\/09\/LUXEPACK-MANUBENS.jpg","inLanguage":"ca","potentialAction":[{"@type":"CommentAction","name":"Comment","target":["https:\/\/www.manubens.es\/ca\/manubens-assisteix-a-la-fira-luxe-pack-de-monaco\/#respond"]}]},{"@type":"WebPage","@id":"https:\/\/www.manubens.es\/ca\/manubens-assisteix-a-la-fira-luxe-pack-de-monaco\/","url":"https:\/\/www.manubens.es\/ca\/manubens-assisteix-a-la-fira-luxe-pack-de-monaco\/","name":"Manubens Assisteix a la Fira Luxe Pack de M\u00f2naco","isPartOf":{"@id":"https:\/\/www.manubens.es\/ca\/#website"},"primaryImageOfPage":{"@id":"https:\/\/www.manubens.es\/ca\/manubens-assisteix-a-la-fira-luxe-pack-de-monaco\/#primaryimage"},"image":{"@id":"https:\/\/www.manubens.es\/ca\/manubens-assisteix-a-la-fira-luxe-pack-de-monaco\/#primaryimage"},"thumbnailUrl":"https:\/\/www.manubens.es\/wp-content\/uploads\/2019\/09\/LUXEPACK-MANUBENS.jpg","datePublished":"2024-03-21T10:30:30+00:00","dateModified":"2024-04-29T16:58:01+00:00","author":{"@id":"https:\/\/www.manubens.es\/ca\/#\/schema\/person\/cc83950a2556bd2dd10d3b8624863100"},"description":"Tots els Anys a M\u00f2naco se celebra la Fira LuxePack, la Fira per Excel\u00b7l\u00e8ncia de l'Embalatge de Luxe a Nivell Internacional, i Manubens \u00c9s All\u00e0.","breadcrumb":{"@id":"https:\/\/www.manubens.es\/ca\/manubens-assisteix-a-la-fira-luxe-pack-de-monaco\/#breadcrumb"},"inLanguage":"ca","potentialAction":[{"@type":"ReadAction","target":["https:\/\/www.manubens.es\/ca\/manubens-assisteix-a-la-fira-luxe-pack-de-monaco\/"]}]},{"@type":"ImageObject","inLanguage":"ca","@id":"https:\/\/www.manubens.es\/ca\/manubens-assisteix-a-la-fira-luxe-pack-de-monaco\/#primaryimage","url":"https:\/\/www.manubens.es\/wp-content\/uploads\/2019\/09\/LUXEPACK-MANUBENS.jpg","contentUrl":"https:\/\/www.manubens.es\/wp-content\/uploads\/2019\/09\/LUXEPACK-MANUBENS.jpg","width":1080,"height":1080,"caption":"LUXEPACK-MANUBENS"},{"@type":"BreadcrumbList","@id":"https:\/\/www.manubens.es\/ca\/manubens-assisteix-a-la-fira-luxe-pack-de-monaco\/#breadcrumb","itemListElement":[{"@type":"ListItem","position":1,"name":"Portada","item":"https:\/\/www.manubens.es\/ca\/"},{"@type":"ListItem","position":2,"name":"Manubens assisteix a la fira Luxe Pack de M\u00f2naco"}]},{"@type":"WebSite","@id":"https:\/\/www.manubens.es\/ca\/#website","url":"https:\/\/www.manubens.es\/ca\/","name":"Manubens","description":"Manubens Cintas","potentialAction":[{"@type":"SearchAction","target":{"@type":"EntryPoint","urlTemplate":"https:\/\/www.manubens.es\/ca\/?s={search_term_string}"},"query-input":{"@type":"PropertyValueSpecification","valueRequired":true,"valueName":"search_term_string"}}],"inLanguage":"ca"},{"@type":"Person","@id":"https:\/\/www.manubens.es\/ca\/#\/schema\/person\/cc83950a2556bd2dd10d3b8624863100","name":"Manubens","image":{"@type":"ImageObject","inLanguage":"ca","@id":"https:\/\/secure.gravatar.com\/avatar\/15725cf86f411a4448330e45448e709f65acd91917559f0ff679989b0394976e?s=96&d=mm&r=g","url":"https:\/\/secure.gravatar.com\/avatar\/15725cf86f411a4448330e45448e709f65acd91917559f0ff679989b0394976e?s=96&d=mm&r=g","contentUrl":"https:\/\/secure.gravatar.com\/avatar\/15725cf86f411a4448330e45448e709f65acd91917559f0ff679989b0394976e?s=96&d=mm&r=g","caption":"Manubens"}}]}},"_links":{"self":[{"href":"https:\/\/www.manubens.es\/ca\/wp-json\/wp\/v2\/posts\/14264","targetHints":{"allow":["GET"]}}],"collection":[{"href":"https:\/\/www.manubens.es\/ca\/wp-json\/wp\/v2\/posts"}],"about":[{"href":"https:\/\/www.manubens.es\/ca\/wp-json\/wp\/v2\/types\/post"}],"author":[{"embeddable":true,"href":"https:\/\/www.manubens.es\/ca\/wp-json\/wp\/v2\/users\/3"}],"replies":[{"embeddable":true,"href":"https:\/\/www.manubens.es\/ca\/wp-json\/wp\/v2\/comments?post=14264"}],"version-history":[{"count":0,"href":"https:\/\/www.manubens.es\/ca\/wp-json\/wp\/v2\/posts\/14264\/revisions"}],"wp:featuredmedia":[{"embeddable":true,"href":"https:\/\/www.manubens.es\/ca\/wp-json\/wp\/v2\/media\/3482"}],"wp:attachment":[{"href":"https:\/\/www.manubens.es\/ca\/wp-json\/wp\/v2\/media?parent=14264"}],"wp:term":[{"taxonomy":"category","embeddable":true,"href":"https:\/\/www.manubens.es\/ca\/wp-json\/wp\/v2\/categories?post=14264"},{"taxonomy":"post_tag","embeddable":true,"href":"https:\/\/www.manubens.es\/ca\/wp-json\/wp\/v2\/tags?post=14264"}],"curies":[{"name":"wp","href":"https:\/\/api.w.org\/{rel}","templated":true}]}}