{"id":14274,"date":"2024-04-19T17:40:08","date_gmt":"2024-04-19T15:40:08","guid":{"rendered":"https:\/\/www.manubens.es\/blog\/per-que-la-industria-cosmetica-confia-en-les-nostres-cintes-de-tela-per-al-seu-embalatge\/"},"modified":"2024-04-19T17:40:08","modified_gmt":"2024-04-19T15:40:08","slug":"per-que-la-industria-cosmetica-confia-en-les-nostres-cintes-de-tela-per-al-seu-embalatge","status":"publish","type":"post","link":"https:\/\/www.manubens.es\/ca\/per-que-la-industria-cosmetica-confia-en-les-nostres-cintes-de-tela-per-al-seu-embalatge\/","title":{"rendered":"Per qu\u00e8 la ind\u00fastria cosm\u00e8tica confia en les nostres cintes de tela per al seu embalatge"},"content":{"rendered":"<section class=\"l-section wpb_row height_large\"><div class=\"l-section-h i-cf\"><div class=\"g-cols vc_row via_grid cols_1 laptops-cols_inherit tablets-cols_inherit mobiles-cols_1 valign_top type_default stacking_default\"><div class=\"wpb_column vc_column_container\"><div class=\"vc_column-inner\"><div class=\"wpb_text_column\"><div class=\"wpb_wrapper\"><p>La qualitat de les cintes de tela que formen part de l&#8217;ess\u00e8ncia de Manubens busquen un prop\u00f2sit com\u00fa, i aquest \u00e9s poder mostrar als clients, que els atributs amb els quals estan fetes les nostres cintes de tela, els permetran utilitzar-les per a real\u00e7ar els seus productes en el sector de la cosm\u00e8tica.<\/p>\n<p>\u00c9s una realitat que existeixi la possibilitat d&#8217;adaptar els nostres productes a demanda dels nostres clients, i aix\u00ed poder crear-los des de zero, de manera que es compleix una de les ess\u00e8ncies de Manubens, la personalitzaci\u00f3 100% dels productes.<\/p>\n<p><span style=\"font-weight: 400;\">Aix\u00f2 \u00e9s el que fem amb <a href=\"https:\/\/www.manubens.es\/ca\/productes\/cintes-de-tela-personalitzades\/\" target=\"_blank\" rel=\"noopener\">l&#8217;embalatge en cintes de tela<\/a>, \u00e9s a dir, personalitzar cintes amb missatge (marca, nom del perfum, text aspiracional\u2026) potenciant el producte, de manera que tant el sector de la cosm\u00e8tica com el sector de la perfumeria, traslladin als seus clients els valors i el nivell de distinci\u00f3 de les seves marques en tot moment.<\/span><\/p>\n<p><span style=\"font-weight: 400;\">Gr\u00e0cies a la nostra capacitat de fabricaci\u00f3 especialitzada, podem adaptar-nos i assessorar sobre aquelles cintes de tela que millor cobreixin les necessitats dels clients que confien en les solucions d&#8217;embalatge de Manubens.<\/span><\/p>\n<p>&nbsp;<\/p>\n<p><span style=\"font-weight: 400;\">Estem parlant de primeres marques de luxe en el sector de la cosm\u00e8tica i la perfumeria, on en treballar amb materials de primera qualitat com el cot\u00f3, el poli\u00e8ster, la poliamida o els reciclatges, s&#8217;aconsegueix elaborar una tejedur\u00eda desenvolupada pels nostres t\u00e8cnics, on els colors, les t\u00e8cniques d&#8217;impressi\u00f3 (serigrafia de fins a tres colors o impressi\u00f3 digital mitjan\u00e7ant la t\u00e8cnica de sublimaci\u00f3) i les presentacions del producte (bobines industrials, corts en calor o l\u00e0ser\u2026), aconsegueixen una alta satisfacci\u00f3 entre els nostres clients.<\/span><\/p>\n<p>REQUISITS DE LA IND\u00daSTRIA COSMETICA EN EMBALATGE<\/p>\n<p>Des de Manubens treballem de manera directa amb els clients que confien en el nostre saber fer a l&#8217;hora de realitzar cintes de tela de gran qualitat i comprom\u00eds amb les marques que treballem.<\/p>\n<p><img loading=\"lazy\" decoding=\"async\" class=\"size-medium wp-image-1700 aligncenter\" src=\"https:\/\/www.manubens.es\/wp-content\/uploads\/2019\/10\/manubens-packaging_c-300x200.jpg\" alt=\"manubens-packaging_c\" width=\"300\" height=\"200\" \/><\/p>\n<p>Existeixen uns certs requisits que sempre es tenen troba en la ind\u00fastria de la cosm\u00e8tica, i des de Manubens complim amb tots ells, perqu\u00e8 sabem que treballar d&#8217;aquesta manera \u00e9s el que ens fa diferents enfront de la compet\u00e8ncia, i per descomptat, perqu\u00e8 sabem el que cada client busca, i aix\u00f2 \u00e9s fonamental per a desenvolupar una correcta labor amb ells.<\/p>\n<p>En primer lloc, realitzem un assessorament especialitzat en teixits, colors i dissenys.<\/p>\n<p>Tamb\u00e9 assegurem la qualitat en els teixits de les cintes de tela en les quals s&#8217;imprimeix, de manera que el resultat final crida l&#8217;atenci\u00f3, al mateix temps que es percep aquesta qualitat que Manubens porta immersa en la seva personalitat, com a marca de refer\u00e8ncia que \u00e9s en el sector de les cintes de tela.<\/p>\n<p>Quant a terminis de lliurament, es tracta d&#8217;un servei garantit on es percep agilitat i precisi\u00f3 en la log\u00edstica, com sempre succeeix amb el treball que realitza Manubens, que aporta lleugeresa en els enviaments, puntualitat i efici\u00e8ncia en tot el proc\u00e9s de comandes i lliuraments.<\/p>\n<p>Finalment, a causa del proc\u00e9s de fabricaci\u00f3 pr\u00f2pia que caracteritza en tot moment a Manubens amb les seves cintes de tela, tamb\u00e9 ha estat possible establir un nivell de demanda personalitzat, \u00e9s a dir, cada client ens sol\u00b7licita la seva petici\u00f3 particular, nosaltres valorem el treball, plantegem alternatives, i arribem a la decisi\u00f3 final en sintonia i acord amb el client.<\/p>\n<p><img loading=\"lazy\" decoding=\"async\" class=\"size-medium wp-image-1701 aligncenter\" src=\"https:\/\/www.manubens.es\/wp-content\/uploads\/2019\/10\/manubens0005-200x300.jpg\" alt=\"manubens0005\" width=\"200\" height=\"300\" srcset=\"https:\/\/www.manubens.es\/wp-content\/uploads\/2019\/10\/manubens0005-200x300.jpg 200w, https:\/\/www.manubens.es\/wp-content\/uploads\/2019\/10\/manubens0005-400x600.jpg 400w, https:\/\/www.manubens.es\/wp-content\/uploads\/2019\/10\/manubens0005-100x150.jpg 100w, https:\/\/www.manubens.es\/wp-content\/uploads\/2019\/10\/manubens0005-133x200.jpg 133w, https:\/\/www.manubens.es\/wp-content\/uploads\/2019\/10\/manubens0005-77x115.jpg 77w, https:\/\/www.manubens.es\/wp-content\/uploads\/2019\/10\/manubens0005-167x250.jpg 167w, https:\/\/www.manubens.es\/wp-content\/uploads\/2019\/10\/manubens0005-scaled.jpg 1709w\" sizes=\"auto, (max-width: 200px) 100vw, 200px\" \/><\/p>\n<p>Aix\u00ed \u00e9s com les cintes de tela d&#8217;embalatge que gestionem en Manubens, aporten els resultats que el client desitja.<\/p>\n<p><strong>Les cintes de tela d&#8217;embalatge de Manubens<\/strong><\/p>\n<p>Des de Manubens treballem amb la idea sempre present que el millor servei al client \u00e9s aquell que contempla totes les seves necessitats, i tots aquells detalls que fan del producte final l&#8217;\u00fanica versi\u00f3 v\u00e0lida per al client.<\/p>\n<p>Aix\u00ed \u00e9s com tots els treballs d&#8217;embalatge de Manubens tenen sentit, i arriben a convertir-se en necessitats per als clients finals, una vegada aquests, els perceben, els valoren i els aprecien, de manera que, a partir d&#8217;aquest moment, aquestes cintes de tela personalitzades es converteixen en un referent de la pr\u00f2pia marca que confia en nosaltres, i en un repte continu per a Manubens.<\/p>\n<p>En definitiva, aportem qualitat en els productes amb una experi\u00e8ncia avalada de m\u00e9s de 80 anys, complint els terminis de lliurament, compartint l&#8217;experi\u00e8ncia que tenim i assessorant en tot moment sobre all\u00f2 que millor coneixem, les cintes de tela i la seva possibilitats.<\/p>\n<p>Les teves idees s\u00f3n el nostre motor d&#8217;avan\u00e7 i el nostre major comprom\u00eds de marca, atreveix-te a ser part de les nostres cintes de tela, <a href=\"https:\/\/www.manubens.es\/ca\/contacte\/\" target=\"_blank\" rel=\"noopener\">contacta aqu\u00ed amb nosaltres.<\/a><\/p>\n<\/div><\/div><\/div><\/div><\/div><\/div><\/section>\n","protected":false},"excerpt":{"rendered":"La qualitat de les cintes de tela que formen part de l&#8217;ess\u00e8ncia de Manubens busquen un prop\u00f2sit com\u00fa, i aquest \u00e9s poder mostrar als clients, que els atributs amb els quals estan fetes les nostres cintes de tela, els permetran utilitzar-les per a real\u00e7ar els seus productes en el sector de la cosm\u00e8tica. \u00c9s una...","protected":false},"author":3,"featured_media":3491,"comment_status":"open","ping_status":"open","sticky":false,"template":"","format":"standard","meta":{"footnotes":""},"categories":[10],"tags":[],"class_list":["post-14274","post","type-post","status-publish","format-standard","has-post-thumbnail","hentry","category-sense-categoria"],"yoast_head":"<!-- This site is optimized with the Yoast SEO plugin v27.5 - https:\/\/yoast.com\/product\/yoast-seo-wordpress\/ -->\n<title>Per qu\u00e8 la ind\u00fastria cosm\u00e8tica confia en les nostres cintes de tela per al seu embalatge - Manubens<\/title>\n<meta name=\"robots\" content=\"index, follow, max-snippet:-1, max-image-preview:large, max-video-preview:-1\" \/>\n<link rel=\"canonical\" href=\"https:\/\/www.manubens.es\/ca\/per-que-la-industria-cosmetica-confia-en-les-nostres-cintes-de-tela-per-al-seu-embalatge\/\" \/>\n<meta property=\"og:locale\" content=\"ca_ES\" \/>\n<meta property=\"og:type\" content=\"article\" \/>\n<meta property=\"og:title\" content=\"Per qu\u00e8 la ind\u00fastria cosm\u00e8tica confia en les nostres cintes de tela per al seu embalatge - Manubens\" \/>\n<meta property=\"og:url\" content=\"https:\/\/www.manubens.es\/ca\/per-que-la-industria-cosmetica-confia-en-les-nostres-cintes-de-tela-per-al-seu-embalatge\/\" \/>\n<meta property=\"og:site_name\" content=\"Manubens\" \/>\n<meta property=\"article:published_time\" content=\"2024-04-19T15:40:08+00:00\" \/>\n<meta property=\"og:image\" content=\"https:\/\/www.manubens.es\/wp-content\/uploads\/2019\/10\/manubens0006-scaled.jpg\" \/>\n\t<meta property=\"og:image:width\" content=\"2105\" \/>\n\t<meta property=\"og:image:height\" content=\"3154\" \/>\n\t<meta property=\"og:image:type\" content=\"image\/jpeg\" \/>\n<meta name=\"author\" content=\"Manubens\" \/>\n<meta name=\"twitter:card\" content=\"summary_large_image\" \/>\n<meta name=\"twitter:label1\" content=\"Escrit per\" \/>\n\t<meta name=\"twitter:data1\" content=\"Manubens\" \/>\n\t<meta name=\"twitter:label2\" content=\"Temps estimat de lectura\" \/>\n\t<meta name=\"twitter:data2\" content=\"4 minuts\" \/>\n<script type=\"application\/ld+json\" class=\"yoast-schema-graph\">{\"@context\":\"https:\\\/\\\/schema.org\",\"@graph\":[{\"@type\":\"Article\",\"@id\":\"https:\\\/\\\/www.manubens.es\\\/ca\\\/per-que-la-industria-cosmetica-confia-en-les-nostres-cintes-de-tela-per-al-seu-embalatge\\\/#article\",\"isPartOf\":{\"@id\":\"https:\\\/\\\/www.manubens.es\\\/ca\\\/per-que-la-industria-cosmetica-confia-en-les-nostres-cintes-de-tela-per-al-seu-embalatge\\\/\"},\"author\":{\"name\":\"Manubens\",\"@id\":\"https:\\\/\\\/www.manubens.es\\\/ca\\\/#\\\/schema\\\/person\\\/cc83950a2556bd2dd10d3b8624863100\"},\"headline\":\"Per qu\u00e8 la ind\u00fastria cosm\u00e8tica confia en les nostres cintes de tela per al seu embalatge\",\"datePublished\":\"2024-04-19T15:40:08+00:00\",\"mainEntityOfPage\":{\"@id\":\"https:\\\/\\\/www.manubens.es\\\/ca\\\/per-que-la-industria-cosmetica-confia-en-les-nostres-cintes-de-tela-per-al-seu-embalatge\\\/\"},\"wordCount\":824,\"commentCount\":0,\"image\":{\"@id\":\"https:\\\/\\\/www.manubens.es\\\/ca\\\/per-que-la-industria-cosmetica-confia-en-les-nostres-cintes-de-tela-per-al-seu-embalatge\\\/#primaryimage\"},\"thumbnailUrl\":\"https:\\\/\\\/www.manubens.es\\\/wp-content\\\/uploads\\\/2019\\\/10\\\/manubens0006-scaled.jpg\",\"inLanguage\":\"ca\",\"potentialAction\":[{\"@type\":\"CommentAction\",\"name\":\"Comment\",\"target\":[\"https:\\\/\\\/www.manubens.es\\\/ca\\\/per-que-la-industria-cosmetica-confia-en-les-nostres-cintes-de-tela-per-al-seu-embalatge\\\/#respond\"]}]},{\"@type\":\"WebPage\",\"@id\":\"https:\\\/\\\/www.manubens.es\\\/ca\\\/per-que-la-industria-cosmetica-confia-en-les-nostres-cintes-de-tela-per-al-seu-embalatge\\\/\",\"url\":\"https:\\\/\\\/www.manubens.es\\\/ca\\\/per-que-la-industria-cosmetica-confia-en-les-nostres-cintes-de-tela-per-al-seu-embalatge\\\/\",\"name\":\"Per qu\u00e8 la ind\u00fastria cosm\u00e8tica confia en les nostres cintes de tela per al seu embalatge - Manubens\",\"isPartOf\":{\"@id\":\"https:\\\/\\\/www.manubens.es\\\/ca\\\/#website\"},\"primaryImageOfPage\":{\"@id\":\"https:\\\/\\\/www.manubens.es\\\/ca\\\/per-que-la-industria-cosmetica-confia-en-les-nostres-cintes-de-tela-per-al-seu-embalatge\\\/#primaryimage\"},\"image\":{\"@id\":\"https:\\\/\\\/www.manubens.es\\\/ca\\\/per-que-la-industria-cosmetica-confia-en-les-nostres-cintes-de-tela-per-al-seu-embalatge\\\/#primaryimage\"},\"thumbnailUrl\":\"https:\\\/\\\/www.manubens.es\\\/wp-content\\\/uploads\\\/2019\\\/10\\\/manubens0006-scaled.jpg\",\"datePublished\":\"2024-04-19T15:40:08+00:00\",\"author\":{\"@id\":\"https:\\\/\\\/www.manubens.es\\\/ca\\\/#\\\/schema\\\/person\\\/cc83950a2556bd2dd10d3b8624863100\"},\"breadcrumb\":{\"@id\":\"https:\\\/\\\/www.manubens.es\\\/ca\\\/per-que-la-industria-cosmetica-confia-en-les-nostres-cintes-de-tela-per-al-seu-embalatge\\\/#breadcrumb\"},\"inLanguage\":\"ca\",\"potentialAction\":[{\"@type\":\"ReadAction\",\"target\":[\"https:\\\/\\\/www.manubens.es\\\/ca\\\/per-que-la-industria-cosmetica-confia-en-les-nostres-cintes-de-tela-per-al-seu-embalatge\\\/\"]}]},{\"@type\":\"ImageObject\",\"inLanguage\":\"ca\",\"@id\":\"https:\\\/\\\/www.manubens.es\\\/ca\\\/per-que-la-industria-cosmetica-confia-en-les-nostres-cintes-de-tela-per-al-seu-embalatge\\\/#primaryimage\",\"url\":\"https:\\\/\\\/www.manubens.es\\\/wp-content\\\/uploads\\\/2019\\\/10\\\/manubens0006-scaled.jpg\",\"contentUrl\":\"https:\\\/\\\/www.manubens.es\\\/wp-content\\\/uploads\\\/2019\\\/10\\\/manubens0006-scaled.jpg\",\"width\":2105,\"height\":3154,\"caption\":\"manubens0006\"},{\"@type\":\"BreadcrumbList\",\"@id\":\"https:\\\/\\\/www.manubens.es\\\/ca\\\/per-que-la-industria-cosmetica-confia-en-les-nostres-cintes-de-tela-per-al-seu-embalatge\\\/#breadcrumb\",\"itemListElement\":[{\"@type\":\"ListItem\",\"position\":1,\"name\":\"Portada\",\"item\":\"https:\\\/\\\/www.manubens.es\\\/ca\\\/\"},{\"@type\":\"ListItem\",\"position\":2,\"name\":\"Per qu\u00e8 la ind\u00fastria cosm\u00e8tica confia en les nostres cintes de tela per al seu embalatge\"}]},{\"@type\":\"WebSite\",\"@id\":\"https:\\\/\\\/www.manubens.es\\\/ca\\\/#website\",\"url\":\"https:\\\/\\\/www.manubens.es\\\/ca\\\/\",\"name\":\"Manubens\",\"description\":\"Manubens Cintas\",\"potentialAction\":[{\"@type\":\"SearchAction\",\"target\":{\"@type\":\"EntryPoint\",\"urlTemplate\":\"https:\\\/\\\/www.manubens.es\\\/ca\\\/?s={search_term_string}\"},\"query-input\":{\"@type\":\"PropertyValueSpecification\",\"valueRequired\":true,\"valueName\":\"search_term_string\"}}],\"inLanguage\":\"ca\"},{\"@type\":\"Person\",\"@id\":\"https:\\\/\\\/www.manubens.es\\\/ca\\\/#\\\/schema\\\/person\\\/cc83950a2556bd2dd10d3b8624863100\",\"name\":\"Manubens\",\"image\":{\"@type\":\"ImageObject\",\"inLanguage\":\"ca\",\"@id\":\"https:\\\/\\\/secure.gravatar.com\\\/avatar\\\/15725cf86f411a4448330e45448e709f65acd91917559f0ff679989b0394976e?s=96&d=mm&r=g\",\"url\":\"https:\\\/\\\/secure.gravatar.com\\\/avatar\\\/15725cf86f411a4448330e45448e709f65acd91917559f0ff679989b0394976e?s=96&d=mm&r=g\",\"contentUrl\":\"https:\\\/\\\/secure.gravatar.com\\\/avatar\\\/15725cf86f411a4448330e45448e709f65acd91917559f0ff679989b0394976e?s=96&d=mm&r=g\",\"caption\":\"Manubens\"}}]}<\/script>\n<!-- \/ Yoast SEO plugin. -->","yoast_head_json":{"title":"Per qu\u00e8 la ind\u00fastria cosm\u00e8tica confia en les nostres cintes de tela per al seu embalatge - Manubens","robots":{"index":"index","follow":"follow","max-snippet":"max-snippet:-1","max-image-preview":"max-image-preview:large","max-video-preview":"max-video-preview:-1"},"canonical":"https:\/\/www.manubens.es\/ca\/per-que-la-industria-cosmetica-confia-en-les-nostres-cintes-de-tela-per-al-seu-embalatge\/","og_locale":"ca_ES","og_type":"article","og_title":"Per qu\u00e8 la ind\u00fastria cosm\u00e8tica confia en les nostres cintes de tela per al seu embalatge - Manubens","og_url":"https:\/\/www.manubens.es\/ca\/per-que-la-industria-cosmetica-confia-en-les-nostres-cintes-de-tela-per-al-seu-embalatge\/","og_site_name":"Manubens","article_published_time":"2024-04-19T15:40:08+00:00","og_image":[{"width":2105,"height":3154,"url":"https:\/\/www.manubens.es\/wp-content\/uploads\/2019\/10\/manubens0006-scaled.jpg","type":"image\/jpeg"}],"author":"Manubens","twitter_card":"summary_large_image","twitter_misc":{"Escrit per":"Manubens","Temps estimat de lectura":"4 minuts"},"schema":{"@context":"https:\/\/schema.org","@graph":[{"@type":"Article","@id":"https:\/\/www.manubens.es\/ca\/per-que-la-industria-cosmetica-confia-en-les-nostres-cintes-de-tela-per-al-seu-embalatge\/#article","isPartOf":{"@id":"https:\/\/www.manubens.es\/ca\/per-que-la-industria-cosmetica-confia-en-les-nostres-cintes-de-tela-per-al-seu-embalatge\/"},"author":{"name":"Manubens","@id":"https:\/\/www.manubens.es\/ca\/#\/schema\/person\/cc83950a2556bd2dd10d3b8624863100"},"headline":"Per qu\u00e8 la ind\u00fastria cosm\u00e8tica confia en les nostres cintes de tela per al seu embalatge","datePublished":"2024-04-19T15:40:08+00:00","mainEntityOfPage":{"@id":"https:\/\/www.manubens.es\/ca\/per-que-la-industria-cosmetica-confia-en-les-nostres-cintes-de-tela-per-al-seu-embalatge\/"},"wordCount":824,"commentCount":0,"image":{"@id":"https:\/\/www.manubens.es\/ca\/per-que-la-industria-cosmetica-confia-en-les-nostres-cintes-de-tela-per-al-seu-embalatge\/#primaryimage"},"thumbnailUrl":"https:\/\/www.manubens.es\/wp-content\/uploads\/2019\/10\/manubens0006-scaled.jpg","inLanguage":"ca","potentialAction":[{"@type":"CommentAction","name":"Comment","target":["https:\/\/www.manubens.es\/ca\/per-que-la-industria-cosmetica-confia-en-les-nostres-cintes-de-tela-per-al-seu-embalatge\/#respond"]}]},{"@type":"WebPage","@id":"https:\/\/www.manubens.es\/ca\/per-que-la-industria-cosmetica-confia-en-les-nostres-cintes-de-tela-per-al-seu-embalatge\/","url":"https:\/\/www.manubens.es\/ca\/per-que-la-industria-cosmetica-confia-en-les-nostres-cintes-de-tela-per-al-seu-embalatge\/","name":"Per qu\u00e8 la ind\u00fastria cosm\u00e8tica confia en les nostres cintes de tela per al seu embalatge - Manubens","isPartOf":{"@id":"https:\/\/www.manubens.es\/ca\/#website"},"primaryImageOfPage":{"@id":"https:\/\/www.manubens.es\/ca\/per-que-la-industria-cosmetica-confia-en-les-nostres-cintes-de-tela-per-al-seu-embalatge\/#primaryimage"},"image":{"@id":"https:\/\/www.manubens.es\/ca\/per-que-la-industria-cosmetica-confia-en-les-nostres-cintes-de-tela-per-al-seu-embalatge\/#primaryimage"},"thumbnailUrl":"https:\/\/www.manubens.es\/wp-content\/uploads\/2019\/10\/manubens0006-scaled.jpg","datePublished":"2024-04-19T15:40:08+00:00","author":{"@id":"https:\/\/www.manubens.es\/ca\/#\/schema\/person\/cc83950a2556bd2dd10d3b8624863100"},"breadcrumb":{"@id":"https:\/\/www.manubens.es\/ca\/per-que-la-industria-cosmetica-confia-en-les-nostres-cintes-de-tela-per-al-seu-embalatge\/#breadcrumb"},"inLanguage":"ca","potentialAction":[{"@type":"ReadAction","target":["https:\/\/www.manubens.es\/ca\/per-que-la-industria-cosmetica-confia-en-les-nostres-cintes-de-tela-per-al-seu-embalatge\/"]}]},{"@type":"ImageObject","inLanguage":"ca","@id":"https:\/\/www.manubens.es\/ca\/per-que-la-industria-cosmetica-confia-en-les-nostres-cintes-de-tela-per-al-seu-embalatge\/#primaryimage","url":"https:\/\/www.manubens.es\/wp-content\/uploads\/2019\/10\/manubens0006-scaled.jpg","contentUrl":"https:\/\/www.manubens.es\/wp-content\/uploads\/2019\/10\/manubens0006-scaled.jpg","width":2105,"height":3154,"caption":"manubens0006"},{"@type":"BreadcrumbList","@id":"https:\/\/www.manubens.es\/ca\/per-que-la-industria-cosmetica-confia-en-les-nostres-cintes-de-tela-per-al-seu-embalatge\/#breadcrumb","itemListElement":[{"@type":"ListItem","position":1,"name":"Portada","item":"https:\/\/www.manubens.es\/ca\/"},{"@type":"ListItem","position":2,"name":"Per qu\u00e8 la ind\u00fastria cosm\u00e8tica confia en les nostres cintes de tela per al seu embalatge"}]},{"@type":"WebSite","@id":"https:\/\/www.manubens.es\/ca\/#website","url":"https:\/\/www.manubens.es\/ca\/","name":"Manubens","description":"Manubens Cintas","potentialAction":[{"@type":"SearchAction","target":{"@type":"EntryPoint","urlTemplate":"https:\/\/www.manubens.es\/ca\/?s={search_term_string}"},"query-input":{"@type":"PropertyValueSpecification","valueRequired":true,"valueName":"search_term_string"}}],"inLanguage":"ca"},{"@type":"Person","@id":"https:\/\/www.manubens.es\/ca\/#\/schema\/person\/cc83950a2556bd2dd10d3b8624863100","name":"Manubens","image":{"@type":"ImageObject","inLanguage":"ca","@id":"https:\/\/secure.gravatar.com\/avatar\/15725cf86f411a4448330e45448e709f65acd91917559f0ff679989b0394976e?s=96&d=mm&r=g","url":"https:\/\/secure.gravatar.com\/avatar\/15725cf86f411a4448330e45448e709f65acd91917559f0ff679989b0394976e?s=96&d=mm&r=g","contentUrl":"https:\/\/secure.gravatar.com\/avatar\/15725cf86f411a4448330e45448e709f65acd91917559f0ff679989b0394976e?s=96&d=mm&r=g","caption":"Manubens"}}]}},"_links":{"self":[{"href":"https:\/\/www.manubens.es\/ca\/wp-json\/wp\/v2\/posts\/14274","targetHints":{"allow":["GET"]}}],"collection":[{"href":"https:\/\/www.manubens.es\/ca\/wp-json\/wp\/v2\/posts"}],"about":[{"href":"https:\/\/www.manubens.es\/ca\/wp-json\/wp\/v2\/types\/post"}],"author":[{"embeddable":true,"href":"https:\/\/www.manubens.es\/ca\/wp-json\/wp\/v2\/users\/3"}],"replies":[{"embeddable":true,"href":"https:\/\/www.manubens.es\/ca\/wp-json\/wp\/v2\/comments?post=14274"}],"version-history":[{"count":0,"href":"https:\/\/www.manubens.es\/ca\/wp-json\/wp\/v2\/posts\/14274\/revisions"}],"wp:featuredmedia":[{"embeddable":true,"href":"https:\/\/www.manubens.es\/ca\/wp-json\/wp\/v2\/media\/3491"}],"wp:attachment":[{"href":"https:\/\/www.manubens.es\/ca\/wp-json\/wp\/v2\/media?parent=14274"}],"wp:term":[{"taxonomy":"category","embeddable":true,"href":"https:\/\/www.manubens.es\/ca\/wp-json\/wp\/v2\/categories?post=14274"},{"taxonomy":"post_tag","embeddable":true,"href":"https:\/\/www.manubens.es\/ca\/wp-json\/wp\/v2\/tags?post=14274"}],"curies":[{"name":"wp","href":"https:\/\/api.w.org\/{rel}","templated":true}]}}