{"id":14605,"date":"2024-05-06T11:18:17","date_gmt":"2024-05-06T09:18:17","guid":{"rendered":"https:\/\/www.manubens.es\/blog\/samarretes-personalitzables-amb-cintes-estil-mariner\/"},"modified":"2024-11-13T10:14:47","modified_gmt":"2024-11-13T09:14:47","slug":"samarretes-personalitzables-amb-cintes-estil-mariner","status":"publish","type":"post","link":"https:\/\/www.manubens.es\/ca\/samarretes-personalitzables-amb-cintes-estil-mariner\/","title":{"rendered":"Samarretes personalitzables amb cintes estil mariner"},"content":{"rendered":"<section class=\"l-section wpb_row height_large\"><div class=\"l-section-h i-cf\"><div class=\"g-cols vc_row via_grid cols_1 laptops-cols_inherit tablets-cols_inherit mobiles-cols_1 valign_top type_default stacking_default\"><div class=\"wpb_column vc_column_container\"><div class=\"vc_column-inner\"><div class=\"w-image align_center\"><div class=\"w-image-h\"><img decoding=\"async\" width=\"600\" height=\"600\" src=\"https:\/\/www.manubens.es\/wp-content\/uploads\/2021\/07\/image-49-600x600.png\" class=\"attachment-large size-large\" alt=\"DIY para regalar: camisetas estilo na\u00fatico para ni\u00f1os\" loading=\"lazy\" srcset=\"https:\/\/www.manubens.es\/wp-content\/uploads\/2021\/07\/image-49-600x600.png 600w, https:\/\/www.manubens.es\/wp-content\/uploads\/2021\/07\/image-49-300x300.png 300w, https:\/\/www.manubens.es\/wp-content\/uploads\/2021\/07\/image-49-150x150.png 150w, https:\/\/www.manubens.es\/wp-content\/uploads\/2021\/07\/image-49-350x350.png 350w, https:\/\/www.manubens.es\/wp-content\/uploads\/2021\/07\/image-49.png 925w\" sizes=\"auto, (max-width: 600px) 100vw, 600px\" \/><\/div><\/div><div class=\"w-separator size_medium\"><\/div><div class=\"wpb_text_column\"><div class=\"wpb_wrapper\"><h1><strong>DIY per a regalar: samarretes, estil n\u00e0utic per a nens<\/strong><\/h1>\n<p><span style=\"font-weight: 400;\">Els nens de la casa estaran encantats portant aquestes <strong>samarretes amb lla\u00e7os mariners<\/strong>, amb l&#8217;esquena oberta per a lluir el mor\u00e8.<\/span><\/p>\n<p>S\u00f3n<span style=\"font-weight: 400;\"> tan f\u00e0cils de personalitzar que costar\u00e0 treball decidir-se per un sol color.<\/span><\/p>\n<p><span style=\"font-weight: 400;\">Voleu aprendre com donar un aire mariner a una senzilla samarreta? Continua llegint.<\/span><\/p>\n<\/div><\/div><div class=\"w-separator size_medium\"><\/div><div class=\"wpb_text_column\"><div class=\"wpb_wrapper\"><h2><strong>Materials que necessitem per a les samarretes amb motius mariners<\/strong><\/h2>\n<\/div><\/div><div class=\"w-image align_center\"><div class=\"w-image-h\"><img decoding=\"async\" width=\"600\" height=\"600\" src=\"https:\/\/www.manubens.es\/wp-content\/uploads\/2021\/07\/21147_Manubens_Juny0275-600x600.jpg\" class=\"attachment-large size-large\" alt=\"DIY para regalar: camisetas estilo na\u00fatico para ni\u00f1os\" loading=\"lazy\" srcset=\"https:\/\/www.manubens.es\/wp-content\/uploads\/2021\/07\/21147_Manubens_Juny0275-600x600.jpg 600w, https:\/\/www.manubens.es\/wp-content\/uploads\/2021\/07\/21147_Manubens_Juny0275-300x300.jpg 300w, https:\/\/www.manubens.es\/wp-content\/uploads\/2021\/07\/21147_Manubens_Juny0275-150x150.jpg 150w, https:\/\/www.manubens.es\/wp-content\/uploads\/2021\/07\/21147_Manubens_Juny0275-1536x1536.jpg 1536w, https:\/\/www.manubens.es\/wp-content\/uploads\/2021\/07\/21147_Manubens_Juny0275-2048x2048.jpg 2048w, https:\/\/www.manubens.es\/wp-content\/uploads\/2021\/07\/21147_Manubens_Juny0275-350x350.jpg 350w\" sizes=\"auto, (max-width: 600px) 100vw, 600px\" \/><\/div><\/div><div class=\"w-separator size_medium\"><\/div><div class=\"wpb_text_column\"><div class=\"wpb_wrapper\"><ul>\n<li><span style=\"font-weight: 400;\">Cinta marinera Manubens P. 4601 en ample 25 mm i 48 mm i color 222.<\/span><\/li>\n<li>Samarreta en color llis que vulguem customitzar o personalitzar.<\/li>\n<li>Tisores, agulles, fil i m\u00e0quina de cosir.<\/li>\n<\/ul>\n<\/div><\/div><div class=\"w-separator size_medium\"><\/div><div class=\"w-image align_center\"><div class=\"w-image-h\"><img decoding=\"async\" width=\"1\" height=\"1\" src=\"https:\/\/www.manubens.es\/wp-content\/uploads\/2024\/10\/foto-x-12.jpg\" class=\"attachment-large size-large\" alt=\"\" loading=\"lazy\" \/><\/div><\/div><div class=\"w-separator size_medium\"><\/div><div class=\"wpb_text_column\"><div class=\"wpb_wrapper\"><h3><strong>Com personalitzar la samarreta marinera pas a pas<\/strong><\/h3>\n<\/div><\/div><div class=\"w-image align_center\"><div class=\"w-image-h\"><img decoding=\"async\" width=\"600\" height=\"600\" src=\"https:\/\/www.manubens.es\/wp-content\/uploads\/2021\/07\/21147_Manubens_Juny0276-600x600.jpg\" class=\"attachment-large size-large\" alt=\"Creaci\u00f3n de la camiseta estilo marinero para ni\u00f1os. Paso 1\" loading=\"lazy\" srcset=\"https:\/\/www.manubens.es\/wp-content\/uploads\/2021\/07\/21147_Manubens_Juny0276-600x600.jpg 600w, https:\/\/www.manubens.es\/wp-content\/uploads\/2021\/07\/21147_Manubens_Juny0276-300x300.jpg 300w, https:\/\/www.manubens.es\/wp-content\/uploads\/2021\/07\/21147_Manubens_Juny0276-150x150.jpg 150w, https:\/\/www.manubens.es\/wp-content\/uploads\/2021\/07\/21147_Manubens_Juny0276-1536x1536.jpg 1536w, https:\/\/www.manubens.es\/wp-content\/uploads\/2021\/07\/21147_Manubens_Juny0276-2048x2048.jpg 2048w, https:\/\/www.manubens.es\/wp-content\/uploads\/2021\/07\/21147_Manubens_Juny0276-350x350.jpg 350w\" sizes=\"auto, (max-width: 600px) 100vw, 600px\" \/><\/div><\/div><div class=\"w-separator size_medium\"><\/div><div class=\"wpb_text_column\"><div class=\"wpb_wrapper\"><p><span style=\"font-weight: 400;\">Dobleguem la samarreta per la meitat i la tallem pel centre de l&#8217;esquena.<\/span><\/p>\n<\/div><\/div><div class=\"w-image align_center\"><div class=\"w-image-h\"><img decoding=\"async\" width=\"600\" height=\"600\" src=\"https:\/\/www.manubens.es\/wp-content\/uploads\/2021\/07\/21147_Manubens_Juny0277-600x600.jpg\" class=\"attachment-large size-large\" alt=\"\" loading=\"lazy\" srcset=\"https:\/\/www.manubens.es\/wp-content\/uploads\/2021\/07\/21147_Manubens_Juny0277-600x600.jpg 600w, https:\/\/www.manubens.es\/wp-content\/uploads\/2021\/07\/21147_Manubens_Juny0277-300x300.jpg 300w, https:\/\/www.manubens.es\/wp-content\/uploads\/2021\/07\/21147_Manubens_Juny0277-150x150.jpg 150w, https:\/\/www.manubens.es\/wp-content\/uploads\/2021\/07\/21147_Manubens_Juny0277-1536x1536.jpg 1536w, https:\/\/www.manubens.es\/wp-content\/uploads\/2021\/07\/21147_Manubens_Juny0277-2048x2048.jpg 2048w, https:\/\/www.manubens.es\/wp-content\/uploads\/2021\/07\/21147_Manubens_Juny0277-350x350.jpg 350w\" sizes=\"auto, (max-width: 600px) 100vw, 600px\" \/><\/div><\/div><div class=\"w-separator size_medium\"><\/div><div class=\"wpb_text_column\"><div class=\"wpb_wrapper\"><p><span style=\"font-weight: 400;\">Tallem dues tires de la cinta de 48 mm del llarg de la samarreta. Aquesta cinta ens servir\u00e0 per a polir la costura interior.<\/span><\/p>\n<\/div><\/div><div class=\"w-image align_center\"><div class=\"w-image-h\"><img decoding=\"async\" width=\"600\" height=\"600\" src=\"https:\/\/www.manubens.es\/wp-content\/uploads\/2021\/07\/21147_Manubens_Juny0278-600x600.jpg\" class=\"attachment-large size-large\" alt=\"Creaci\u00f3n de la camiseta estilo marinero para ni\u00f1os. Paso 2\" loading=\"lazy\" srcset=\"https:\/\/www.manubens.es\/wp-content\/uploads\/2021\/07\/21147_Manubens_Juny0278-600x600.jpg 600w, https:\/\/www.manubens.es\/wp-content\/uploads\/2021\/07\/21147_Manubens_Juny0278-300x300.jpg 300w, https:\/\/www.manubens.es\/wp-content\/uploads\/2021\/07\/21147_Manubens_Juny0278-150x150.jpg 150w, https:\/\/www.manubens.es\/wp-content\/uploads\/2021\/07\/21147_Manubens_Juny0278-1536x1536.jpg 1536w, https:\/\/www.manubens.es\/wp-content\/uploads\/2021\/07\/21147_Manubens_Juny0278-2048x2048.jpg 2048w, https:\/\/www.manubens.es\/wp-content\/uploads\/2021\/07\/21147_Manubens_Juny0278-350x350.jpg 350w\" sizes=\"auto, (max-width: 600px) 100vw, 600px\" \/><\/div><\/div><div class=\"w-separator size_medium\"><\/div><div class=\"wpb_text_column\"><div class=\"wpb_wrapper\"><p><span style=\"font-weight: 400;\">Tallem 4 tires de la cinta de 25 mm d&#8217;un llarg de 80 cm aproximadament per als lla\u00e7os.<\/span><\/p>\n<\/div><\/div><div class=\"w-image align_center\"><div class=\"w-image-h\"><img decoding=\"async\" width=\"600\" height=\"600\" src=\"https:\/\/www.manubens.es\/wp-content\/uploads\/2021\/07\/21147_Manubens_Juny0279-600x600.jpg\" class=\"attachment-large size-large\" alt=\"Creaci\u00f3n de la camiseta estilo marinero para ni\u00f1os. Paso 3\" loading=\"lazy\" srcset=\"https:\/\/www.manubens.es\/wp-content\/uploads\/2021\/07\/21147_Manubens_Juny0279-600x600.jpg 600w, https:\/\/www.manubens.es\/wp-content\/uploads\/2021\/07\/21147_Manubens_Juny0279-300x300.jpg 300w, https:\/\/www.manubens.es\/wp-content\/uploads\/2021\/07\/21147_Manubens_Juny0279-150x150.jpg 150w, https:\/\/www.manubens.es\/wp-content\/uploads\/2021\/07\/21147_Manubens_Juny0279-1536x1536.jpg 1536w, https:\/\/www.manubens.es\/wp-content\/uploads\/2021\/07\/21147_Manubens_Juny0279-2048x2048.jpg 2048w, https:\/\/www.manubens.es\/wp-content\/uploads\/2021\/07\/21147_Manubens_Juny0279-350x350.jpg 350w\" sizes=\"auto, (max-width: 600px) 100vw, 600px\" \/><\/div><\/div><div class=\"w-separator size_medium\"><\/div><div class=\"wpb_text_column\"><div class=\"wpb_wrapper\"><p><span style=\"font-weight: 400;\">Col\u00b7loquem les cintes a l&#8217;altura que m\u00e9s ens agradi i cosim.<\/span><\/p>\n<\/div><\/div><div class=\"w-image align_center\"><div class=\"w-image-h\"><img decoding=\"async\" width=\"600\" height=\"600\" src=\"https:\/\/www.manubens.es\/wp-content\/uploads\/2021\/07\/21147_Manubens_Juny0280-600x600.jpg\" class=\"attachment-large size-large\" alt=\"Creaci\u00f3n de la camiseta estilo marinero para ni\u00f1os. Paso 4\" loading=\"lazy\" srcset=\"https:\/\/www.manubens.es\/wp-content\/uploads\/2021\/07\/21147_Manubens_Juny0280-600x600.jpg 600w, https:\/\/www.manubens.es\/wp-content\/uploads\/2021\/07\/21147_Manubens_Juny0280-300x300.jpg 300w, https:\/\/www.manubens.es\/wp-content\/uploads\/2021\/07\/21147_Manubens_Juny0280-150x150.jpg 150w, https:\/\/www.manubens.es\/wp-content\/uploads\/2021\/07\/21147_Manubens_Juny0280-1536x1536.jpg 1536w, https:\/\/www.manubens.es\/wp-content\/uploads\/2021\/07\/21147_Manubens_Juny0280-2048x2048.jpg 2048w, https:\/\/www.manubens.es\/wp-content\/uploads\/2021\/07\/21147_Manubens_Juny0280-350x350.jpg 350w\" sizes=\"auto, (max-width: 600px) 100vw, 600px\" \/><\/div><\/div><div class=\"w-separator size_medium\"><\/div><div class=\"wpb_text_column\"><div class=\"wpb_wrapper\"><p><span style=\"font-weight: 400;\">Col\u00b7loquem la cinta de 48 mm que hem tallat pr\u00e8viament en la vora de la costura i <strong>passem repunt a m\u00e0quina<\/strong> per l&#8217;extrem interior.<\/span><\/p>\n<\/div><\/div><div class=\"w-image align_center\"><div class=\"w-image-h\"><img decoding=\"async\" width=\"600\" height=\"600\" src=\"https:\/\/www.manubens.es\/wp-content\/uploads\/2021\/07\/21147_Manubens_Juny0281-600x600.jpg\" class=\"attachment-large size-large\" alt=\"Creaci\u00f3n de la camiseta estilo marinero para ni\u00f1os. Paso 4\" loading=\"lazy\" srcset=\"https:\/\/www.manubens.es\/wp-content\/uploads\/2021\/07\/21147_Manubens_Juny0281-600x600.jpg 600w, https:\/\/www.manubens.es\/wp-content\/uploads\/2021\/07\/21147_Manubens_Juny0281-300x300.jpg 300w, https:\/\/www.manubens.es\/wp-content\/uploads\/2021\/07\/21147_Manubens_Juny0281-150x150.jpg 150w, https:\/\/www.manubens.es\/wp-content\/uploads\/2021\/07\/21147_Manubens_Juny0281-1536x1536.jpg 1536w, https:\/\/www.manubens.es\/wp-content\/uploads\/2021\/07\/21147_Manubens_Juny0281-2048x2048.jpg 2048w, https:\/\/www.manubens.es\/wp-content\/uploads\/2021\/07\/21147_Manubens_Juny0281-350x350.jpg 350w\" sizes=\"auto, (max-width: 600px) 100vw, 600px\" \/><\/div><\/div><div class=\"w-separator size_medium\"><\/div><div class=\"w-image align_center\"><div class=\"w-image-h\"><img decoding=\"async\" width=\"600\" height=\"600\" src=\"https:\/\/www.manubens.es\/wp-content\/uploads\/2021\/07\/21147_Manubens_Juny0282-600x600.jpg\" class=\"attachment-large size-large\" alt=\"Creaci\u00f3n de la camiseta estilo marinero para ni\u00f1os. Paso 5\" loading=\"lazy\" srcset=\"https:\/\/www.manubens.es\/wp-content\/uploads\/2021\/07\/21147_Manubens_Juny0282-600x600.jpg 600w, https:\/\/www.manubens.es\/wp-content\/uploads\/2021\/07\/21147_Manubens_Juny0282-300x300.jpg 300w, https:\/\/www.manubens.es\/wp-content\/uploads\/2021\/07\/21147_Manubens_Juny0282-150x150.jpg 150w, https:\/\/www.manubens.es\/wp-content\/uploads\/2021\/07\/21147_Manubens_Juny0282-1536x1536.jpg 1536w, https:\/\/www.manubens.es\/wp-content\/uploads\/2021\/07\/21147_Manubens_Juny0282-2048x2048.jpg 2048w, https:\/\/www.manubens.es\/wp-content\/uploads\/2021\/07\/21147_Manubens_Juny0282-350x350.jpg 350w\" sizes=\"auto, (max-width: 600px) 100vw, 600px\" \/><\/div><\/div><div class=\"w-separator size_medium\"><\/div><div class=\"wpb_text_column\"><div class=\"wpb_wrapper\"><p><span style=\"font-weight: 400;\">Girem cap a dins la vora de la samarreta i els extrems de la cinta i cosim voltant. Repetim el proc\u00e9s en l&#8217;altra meitat.<\/span><\/p>\n<\/div><\/div><div class=\"w-image align_center\"><div class=\"w-image-h\"><img decoding=\"async\" width=\"600\" height=\"600\" src=\"https:\/\/www.manubens.es\/wp-content\/uploads\/2021\/07\/21147_Manubens_Juny0284-600x600.jpg\" class=\"attachment-large size-large\" alt=\"Creaci\u00f3n de la camiseta estilo marinero para ni\u00f1os. Paso 6\" loading=\"lazy\" srcset=\"https:\/\/www.manubens.es\/wp-content\/uploads\/2021\/07\/21147_Manubens_Juny0284-600x600.jpg 600w, https:\/\/www.manubens.es\/wp-content\/uploads\/2021\/07\/21147_Manubens_Juny0284-300x300.jpg 300w, https:\/\/www.manubens.es\/wp-content\/uploads\/2021\/07\/21147_Manubens_Juny0284-150x150.jpg 150w, https:\/\/www.manubens.es\/wp-content\/uploads\/2021\/07\/21147_Manubens_Juny0284-1536x1536.jpg 1536w, https:\/\/www.manubens.es\/wp-content\/uploads\/2021\/07\/21147_Manubens_Juny0284-2048x2048.jpg 2048w, https:\/\/www.manubens.es\/wp-content\/uploads\/2021\/07\/21147_Manubens_Juny0284-350x350.jpg 350w\" sizes=\"auto, (max-width: 600px) 100vw, 600px\" \/><\/div><\/div><div class=\"w-separator size_medium\"><\/div><div class=\"wpb_text_column\"><div class=\"wpb_wrapper\"><p><span style=\"font-weight: 400;\">Fem <strong>els lla\u00e7os<\/strong> i llest!<\/span><\/p>\n<\/div><\/div><div class=\"w-image align_center\"><div class=\"w-image-h\"><img decoding=\"async\" width=\"600\" height=\"600\" src=\"https:\/\/www.manubens.es\/wp-content\/uploads\/2021\/07\/camiseta-600x600.jpg\" class=\"attachment-large size-large\" alt=\"Creaci\u00f3n de la camiseta estilo marinero para ni\u00f1os. Resultado por detr\u00e1s\" loading=\"lazy\" srcset=\"https:\/\/www.manubens.es\/wp-content\/uploads\/2021\/07\/camiseta.jpg 600w, https:\/\/www.manubens.es\/wp-content\/uploads\/2021\/07\/camiseta-300x300.jpg 300w, https:\/\/www.manubens.es\/wp-content\/uploads\/2021\/07\/camiseta-150x150.jpg 150w, https:\/\/www.manubens.es\/wp-content\/uploads\/2021\/07\/camiseta-350x350.jpg 350w\" sizes=\"auto, (max-width: 600px) 100vw, 600px\" \/><\/div><\/div><div class=\"w-separator size_medium\"><\/div><div class=\"wpb_text_column\"><div class=\"wpb_wrapper\"><p><span style=\"font-weight: 400;\">I ja tenim la nostra samarreta de m\u00e0niga curta estil mariner per a lluir en la temporada primavera\/estiu.<\/span><\/p>\n<p><span style=\"font-weight: 400;\">D&#8217;una manera f\u00e0cil i econ\u00f2mica hem convertit una senzilla samarreta en una pe\u00e7a amb un aire especial.<\/span><\/p>\n<p><span style=\"font-weight: 400;\">Si t&#8217;interessa la personalitzaci\u00f3 de peces, dona un cop d&#8217;ull a aquest article on <a href=\"https:\/\/www.manubens.es\/ca\/blog\/dessuadora-personalitzada-amb-cintes-de-vellut\/\"><span style=\"color: #277cea;\">ensenyem a personalitzar una dessuadora<\/span><\/a> amb les nostres cintes.<\/span><\/p>\n<p><span style=\"font-weight: 400;\">T&#8217;animes a crear la samarreta? Comparteix els resultats usant l&#8217;etiqueta #Manubens en els teus perfils socials.<\/span><\/p>\n<blockquote class=\"instagram-media\" style=\"background: #FFF; border: 0; border-radius: 3px; box-shadow: 0 0 1px 0 rgba(0,0,0,0.5),0 1px 10px 0 rgba(0,0,0,0.15); margin: 1px; max-width: 540px; min-width: 326px; padding: 0; width: calc(100% - 2px);\" data-instgrm-captioned=\"\" data-instgrm-permalink=\"https:\/\/www.instagram.com\/p\/CR0_uCVlQZq\/?utm_source=ig_embed&amp;utm_campaign=loading\" data-instgrm-version=\"14\">\n<div style=\"padding: 16px;\">\n<p>&nbsp;<\/p>\n<div style=\"display: flex; flex-direction: row; align-items: center;\">\n<div style=\"background-color: #f4f4f4; border-radius: 50%; flex-grow: 0; height: 40px; margin-right: 14px; width: 40px;\"><\/div>\n<div style=\"display: flex; flex-direction: column; flex-grow: 1; justify-content: center;\">\n<div style=\"background-color: #f4f4f4; border-radius: 4px; flex-grow: 0; height: 14px; margin-bottom: 6px; width: 100px;\"><\/div>\n<div style=\"background-color: #f4f4f4; border-radius: 4px; flex-grow: 0; height: 14px; width: 60px;\"><\/div>\n<\/div>\n<\/div>\n<div style=\"padding: 19% 0;\"><\/div>\n<div style=\"display: block; height: 50px; margin: 0 auto 12px; width: 50px;\"><\/div>\n<div style=\"padding-top: 8px;\">\n<div style=\"color: #3897f0; font-family: Arial,sans-serif; font-size: 14px; font-style: normal; font-weight: 550; line-height: 18px;\">Ver esta publicaci\u00f3n en Instagram<\/div>\n<\/div>\n<div style=\"padding: 12.5% 0;\"><\/div>\n<div style=\"display: flex; flex-direction: row; margin-bottom: 14px; align-items: center;\">\n<div>\n<div style=\"background-color: #f4f4f4; border-radius: 50%; height: 12.5px; width: 12.5px; transform: translateX(0px) translateY(7px);\"><\/div>\n<div style=\"background-color: #f4f4f4; height: 12.5px; transform: rotate(-45deg) translateX(3px) translateY(1px); width: 12.5px; flex-grow: 0; margin-right: 14px; margin-left: 2px;\"><\/div>\n<div style=\"background-color: #f4f4f4; border-radius: 50%; height: 12.5px; width: 12.5px; transform: translateX(9px) translateY(-18px);\"><\/div>\n<\/div>\n<div style=\"margin-left: 8px;\">\n<div style=\"background-color: #f4f4f4; border-radius: 50%; flex-grow: 0; height: 20px; width: 20px;\"><\/div>\n<div style=\"width: 0; height: 0; border-top: 2px solid transparent; border-left: 6px solid #f4f4f4; border-bottom: 2px solid transparent; transform: translateX(16px) translateY(-4px) rotate(30deg);\"><\/div>\n<\/div>\n<div style=\"margin-left: auto;\">\n<div style=\"width: 0px; border-top: 8px solid #F4F4F4; border-right: 8px solid transparent; transform: translateY(16px);\"><\/div>\n<div style=\"background-color: #f4f4f4; flex-grow: 0; height: 12px; width: 16px; transform: translateY(-4px);\"><\/div>\n<div style=\"width: 0; height: 0; border-top: 8px solid #F4F4F4; border-left: 8px solid transparent; transform: translateY(-4px) translateX(8px);\"><\/div>\n<\/div>\n<\/div>\n<div style=\"display: flex; flex-direction: column; flex-grow: 1; justify-content: center; margin-bottom: 24px;\">\n<div style=\"background-color: #f4f4f4; border-radius: 4px; flex-grow: 0; height: 14px; margin-bottom: 6px; width: 224px;\"><\/div>\n<div style=\"background-color: #f4f4f4; border-radius: 4px; flex-grow: 0; height: 14px; width: 144px;\"><\/div>\n<\/div>\n<p>&nbsp;<\/p>\n<p style=\"color: #c9c8cd; font-family: Arial,sans-serif; font-size: 14px; line-height: 17px; margin-bottom: 0; margin-top: 8px; overflow: hidden; padding: 8px 0 7px; text-align: center; text-overflow: ellipsis; white-space: nowrap;\"><a style=\"color: #c9c8cd; font-family: Arial,sans-serif; font-size: 14px; font-style: normal; font-weight: normal; line-height: 17px; text-decoration: none;\" href=\"https:\/\/www.instagram.com\/p\/CR0_uCVlQZq\/?utm_source=ig_embed&amp;utm_campaign=loading\" target=\"_blank\" rel=\"noopener\">Una publicaci\u00f3n compartida de Manubens (@manubens.cintas)<\/a><\/p>\n<\/div>\n<\/blockquote>\n<p><script async src=\"\/\/www.instagram.com\/embed.js\"><\/script><\/p>\n<\/div><\/div><\/div><\/div><\/div><\/div><\/section><section class=\"l-section wpb_row height_large\"><div class=\"l-section-h i-cf\"><div class=\"g-cols vc_row via_grid cols_1 laptops-cols_inherit tablets-cols_inherit mobiles-cols_1 valign_top type_default stacking_default\"><div class=\"wpb_column vc_column_container\"><div class=\"vc_column-inner\"><div class=\"w-image align_center\"><div class=\"w-image-h\"><img decoding=\"async\" width=\"1\" height=\"1\" src=\"https:\/\/www.manubens.es\/wp-content\/uploads\/2024\/10\/foto-x-6.jpg\" class=\"attachment-large size-large\" alt=\"\" loading=\"lazy\" \/><\/div><\/div><\/div><\/div><div class=\"wpb_column vc_column_container\"><div class=\"vc_column-inner\"><\/div><\/div><\/div><\/div><\/section><section class=\"l-section wpb_row height_large\"><div class=\"l-section-h i-cf\"><div class=\"g-cols vc_row via_grid cols_1 laptops-cols_inherit tablets-cols_inherit mobiles-cols_1 valign_top type_default stacking_default\"><div class=\"wpb_column vc_column_container\"><div class=\"vc_column-inner\"><\/div><\/div><\/div><\/div><\/section>\n","protected":false},"excerpt":{"rendered":"DIY per a regalar: samarretes, estil n\u00e0utic per a nens Els nens de la casa estaran encantats portant aquestes samarretes amb lla\u00e7os mariners, amb l&#8217;esquena oberta per a lluir el mor\u00e8. S\u00f3n tan f\u00e0cils de personalitzar que costar\u00e0 treball decidir-se per un sol color. Voleu aprendre com donar un aire mariner a una senzilla samarreta?...","protected":false},"author":3,"featured_media":5217,"comment_status":"open","ping_status":"open","sticky":false,"template":"","format":"standard","meta":{"footnotes":""},"categories":[62],"tags":[],"class_list":["post-14605","post","type-post","status-publish","format-standard","has-post-thumbnail","hentry","category-ideas-manubens-ca"],"yoast_head":"<!-- This site is optimized with the Yoast SEO plugin v27.5 - https:\/\/yoast.com\/product\/yoast-seo-wordpress\/ -->\n<title>Samarretes personalitzables amb cintes estil mariner - Manubens<\/title>\n<meta name=\"description\" content=\"Tutorial pas a pas per a fer samarretes amb cintes estil mariner. DIY senzill per a fer a casa. Personalitza la samarreta per a estiu.\" \/>\n<meta name=\"robots\" content=\"index, follow, max-snippet:-1, max-image-preview:large, max-video-preview:-1\" \/>\n<link rel=\"canonical\" href=\"https:\/\/www.manubens.es\/ca\/samarretes-personalitzables-amb-cintes-estil-mariner\/\" \/>\n<meta property=\"og:locale\" content=\"ca_ES\" \/>\n<meta property=\"og:type\" content=\"article\" \/>\n<meta property=\"og:title\" content=\"Samarretes personalitzables amb cintes estil mariner - Manubens\" \/>\n<meta property=\"og:description\" content=\"Tutorial pas a pas per a fer samarretes amb cintes estil mariner. DIY senzill per a fer a casa. Personalitza la samarreta per a estiu.\" \/>\n<meta property=\"og:url\" content=\"https:\/\/www.manubens.es\/ca\/samarretes-personalitzables-amb-cintes-estil-mariner\/\" \/>\n<meta property=\"og:site_name\" content=\"Manubens\" \/>\n<meta property=\"article:published_time\" content=\"2024-05-06T09:18:17+00:00\" \/>\n<meta property=\"article:modified_time\" content=\"2024-11-13T09:14:47+00:00\" \/>\n<meta property=\"og:image\" content=\"https:\/\/www.manubens.es\/wp-content\/uploads\/2021\/07\/samarreta-blog-1.jpg\" \/>\n\t<meta property=\"og:image:width\" content=\"1090\" \/>\n\t<meta property=\"og:image:height\" content=\"550\" \/>\n\t<meta property=\"og:image:type\" content=\"image\/jpeg\" \/>\n<meta name=\"author\" content=\"Manubens\" \/>\n<meta name=\"twitter:card\" content=\"summary_large_image\" \/>\n<meta name=\"twitter:label1\" content=\"Escrit per\" \/>\n\t<meta name=\"twitter:data1\" content=\"Manubens\" \/>\n\t<meta name=\"twitter:label2\" content=\"Temps estimat de lectura\" \/>\n\t<meta name=\"twitter:data2\" content=\"3 minuts\" \/>\n<script type=\"application\/ld+json\" class=\"yoast-schema-graph\">{\"@context\":\"https:\\\/\\\/schema.org\",\"@graph\":[{\"@type\":\"Article\",\"@id\":\"https:\\\/\\\/www.manubens.es\\\/ca\\\/samarretes-personalitzables-amb-cintes-estil-mariner\\\/#article\",\"isPartOf\":{\"@id\":\"https:\\\/\\\/www.manubens.es\\\/ca\\\/samarretes-personalitzables-amb-cintes-estil-mariner\\\/\"},\"author\":{\"name\":\"Manubens\",\"@id\":\"https:\\\/\\\/www.manubens.es\\\/ca\\\/#\\\/schema\\\/person\\\/cc83950a2556bd2dd10d3b8624863100\"},\"headline\":\"Samarretes personalitzables amb cintes estil mariner\",\"datePublished\":\"2024-05-06T09:18:17+00:00\",\"dateModified\":\"2024-11-13T09:14:47+00:00\",\"mainEntityOfPage\":{\"@id\":\"https:\\\/\\\/www.manubens.es\\\/ca\\\/samarretes-personalitzables-amb-cintes-estil-mariner\\\/\"},\"wordCount\":607,\"commentCount\":0,\"image\":{\"@id\":\"https:\\\/\\\/www.manubens.es\\\/ca\\\/samarretes-personalitzables-amb-cintes-estil-mariner\\\/#primaryimage\"},\"thumbnailUrl\":\"https:\\\/\\\/www.manubens.es\\\/wp-content\\\/uploads\\\/2021\\\/07\\\/samarreta-blog-1.jpg\",\"articleSection\":[\"Ideas Manubens\"],\"inLanguage\":\"ca\",\"potentialAction\":[{\"@type\":\"CommentAction\",\"name\":\"Comment\",\"target\":[\"https:\\\/\\\/www.manubens.es\\\/ca\\\/samarretes-personalitzables-amb-cintes-estil-mariner\\\/#respond\"]}]},{\"@type\":\"WebPage\",\"@id\":\"https:\\\/\\\/www.manubens.es\\\/ca\\\/samarretes-personalitzables-amb-cintes-estil-mariner\\\/\",\"url\":\"https:\\\/\\\/www.manubens.es\\\/ca\\\/samarretes-personalitzables-amb-cintes-estil-mariner\\\/\",\"name\":\"Samarretes personalitzables amb cintes estil mariner - Manubens\",\"isPartOf\":{\"@id\":\"https:\\\/\\\/www.manubens.es\\\/ca\\\/#website\"},\"primaryImageOfPage\":{\"@id\":\"https:\\\/\\\/www.manubens.es\\\/ca\\\/samarretes-personalitzables-amb-cintes-estil-mariner\\\/#primaryimage\"},\"image\":{\"@id\":\"https:\\\/\\\/www.manubens.es\\\/ca\\\/samarretes-personalitzables-amb-cintes-estil-mariner\\\/#primaryimage\"},\"thumbnailUrl\":\"https:\\\/\\\/www.manubens.es\\\/wp-content\\\/uploads\\\/2021\\\/07\\\/samarreta-blog-1.jpg\",\"datePublished\":\"2024-05-06T09:18:17+00:00\",\"dateModified\":\"2024-11-13T09:14:47+00:00\",\"author\":{\"@id\":\"https:\\\/\\\/www.manubens.es\\\/ca\\\/#\\\/schema\\\/person\\\/cc83950a2556bd2dd10d3b8624863100\"},\"description\":\"Tutorial pas a pas per a fer samarretes amb cintes estil mariner. DIY senzill per a fer a casa. Personalitza la samarreta per a estiu.\",\"breadcrumb\":{\"@id\":\"https:\\\/\\\/www.manubens.es\\\/ca\\\/samarretes-personalitzables-amb-cintes-estil-mariner\\\/#breadcrumb\"},\"inLanguage\":\"ca\",\"potentialAction\":[{\"@type\":\"ReadAction\",\"target\":[\"https:\\\/\\\/www.manubens.es\\\/ca\\\/samarretes-personalitzables-amb-cintes-estil-mariner\\\/\"]}]},{\"@type\":\"ImageObject\",\"inLanguage\":\"ca\",\"@id\":\"https:\\\/\\\/www.manubens.es\\\/ca\\\/samarretes-personalitzables-amb-cintes-estil-mariner\\\/#primaryimage\",\"url\":\"https:\\\/\\\/www.manubens.es\\\/wp-content\\\/uploads\\\/2021\\\/07\\\/samarreta-blog-1.jpg\",\"contentUrl\":\"https:\\\/\\\/www.manubens.es\\\/wp-content\\\/uploads\\\/2021\\\/07\\\/samarreta-blog-1.jpg\",\"width\":1090,\"height\":550,\"caption\":\"DIY per a regalar: samarretes estil mariner per a nens\"},{\"@type\":\"BreadcrumbList\",\"@id\":\"https:\\\/\\\/www.manubens.es\\\/ca\\\/samarretes-personalitzables-amb-cintes-estil-mariner\\\/#breadcrumb\",\"itemListElement\":[{\"@type\":\"ListItem\",\"position\":1,\"name\":\"Portada\",\"item\":\"https:\\\/\\\/www.manubens.es\\\/ca\\\/\"},{\"@type\":\"ListItem\",\"position\":2,\"name\":\"Samarretes personalitzables amb cintes estil mariner\"}]},{\"@type\":\"WebSite\",\"@id\":\"https:\\\/\\\/www.manubens.es\\\/ca\\\/#website\",\"url\":\"https:\\\/\\\/www.manubens.es\\\/ca\\\/\",\"name\":\"Manubens\",\"description\":\"Manubens Cintas\",\"potentialAction\":[{\"@type\":\"SearchAction\",\"target\":{\"@type\":\"EntryPoint\",\"urlTemplate\":\"https:\\\/\\\/www.manubens.es\\\/ca\\\/?s={search_term_string}\"},\"query-input\":{\"@type\":\"PropertyValueSpecification\",\"valueRequired\":true,\"valueName\":\"search_term_string\"}}],\"inLanguage\":\"ca\"},{\"@type\":\"Person\",\"@id\":\"https:\\\/\\\/www.manubens.es\\\/ca\\\/#\\\/schema\\\/person\\\/cc83950a2556bd2dd10d3b8624863100\",\"name\":\"Manubens\",\"image\":{\"@type\":\"ImageObject\",\"inLanguage\":\"ca\",\"@id\":\"https:\\\/\\\/secure.gravatar.com\\\/avatar\\\/15725cf86f411a4448330e45448e709f65acd91917559f0ff679989b0394976e?s=96&d=mm&r=g\",\"url\":\"https:\\\/\\\/secure.gravatar.com\\\/avatar\\\/15725cf86f411a4448330e45448e709f65acd91917559f0ff679989b0394976e?s=96&d=mm&r=g\",\"contentUrl\":\"https:\\\/\\\/secure.gravatar.com\\\/avatar\\\/15725cf86f411a4448330e45448e709f65acd91917559f0ff679989b0394976e?s=96&d=mm&r=g\",\"caption\":\"Manubens\"}}]}<\/script>\n<!-- \/ Yoast SEO plugin. -->","yoast_head_json":{"title":"Samarretes personalitzables amb cintes estil mariner - Manubens","description":"Tutorial pas a pas per a fer samarretes amb cintes estil mariner. DIY senzill per a fer a casa. Personalitza la samarreta per a estiu.","robots":{"index":"index","follow":"follow","max-snippet":"max-snippet:-1","max-image-preview":"max-image-preview:large","max-video-preview":"max-video-preview:-1"},"canonical":"https:\/\/www.manubens.es\/ca\/samarretes-personalitzables-amb-cintes-estil-mariner\/","og_locale":"ca_ES","og_type":"article","og_title":"Samarretes personalitzables amb cintes estil mariner - Manubens","og_description":"Tutorial pas a pas per a fer samarretes amb cintes estil mariner. DIY senzill per a fer a casa. Personalitza la samarreta per a estiu.","og_url":"https:\/\/www.manubens.es\/ca\/samarretes-personalitzables-amb-cintes-estil-mariner\/","og_site_name":"Manubens","article_published_time":"2024-05-06T09:18:17+00:00","article_modified_time":"2024-11-13T09:14:47+00:00","og_image":[{"width":1090,"height":550,"url":"https:\/\/www.manubens.es\/wp-content\/uploads\/2021\/07\/samarreta-blog-1.jpg","type":"image\/jpeg"}],"author":"Manubens","twitter_card":"summary_large_image","twitter_misc":{"Escrit per":"Manubens","Temps estimat de lectura":"3 minuts"},"schema":{"@context":"https:\/\/schema.org","@graph":[{"@type":"Article","@id":"https:\/\/www.manubens.es\/ca\/samarretes-personalitzables-amb-cintes-estil-mariner\/#article","isPartOf":{"@id":"https:\/\/www.manubens.es\/ca\/samarretes-personalitzables-amb-cintes-estil-mariner\/"},"author":{"name":"Manubens","@id":"https:\/\/www.manubens.es\/ca\/#\/schema\/person\/cc83950a2556bd2dd10d3b8624863100"},"headline":"Samarretes personalitzables amb cintes estil mariner","datePublished":"2024-05-06T09:18:17+00:00","dateModified":"2024-11-13T09:14:47+00:00","mainEntityOfPage":{"@id":"https:\/\/www.manubens.es\/ca\/samarretes-personalitzables-amb-cintes-estil-mariner\/"},"wordCount":607,"commentCount":0,"image":{"@id":"https:\/\/www.manubens.es\/ca\/samarretes-personalitzables-amb-cintes-estil-mariner\/#primaryimage"},"thumbnailUrl":"https:\/\/www.manubens.es\/wp-content\/uploads\/2021\/07\/samarreta-blog-1.jpg","articleSection":["Ideas Manubens"],"inLanguage":"ca","potentialAction":[{"@type":"CommentAction","name":"Comment","target":["https:\/\/www.manubens.es\/ca\/samarretes-personalitzables-amb-cintes-estil-mariner\/#respond"]}]},{"@type":"WebPage","@id":"https:\/\/www.manubens.es\/ca\/samarretes-personalitzables-amb-cintes-estil-mariner\/","url":"https:\/\/www.manubens.es\/ca\/samarretes-personalitzables-amb-cintes-estil-mariner\/","name":"Samarretes personalitzables amb cintes estil mariner - Manubens","isPartOf":{"@id":"https:\/\/www.manubens.es\/ca\/#website"},"primaryImageOfPage":{"@id":"https:\/\/www.manubens.es\/ca\/samarretes-personalitzables-amb-cintes-estil-mariner\/#primaryimage"},"image":{"@id":"https:\/\/www.manubens.es\/ca\/samarretes-personalitzables-amb-cintes-estil-mariner\/#primaryimage"},"thumbnailUrl":"https:\/\/www.manubens.es\/wp-content\/uploads\/2021\/07\/samarreta-blog-1.jpg","datePublished":"2024-05-06T09:18:17+00:00","dateModified":"2024-11-13T09:14:47+00:00","author":{"@id":"https:\/\/www.manubens.es\/ca\/#\/schema\/person\/cc83950a2556bd2dd10d3b8624863100"},"description":"Tutorial pas a pas per a fer samarretes amb cintes estil mariner. DIY senzill per a fer a casa. Personalitza la samarreta per a estiu.","breadcrumb":{"@id":"https:\/\/www.manubens.es\/ca\/samarretes-personalitzables-amb-cintes-estil-mariner\/#breadcrumb"},"inLanguage":"ca","potentialAction":[{"@type":"ReadAction","target":["https:\/\/www.manubens.es\/ca\/samarretes-personalitzables-amb-cintes-estil-mariner\/"]}]},{"@type":"ImageObject","inLanguage":"ca","@id":"https:\/\/www.manubens.es\/ca\/samarretes-personalitzables-amb-cintes-estil-mariner\/#primaryimage","url":"https:\/\/www.manubens.es\/wp-content\/uploads\/2021\/07\/samarreta-blog-1.jpg","contentUrl":"https:\/\/www.manubens.es\/wp-content\/uploads\/2021\/07\/samarreta-blog-1.jpg","width":1090,"height":550,"caption":"DIY per a regalar: samarretes estil mariner per a nens"},{"@type":"BreadcrumbList","@id":"https:\/\/www.manubens.es\/ca\/samarretes-personalitzables-amb-cintes-estil-mariner\/#breadcrumb","itemListElement":[{"@type":"ListItem","position":1,"name":"Portada","item":"https:\/\/www.manubens.es\/ca\/"},{"@type":"ListItem","position":2,"name":"Samarretes personalitzables amb cintes estil mariner"}]},{"@type":"WebSite","@id":"https:\/\/www.manubens.es\/ca\/#website","url":"https:\/\/www.manubens.es\/ca\/","name":"Manubens","description":"Manubens Cintas","potentialAction":[{"@type":"SearchAction","target":{"@type":"EntryPoint","urlTemplate":"https:\/\/www.manubens.es\/ca\/?s={search_term_string}"},"query-input":{"@type":"PropertyValueSpecification","valueRequired":true,"valueName":"search_term_string"}}],"inLanguage":"ca"},{"@type":"Person","@id":"https:\/\/www.manubens.es\/ca\/#\/schema\/person\/cc83950a2556bd2dd10d3b8624863100","name":"Manubens","image":{"@type":"ImageObject","inLanguage":"ca","@id":"https:\/\/secure.gravatar.com\/avatar\/15725cf86f411a4448330e45448e709f65acd91917559f0ff679989b0394976e?s=96&d=mm&r=g","url":"https:\/\/secure.gravatar.com\/avatar\/15725cf86f411a4448330e45448e709f65acd91917559f0ff679989b0394976e?s=96&d=mm&r=g","contentUrl":"https:\/\/secure.gravatar.com\/avatar\/15725cf86f411a4448330e45448e709f65acd91917559f0ff679989b0394976e?s=96&d=mm&r=g","caption":"Manubens"}}]}},"_links":{"self":[{"href":"https:\/\/www.manubens.es\/ca\/wp-json\/wp\/v2\/posts\/14605","targetHints":{"allow":["GET"]}}],"collection":[{"href":"https:\/\/www.manubens.es\/ca\/wp-json\/wp\/v2\/posts"}],"about":[{"href":"https:\/\/www.manubens.es\/ca\/wp-json\/wp\/v2\/types\/post"}],"author":[{"embeddable":true,"href":"https:\/\/www.manubens.es\/ca\/wp-json\/wp\/v2\/users\/3"}],"replies":[{"embeddable":true,"href":"https:\/\/www.manubens.es\/ca\/wp-json\/wp\/v2\/comments?post=14605"}],"version-history":[{"count":0,"href":"https:\/\/www.manubens.es\/ca\/wp-json\/wp\/v2\/posts\/14605\/revisions"}],"wp:featuredmedia":[{"embeddable":true,"href":"https:\/\/www.manubens.es\/ca\/wp-json\/wp\/v2\/media\/5217"}],"wp:attachment":[{"href":"https:\/\/www.manubens.es\/ca\/wp-json\/wp\/v2\/media?parent=14605"}],"wp:term":[{"taxonomy":"category","embeddable":true,"href":"https:\/\/www.manubens.es\/ca\/wp-json\/wp\/v2\/categories?post=14605"},{"taxonomy":"post_tag","embeddable":true,"href":"https:\/\/www.manubens.es\/ca\/wp-json\/wp\/v2\/tags?post=14605"}],"curies":[{"name":"wp","href":"https:\/\/api.w.org\/{rel}","templated":true}]}}