{"id":14877,"date":"2024-05-16T16:45:49","date_gmt":"2024-05-16T14:45:49","guid":{"rendered":"https:\/\/www.manubens.es\/blog\/adorns-nadalencs-per-a-decorar-larbre\/"},"modified":"2024-11-28T10:06:10","modified_gmt":"2024-11-28T09:06:10","slug":"adorns-nadalencs-per-a-decorar-larbre","status":"publish","type":"post","link":"https:\/\/www.manubens.es\/ca\/adorns-nadalencs-per-a-decorar-larbre\/","title":{"rendered":"Adorns nadalencs per a decorar l&#8217;arbre"},"content":{"rendered":"<section class=\"l-section wpb_row height_large\"><div class=\"l-section-h i-cf\"><div class=\"g-cols vc_row via_grid cols_1 laptops-cols_inherit tablets-cols_inherit mobiles-cols_1 valign_top type_default stacking_default\"><div class=\"wpb_column vc_column_container\"><div class=\"vc_column-inner\"><div class=\"wpb_text_column\"><div class=\"wpb_wrapper\"><p><span style=\"font-weight: 400;\">T&#8217;avorreix veure els mateixos adorns any rere any? T&#8217;agradaria tenir els teus propis dissenys?<\/span><\/p>\n<p><span style=\"font-weight: 400;\">Aquests adorns per a decorar l&#8217;arbre de Nadal s\u00f3n molt f\u00e0cils de fer. T&#8217;expliquem com fer adorns per a l&#8217;arbre fets amb cintes que et serviran per a donar un aire encara m\u00e9s nadalenc a la teva llar.<\/span><\/p>\n<\/div><\/div><div class=\"w-image align_center\"><div class=\"w-image-h\"><img decoding=\"async\" width=\"600\" height=\"400\" src=\"https:\/\/www.manubens.es\/wp-content\/uploads\/2020\/12\/foto1-1024x683.jpg\" class=\"attachment-large size-large\" alt=\"Adorn-nadalenc-arbre-fet-a-m\u00e0-7\" loading=\"lazy\" srcset=\"https:\/\/www.manubens.es\/wp-content\/uploads\/2020\/12\/foto1-1024x683.jpg 1024w, https:\/\/www.manubens.es\/wp-content\/uploads\/2020\/12\/foto1-300x200.jpg 300w, https:\/\/www.manubens.es\/wp-content\/uploads\/2020\/12\/foto1.jpg 1299w\" sizes=\"auto, (max-width: 600px) 100vw, 600px\" \/><\/div><\/div><\/div><\/div><\/div><\/div><\/section><section class=\"l-section wpb_row height_large\"><div class=\"l-section-h i-cf\"><div class=\"g-cols vc_row via_grid cols_1 laptops-cols_inherit tablets-cols_inherit mobiles-cols_1 valign_top type_default stacking_default\"><div class=\"wpb_column vc_column_container\"><div class=\"vc_column-inner\"><div class=\"wpb_text_column\"><div class=\"wpb_wrapper\"><h2><strong>Llista de materials per a crear els teus adorns:<\/strong><\/h2>\n<ul>\n<li><span style=\"font-weight: 400;\">C\u00e8rcols de fusta de diferents grand\u00e0ries<\/span><\/li>\n<li><span style=\"font-weight: 400;\">Corones d&#8217;una sola cinta<\/span>\n<ul>\n<li><span style=\"font-weight: 400;\">Cinta escocesa: P4500 ample 10 mm color 001<\/span><\/li>\n<li><span style=\"font-weight: 400;\">Cinta lam\u00e9: P4700 ample 15 mm color 94<\/span><\/li>\n<li><span style=\"font-weight: 400;\">Cinta tafet\u00e0 llunes: P1410 ample 10 mm color 158<\/span><\/li>\n<\/ul>\n<\/li>\n<li><span style=\"font-weight: 400;\">Corona de nusos vermella i verda:<\/span>\n<ul>\n<li><span style=\"font-weight: 400;\">Cinta set\u00ed de dues cares: P720 ample 10 mm colors 46 i 58.<\/span><\/li>\n<li><span style=\"font-weight: 400;\">Cinta Nadal: P152 ample 16 mm color 2<\/span><\/li>\n<li><span style=\"font-weight: 400;\">Cinta Nadal: P152 ample 16 mm color 2<\/span><\/li>\n<li><span style=\"font-weight: 400;\">Cinta cua de ratol\u00ed: P751 color 28<\/span><\/li>\n<\/ul>\n<\/li>\n<li><span style=\"font-weight: 400;\">Corona de nusos blanca i daurada:<\/span>\n<ul>\n<li><span style=\"font-weight: 400;\">Cinta nadal: P152 ample 16 mm color 1<\/span><\/li>\n<li><span style=\"font-weight: 400;\">Cinta vichy: P4600 ample 10 mm color 602<\/span><\/li>\n<li><span style=\"font-weight: 400;\">Cinta tafet\u00e0: P480 ample 10 mm color 602<\/span><\/li>\n<li><span style=\"font-weight: 400;\">Cinta tafet\u00e0 talps: P1410 ample 10 mm color 602<\/span><\/li>\n<\/ul>\n<\/li>\n<\/ul>\n<p>Et proposem usar colors nadalencs com el daurat o el vermell, per\u00f2 pots usar les cintes que m\u00e9s t&#8217;agradin. <strong>Fes servir la teva imaginaci\u00f3 per a crear combinacions nadalenques originals<\/strong>. Potser aquests dissenys t&#8217;inspiren a decorar la teva llar, com la taula, la paret o, fins i tot, la porta, utilitza la teva imaginaci\u00f3!<\/p>\n<h3>Coronetes\u00a0d&#8217;una sola cinta<\/h3>\n<\/div><\/div><\/div><\/div><\/div><\/div><\/section><section class=\"l-section wpb_row height_large\"><div class=\"l-section-h i-cf\"><div class=\"g-cols vc_row via_grid cols_1 laptops-cols_inherit tablets-cols_inherit mobiles-cols_1 valign_top type_default stacking_default\"><div class=\"wpb_column vc_column_container\"><div class=\"vc_column-inner\"><div class=\"w-image align_center\"><div class=\"w-image-h\"><img decoding=\"async\" width=\"600\" height=\"400\" src=\"https:\/\/www.manubens.es\/wp-content\/uploads\/2020\/12\/foto2-1024x683.jpg\" class=\"attachment-large size-large\" alt=\"Adorn-nadalenc-arbre-fet-a-m\u00e0-2\" loading=\"lazy\" srcset=\"https:\/\/www.manubens.es\/wp-content\/uploads\/2020\/12\/foto2-1024x683.jpg 1024w, https:\/\/www.manubens.es\/wp-content\/uploads\/2020\/12\/foto2-300x200.jpg 300w, https:\/\/www.manubens.es\/wp-content\/uploads\/2020\/12\/foto2.jpg 1299w\" sizes=\"auto, (max-width: 600px) 100vw, 600px\" \/><\/div><\/div><\/div><\/div><\/div><\/div><\/section><section class=\"l-section wpb_row height_large\"><div class=\"l-section-h i-cf\"><div class=\"g-cols vc_row via_grid cols_1 laptops-cols_inherit tablets-cols_inherit mobiles-cols_1 valign_top type_default stacking_default\"><div class=\"wpb_column vc_column_container\"><div class=\"vc_column-inner\"><div class=\"wpb_text_column\"><div class=\"wpb_wrapper\"><p>Enrotlla en diagonal la cinta al voltant d&#8217;un dels c\u00e8rcols de fusta tal com es veu a la foto. Calcula prou cinta perqu\u00e8 et sobri per tots dos extrems per a poder fer el lla\u00e7 de rematada.<\/p>\n<\/div><\/div><div class=\"w-image align_center\"><div class=\"w-image-h\"><img decoding=\"async\" width=\"1\" height=\"1\" src=\"https:\/\/www.manubens.es\/wp-content\/uploads\/2024\/10\/foto-x-17.jpg\" class=\"attachment-full size-full\" alt=\"Registra&#039;t a la newsletter de Manubens 2\" loading=\"lazy\" \/><\/div><\/div><\/div><\/div><\/div><\/div><\/section><section class=\"l-section wpb_row height_large\"><div class=\"l-section-h i-cf\"><div class=\"g-cols vc_row via_grid cols_1 laptops-cols_inherit tablets-cols_inherit mobiles-cols_1 valign_top type_default stacking_default\"><div class=\"wpb_column vc_column_container\"><div class=\"vc_column-inner\"><div class=\"w-image align_center\"><div class=\"w-image-h\"><img decoding=\"async\" width=\"600\" height=\"400\" src=\"https:\/\/www.manubens.es\/wp-content\/uploads\/2020\/12\/foto3-1024x683.jpg\" class=\"attachment-large size-large\" alt=\"Adorn-nadalenc-arbre-fet-a-m\u00e0-7\" loading=\"lazy\" srcset=\"https:\/\/www.manubens.es\/wp-content\/uploads\/2020\/12\/foto3-1024x683.jpg 1024w, https:\/\/www.manubens.es\/wp-content\/uploads\/2020\/12\/foto3-300x200.jpg 300w, https:\/\/www.manubens.es\/wp-content\/uploads\/2020\/12\/foto3.jpg 1299w\" sizes=\"auto, (max-width: 600px) 100vw, 600px\" \/><\/div><\/div><\/div><\/div><\/div><\/div><\/section><section class=\"l-section wpb_row height_large\"><div class=\"l-section-h i-cf\"><div class=\"g-cols vc_row via_grid cols_1 laptops-cols_inherit tablets-cols_inherit mobiles-cols_1 valign_top type_default stacking_default\"><div class=\"wpb_column vc_column_container\"><div class=\"vc_column-inner\"><div class=\"wpb_text_column\"><div class=\"wpb_wrapper\"><p>Nua una anella de cua de ratol\u00ed per a penjar la coroneta. Acaba de rematar fent un llacet amb els extrems que sobren.<\/p>\n<p><strong>Coronetes\u00a0de nusos:<\/strong><\/p>\n<\/div><\/div><\/div><\/div><\/div><\/div><\/section><section class=\"l-section wpb_row height_large\"><div class=\"l-section-h i-cf\"><div class=\"g-cols vc_row via_grid cols_1 laptops-cols_inherit tablets-cols_inherit mobiles-cols_1 valign_top type_default stacking_default\"><div class=\"wpb_column vc_column_container\"><div class=\"vc_column-inner\"><div class=\"w-image align_center\"><div class=\"w-image-h\"><img decoding=\"async\" width=\"600\" height=\"400\" src=\"https:\/\/www.manubens.es\/wp-content\/uploads\/2020\/12\/foto4-1024x683.jpg\" class=\"attachment-large size-large\" alt=\"Adorn-nadalenc-arbre-fet-a-m\u00e0\" loading=\"lazy\" srcset=\"https:\/\/www.manubens.es\/wp-content\/uploads\/2020\/12\/foto4-1024x683.jpg 1024w, https:\/\/www.manubens.es\/wp-content\/uploads\/2020\/12\/foto4-300x200.jpg 300w, https:\/\/www.manubens.es\/wp-content\/uploads\/2020\/12\/foto4.jpg 1299w\" sizes=\"auto, (max-width: 600px) 100vw, 600px\" \/><\/div><\/div><\/div><\/div><\/div><\/div><\/section><section class=\"l-section wpb_row height_large\"><div class=\"l-section-h i-cf\"><div class=\"g-cols vc_row via_grid cols_1 laptops-cols_inherit tablets-cols_inherit mobiles-cols_1 valign_top type_default stacking_default\"><div class=\"wpb_column vc_column_container\"><div class=\"vc_column-inner\"><div class=\"wpb_text_column\"><div class=\"wpb_wrapper\"><p>Tria la combinaci\u00f3 de cintes que m\u00e9s t&#8217;agradi. Talla-les a trossos de 18 cm. Doblega-les per la meitat i subjecta-les al c\u00e8rcol de fusta fent un <a href=\"https:\/\/www.youtube.com\/watch?v=i7RBdAfa9nk&amp;app=desktop\" target=\"_blank\" rel=\"noopener\">nus d&#8217;alosa.<\/a><\/p>\n<\/div><\/div><\/div><\/div><\/div><\/div><\/section><section class=\"l-section wpb_row height_large\"><div class=\"l-section-h i-cf\"><div class=\"g-cols vc_row via_grid cols_1 laptops-cols_inherit tablets-cols_inherit mobiles-cols_1 valign_top type_default stacking_default\"><div class=\"wpb_column vc_column_container\"><div class=\"vc_column-inner\"><div class=\"w-image align_center\"><div class=\"w-image-h\"><img decoding=\"async\" width=\"600\" height=\"434\" src=\"https:\/\/www.manubens.es\/wp-content\/uploads\/2020\/12\/foto5-1024x741.jpg\" class=\"attachment-large size-large\" alt=\"Adorn-nadalenc-arbre-fet-a-m\u00e0-5\" loading=\"lazy\" srcset=\"https:\/\/www.manubens.es\/wp-content\/uploads\/2020\/12\/foto5-1024x741.jpg 1024w, https:\/\/www.manubens.es\/wp-content\/uploads\/2020\/12\/foto5-300x217.jpg 300w, https:\/\/www.manubens.es\/wp-content\/uploads\/2020\/12\/foto5-1536x1111.jpg 1536w, https:\/\/www.manubens.es\/wp-content\/uploads\/2020\/12\/foto5.jpg 1740w\" sizes=\"auto, (max-width: 600px) 100vw, 600px\" \/><\/div><\/div><\/div><\/div><\/div><\/div><\/section><section class=\"l-section wpb_row height_large\"><div class=\"l-section-h i-cf\"><div class=\"g-cols vc_row via_grid cols_1 laptops-cols_inherit tablets-cols_inherit mobiles-cols_1 valign_top type_default stacking_default\"><div class=\"wpb_column vc_column_container\"><div class=\"vc_column-inner\"><div class=\"wpb_text_column\"><div class=\"wpb_wrapper\"><p><span style=\"font-weight: 400;\">Ves combinant les cintes al teu gust. Col\u00b7loca-les ben espesses perqu\u00e8 cobreixin totalment el c\u00e8rcol.<\/span><\/p>\n<\/div><\/div><\/div><\/div><\/div><\/div><\/section><section class=\"l-section wpb_row height_large\"><div class=\"l-section-h i-cf\"><div class=\"g-cols vc_row via_grid cols_1 laptops-cols_inherit tablets-cols_inherit mobiles-cols_1 valign_top type_default stacking_default\"><div class=\"wpb_column vc_column_container\"><div class=\"vc_column-inner\"><div class=\"w-image align_center\"><div class=\"w-image-h\"><img decoding=\"async\" width=\"600\" height=\"400\" src=\"https:\/\/www.manubens.es\/wp-content\/uploads\/2020\/12\/foto6-1024x683.jpg\" class=\"attachment-large size-large\" alt=\"Adorn-nadalenc-arbre-fet-a-m\u00e0-6\" loading=\"lazy\" srcset=\"https:\/\/www.manubens.es\/wp-content\/uploads\/2020\/12\/foto6-1024x683.jpg 1024w, https:\/\/www.manubens.es\/wp-content\/uploads\/2020\/12\/foto6-300x200.jpg 300w, https:\/\/www.manubens.es\/wp-content\/uploads\/2020\/12\/foto6.jpg 1299w\" sizes=\"auto, (max-width: 600px) 100vw, 600px\" \/><\/div><\/div><\/div><\/div><\/div><\/div><\/section><section class=\"l-section wpb_row height_large\"><div class=\"l-section-h i-cf\"><div class=\"g-cols vc_row via_grid cols_1 laptops-cols_inherit tablets-cols_inherit mobiles-cols_1 valign_top type_default stacking_default\"><div class=\"wpb_column vc_column_container\"><div class=\"vc_column-inner\"><div class=\"wpb_text_column\"><div class=\"wpb_wrapper\"><p>Per a acabar, nua la cua de ratol\u00ed per a poder penjar-la de l&#8217;arbre i ja tens la teva coroneta\u00a0de nusos acabada!<\/p>\n<\/div><\/div><\/div><\/div><\/div><\/div><\/section><section class=\"l-section wpb_row height_large\"><div class=\"l-section-h i-cf\"><div class=\"g-cols vc_row via_grid cols_1 laptops-cols_inherit tablets-cols_inherit mobiles-cols_1 valign_top type_default stacking_default\"><div class=\"wpb_column vc_column_container\"><div class=\"vc_column-inner\"><div class=\"w-image align_center\"><div class=\"w-image-h\"><img decoding=\"async\" width=\"600\" height=\"444\" src=\"https:\/\/www.manubens.es\/wp-content\/uploads\/2020\/12\/foto7-1024x758.jpg\" class=\"attachment-large size-large\" alt=\"Adorn-nadalenc-arbre-fet-a-m\u00e0-7\" loading=\"lazy\" srcset=\"https:\/\/www.manubens.es\/wp-content\/uploads\/2020\/12\/foto7-1024x758.jpg 1024w, https:\/\/www.manubens.es\/wp-content\/uploads\/2020\/12\/foto7-300x222.jpg 300w, https:\/\/www.manubens.es\/wp-content\/uploads\/2020\/12\/foto7.jpg 1272w\" sizes=\"auto, (max-width: 600px) 100vw, 600px\" \/><\/div><\/div><\/div><\/div><\/div><\/div><\/section><section class=\"l-section wpb_row height_large\"><div class=\"l-section-h i-cf\"><div class=\"g-cols vc_row via_grid cols_1 laptops-cols_inherit tablets-cols_inherit mobiles-cols_1 valign_top type_default stacking_default\"><div class=\"wpb_column vc_column_container\"><div class=\"vc_column-inner\"><div class=\"wpb_text_column\"><div class=\"wpb_wrapper\"><p>Si vols descobrir altres tutorials senzills com aquest per a crear\u00a0<span class=\"hiddenGreenError\">manualitats<\/span> nadalenques pots veure aquest altre article del blog on donem trucs per a renovar les boles de l&#8217;arbre de Nadal. Ens encantaria veure com ha quedat el teu nou adorn per a l&#8217;arbre. Comparteix els teus dissenys amb la comunitat de M<span class=\"hiddenSpellError\">anubens<\/span>\u00a0utilitzant l&#8217;etiqueta #manubens.<\/p>\n<blockquote class=\"instagram-media\" style=\"background: #FFF; border: 0; border-radius: 3px; box-shadow: 0 0 1px 0 rgba(0,0,0,0.5),0 1px 10px 0 rgba(0,0,0,0.15); margin: 1px; max-width: 540px; min-width: 326px; padding: 0; width: calc(100% - 2px);\" data-instgrm-captioned=\"\" data-instgrm-permalink=\"https:\/\/www.instagram.com\/p\/CIVtoP-F-NP\/?utm_source=ig_embed&amp;utm_campaign=loading\" data-instgrm-version=\"14\">\n<div style=\"padding: 16px;\">\n<p>&nbsp;<\/p>\n<div style=\"display: flex; flex-direction: row; align-items: center;\">\n<div style=\"background-color: #f4f4f4; border-radius: 50%; flex-grow: 0; height: 40px; margin-right: 14px; width: 40px;\"><\/div>\n<div style=\"display: flex; flex-direction: column; flex-grow: 1; justify-content: center;\">\n<div style=\"background-color: #f4f4f4; border-radius: 4px; flex-grow: 0; height: 14px; margin-bottom: 6px; width: 100px;\"><\/div>\n<div style=\"background-color: #f4f4f4; border-radius: 4px; flex-grow: 0; height: 14px; width: 60px;\"><\/div>\n<\/div>\n<\/div>\n<div style=\"padding: 19% 0;\"><\/div>\n<div style=\"display: block; height: 50px; margin: 0 auto 12px; width: 50px;\"><\/div>\n<div style=\"padding-top: 8px;\">\n<div style=\"color: #3897f0; font-family: Arial,sans-serif; font-size: 14px; font-style: normal; font-weight: 550; line-height: 18px;\">Veure aquestes publicacions a Instagram<\/div>\n<\/div>\n<div style=\"padding: 12.5% 0;\"><\/div>\n<div style=\"display: flex; flex-direction: row; margin-bottom: 14px; align-items: center;\">\n<div>\n<div style=\"background-color: #f4f4f4; border-radius: 50%; height: 12.5px; width: 12.5px; transform: translateX(0px) translateY(7px);\"><\/div>\n<div style=\"background-color: #f4f4f4; height: 12.5px; transform: rotate(-45deg) translateX(3px) translateY(1px); width: 12.5px; flex-grow: 0; margin-right: 14px; margin-left: 2px;\"><\/div>\n<div style=\"background-color: #f4f4f4; border-radius: 50%; height: 12.5px; width: 12.5px; transform: translateX(9px) translateY(-18px);\"><\/div>\n<\/div>\n<div style=\"margin-left: 8px;\">\n<div style=\"background-color: #f4f4f4; border-radius: 50%; flex-grow: 0; height: 20px; width: 20px;\"><\/div>\n<div style=\"width: 0; height: 0; border-top: 2px solid transparent; border-left: 6px solid #f4f4f4; border-bottom: 2px solid transparent; transform: translateX(16px) translateY(-4px) rotate(30deg);\"><\/div>\n<\/div>\n<div style=\"margin-left: auto;\">\n<div style=\"width: 0px; border-top: 8px solid #F4F4F4; border-right: 8px solid transparent; transform: translateY(16px);\"><\/div>\n<div style=\"background-color: #f4f4f4; flex-grow: 0; height: 12px; width: 16px; transform: translateY(-4px);\"><\/div>\n<div style=\"width: 0; height: 0; border-top: 8px solid #F4F4F4; border-left: 8px solid transparent; transform: translateY(-4px) translateX(8px);\"><\/div>\n<\/div>\n<\/div>\n<div style=\"display: flex; flex-direction: column; flex-grow: 1; justify-content: center; margin-bottom: 24px;\">\n<div style=\"background-color: #f4f4f4; border-radius: 4px; flex-grow: 0; height: 14px; margin-bottom: 6px; width: 224px;\"><\/div>\n<div style=\"background-color: #f4f4f4; border-radius: 4px; flex-grow: 0; height: 14px; width: 144px;\"><\/div>\n<\/div>\n<p>&nbsp;<\/p>\n<p style=\"color: #c9c8cd; font-family: Arial,sans-serif; font-size: 14px; line-height: 17px; margin-bottom: 0; margin-top: 8px; overflow: hidden; padding: 8px 0 7px; text-align: center; text-overflow: ellipsis; white-space: nowrap;\"><a style=\"color: #c9c8cd; font-family: Arial,sans-serif; font-size: 14px; font-style: normal; font-weight: normal; line-height: 17px; text-decoration: none;\" href=\"https:\/\/www.instagram.com\/p\/CIVtoP-F-NP\/?utm_source=ig_embed&amp;utm_campaign=loading\" target=\"_blank\" rel=\"noopener\">Una publicaci\u00f3n compartida de Manubens (@manubens.cintas)<\/a><\/p>\n<\/div>\n<\/blockquote>\n<p><script async src=\"\/\/www.instagram.com\/embed.js\"><\/script><\/p>\n<\/div><\/div><\/div><\/div><\/div><\/div><\/section><section class=\"l-section wpb_row height_large\"><div class=\"l-section-h i-cf\"><div class=\"g-cols vc_row via_grid cols_1 laptops-cols_inherit tablets-cols_inherit mobiles-cols_1 valign_top type_default stacking_default\"><div class=\"wpb_column vc_column_container\"><div class=\"vc_column-inner\"><div class=\"w-image align_center\"><div class=\"w-image-h\"><img decoding=\"async\" width=\"1\" height=\"1\" src=\"https:\/\/www.manubens.es\/wp-content\/uploads\/2024\/10\/foto-x.jpg\" class=\"attachment-large size-large\" alt=\"escubre los servicios de Manubens\" loading=\"lazy\" \/><\/div><\/div><\/div><\/div><\/div><\/div><\/section>\n","protected":false},"excerpt":{"rendered":"T&#8217;avorreix veure els mateixos adorns any rere any? T&#8217;agradaria tenir els teus propis dissenys? Aquests adorns per a decorar l&#8217;arbre de Nadal s\u00f3n molt f\u00e0cils de fer. T&#8217;expliquem com fer adorns per a l&#8217;arbre fets amb cintes que et serviran per a donar un aire encara m\u00e9s nadalenc a la teva llar. Llista de materials...","protected":false},"author":3,"featured_media":16721,"comment_status":"open","ping_status":"open","sticky":false,"template":"","format":"standard","meta":{"footnotes":""},"categories":[62],"tags":[],"class_list":["post-14877","post","type-post","status-publish","format-standard","has-post-thumbnail","hentry","category-ideas-manubens-ca"],"yoast_head":"<!-- This site is optimized with the Yoast SEO plugin v27.5 - https:\/\/yoast.com\/product\/yoast-seo-wordpress\/ -->\n<title>Adorns nadalencs per a decorar l&#039;arbre - Manubens<\/title>\n<meta name=\"description\" content=\"Apr\u00e8n a crear adorns de Nadal per fer a casa o als tallers. Segueix el tutorial per fer adorns nadalencs f\u00e0cils i r\u00e0pids.\" \/>\n<meta name=\"robots\" content=\"index, follow, max-snippet:-1, max-image-preview:large, max-video-preview:-1\" \/>\n<link rel=\"canonical\" href=\"https:\/\/www.manubens.es\/ca\/adorns-nadalencs-per-a-decorar-larbre\/\" \/>\n<meta property=\"og:locale\" content=\"ca_ES\" \/>\n<meta property=\"og:type\" content=\"article\" \/>\n<meta property=\"og:title\" content=\"Adorns nadalencs per a decorar l&#039;arbre - Manubens\" \/>\n<meta property=\"og:description\" content=\"Apr\u00e8n a crear adorns de Nadal per fer a casa o als tallers. Segueix el tutorial per fer adorns nadalencs f\u00e0cils i r\u00e0pids.\" \/>\n<meta property=\"og:url\" content=\"https:\/\/www.manubens.es\/ca\/adorns-nadalencs-per-a-decorar-larbre\/\" \/>\n<meta property=\"og:site_name\" content=\"Manubens\" \/>\n<meta property=\"article:published_time\" content=\"2024-05-16T14:45:49+00:00\" \/>\n<meta property=\"article:modified_time\" content=\"2024-11-28T09:06:10+00:00\" \/>\n<meta property=\"og:image\" content=\"https:\/\/www.manubens.es\/wp-content\/uploads\/2024\/05\/9.png\" \/>\n\t<meta property=\"og:image:width\" content=\"419\" \/>\n\t<meta property=\"og:image:height\" content=\"384\" \/>\n\t<meta property=\"og:image:type\" content=\"image\/png\" \/>\n<meta name=\"author\" content=\"Manubens\" \/>\n<meta name=\"twitter:card\" content=\"summary_large_image\" \/>\n<meta name=\"twitter:label1\" content=\"Escrit per\" \/>\n\t<meta name=\"twitter:data1\" content=\"Manubens\" \/>\n\t<meta name=\"twitter:label2\" content=\"Temps estimat de lectura\" \/>\n\t<meta name=\"twitter:data2\" content=\"3 minuts\" \/>\n<script type=\"application\/ld+json\" class=\"yoast-schema-graph\">{\"@context\":\"https:\\\/\\\/schema.org\",\"@graph\":[{\"@type\":\"Article\",\"@id\":\"https:\\\/\\\/www.manubens.es\\\/ca\\\/adorns-nadalencs-per-a-decorar-larbre\\\/#article\",\"isPartOf\":{\"@id\":\"https:\\\/\\\/www.manubens.es\\\/ca\\\/adorns-nadalencs-per-a-decorar-larbre\\\/\"},\"author\":{\"name\":\"Manubens\",\"@id\":\"https:\\\/\\\/www.manubens.es\\\/ca\\\/#\\\/schema\\\/person\\\/cc83950a2556bd2dd10d3b8624863100\"},\"headline\":\"Adorns nadalencs per a decorar l&#8217;arbre\",\"datePublished\":\"2024-05-16T14:45:49+00:00\",\"dateModified\":\"2024-11-28T09:06:10+00:00\",\"mainEntityOfPage\":{\"@id\":\"https:\\\/\\\/www.manubens.es\\\/ca\\\/adorns-nadalencs-per-a-decorar-larbre\\\/\"},\"wordCount\":710,\"commentCount\":0,\"image\":{\"@id\":\"https:\\\/\\\/www.manubens.es\\\/ca\\\/adorns-nadalencs-per-a-decorar-larbre\\\/#primaryimage\"},\"thumbnailUrl\":\"https:\\\/\\\/www.manubens.es\\\/wp-content\\\/uploads\\\/2024\\\/05\\\/9.png\",\"articleSection\":[\"Ideas Manubens\"],\"inLanguage\":\"ca\",\"potentialAction\":[{\"@type\":\"CommentAction\",\"name\":\"Comment\",\"target\":[\"https:\\\/\\\/www.manubens.es\\\/ca\\\/adorns-nadalencs-per-a-decorar-larbre\\\/#respond\"]}]},{\"@type\":\"WebPage\",\"@id\":\"https:\\\/\\\/www.manubens.es\\\/ca\\\/adorns-nadalencs-per-a-decorar-larbre\\\/\",\"url\":\"https:\\\/\\\/www.manubens.es\\\/ca\\\/adorns-nadalencs-per-a-decorar-larbre\\\/\",\"name\":\"Adorns nadalencs per a decorar l'arbre - Manubens\",\"isPartOf\":{\"@id\":\"https:\\\/\\\/www.manubens.es\\\/ca\\\/#website\"},\"primaryImageOfPage\":{\"@id\":\"https:\\\/\\\/www.manubens.es\\\/ca\\\/adorns-nadalencs-per-a-decorar-larbre\\\/#primaryimage\"},\"image\":{\"@id\":\"https:\\\/\\\/www.manubens.es\\\/ca\\\/adorns-nadalencs-per-a-decorar-larbre\\\/#primaryimage\"},\"thumbnailUrl\":\"https:\\\/\\\/www.manubens.es\\\/wp-content\\\/uploads\\\/2024\\\/05\\\/9.png\",\"datePublished\":\"2024-05-16T14:45:49+00:00\",\"dateModified\":\"2024-11-28T09:06:10+00:00\",\"author\":{\"@id\":\"https:\\\/\\\/www.manubens.es\\\/ca\\\/#\\\/schema\\\/person\\\/cc83950a2556bd2dd10d3b8624863100\"},\"description\":\"Apr\u00e8n a crear adorns de Nadal per fer a casa o als tallers. Segueix el tutorial per fer adorns nadalencs f\u00e0cils i r\u00e0pids.\",\"breadcrumb\":{\"@id\":\"https:\\\/\\\/www.manubens.es\\\/ca\\\/adorns-nadalencs-per-a-decorar-larbre\\\/#breadcrumb\"},\"inLanguage\":\"ca\",\"potentialAction\":[{\"@type\":\"ReadAction\",\"target\":[\"https:\\\/\\\/www.manubens.es\\\/ca\\\/adorns-nadalencs-per-a-decorar-larbre\\\/\"]}]},{\"@type\":\"ImageObject\",\"inLanguage\":\"ca\",\"@id\":\"https:\\\/\\\/www.manubens.es\\\/ca\\\/adorns-nadalencs-per-a-decorar-larbre\\\/#primaryimage\",\"url\":\"https:\\\/\\\/www.manubens.es\\\/wp-content\\\/uploads\\\/2024\\\/05\\\/9.png\",\"contentUrl\":\"https:\\\/\\\/www.manubens.es\\\/wp-content\\\/uploads\\\/2024\\\/05\\\/9.png\",\"width\":419,\"height\":384,\"caption\":\"Adorn-arbre-de-nadal-fet-a-m\u00e0\"},{\"@type\":\"BreadcrumbList\",\"@id\":\"https:\\\/\\\/www.manubens.es\\\/ca\\\/adorns-nadalencs-per-a-decorar-larbre\\\/#breadcrumb\",\"itemListElement\":[{\"@type\":\"ListItem\",\"position\":1,\"name\":\"Portada\",\"item\":\"https:\\\/\\\/www.manubens.es\\\/ca\\\/\"},{\"@type\":\"ListItem\",\"position\":2,\"name\":\"Adorns nadalencs per a decorar l&#8217;arbre\"}]},{\"@type\":\"WebSite\",\"@id\":\"https:\\\/\\\/www.manubens.es\\\/ca\\\/#website\",\"url\":\"https:\\\/\\\/www.manubens.es\\\/ca\\\/\",\"name\":\"Manubens\",\"description\":\"Manubens Cintas\",\"potentialAction\":[{\"@type\":\"SearchAction\",\"target\":{\"@type\":\"EntryPoint\",\"urlTemplate\":\"https:\\\/\\\/www.manubens.es\\\/ca\\\/?s={search_term_string}\"},\"query-input\":{\"@type\":\"PropertyValueSpecification\",\"valueRequired\":true,\"valueName\":\"search_term_string\"}}],\"inLanguage\":\"ca\"},{\"@type\":\"Person\",\"@id\":\"https:\\\/\\\/www.manubens.es\\\/ca\\\/#\\\/schema\\\/person\\\/cc83950a2556bd2dd10d3b8624863100\",\"name\":\"Manubens\",\"image\":{\"@type\":\"ImageObject\",\"inLanguage\":\"ca\",\"@id\":\"https:\\\/\\\/secure.gravatar.com\\\/avatar\\\/15725cf86f411a4448330e45448e709f65acd91917559f0ff679989b0394976e?s=96&d=mm&r=g\",\"url\":\"https:\\\/\\\/secure.gravatar.com\\\/avatar\\\/15725cf86f411a4448330e45448e709f65acd91917559f0ff679989b0394976e?s=96&d=mm&r=g\",\"contentUrl\":\"https:\\\/\\\/secure.gravatar.com\\\/avatar\\\/15725cf86f411a4448330e45448e709f65acd91917559f0ff679989b0394976e?s=96&d=mm&r=g\",\"caption\":\"Manubens\"}}]}<\/script>\n<!-- \/ Yoast SEO plugin. -->","yoast_head_json":{"title":"Adorns nadalencs per a decorar l'arbre - Manubens","description":"Apr\u00e8n a crear adorns de Nadal per fer a casa o als tallers. Segueix el tutorial per fer adorns nadalencs f\u00e0cils i r\u00e0pids.","robots":{"index":"index","follow":"follow","max-snippet":"max-snippet:-1","max-image-preview":"max-image-preview:large","max-video-preview":"max-video-preview:-1"},"canonical":"https:\/\/www.manubens.es\/ca\/adorns-nadalencs-per-a-decorar-larbre\/","og_locale":"ca_ES","og_type":"article","og_title":"Adorns nadalencs per a decorar l'arbre - Manubens","og_description":"Apr\u00e8n a crear adorns de Nadal per fer a casa o als tallers. Segueix el tutorial per fer adorns nadalencs f\u00e0cils i r\u00e0pids.","og_url":"https:\/\/www.manubens.es\/ca\/adorns-nadalencs-per-a-decorar-larbre\/","og_site_name":"Manubens","article_published_time":"2024-05-16T14:45:49+00:00","article_modified_time":"2024-11-28T09:06:10+00:00","og_image":[{"width":419,"height":384,"url":"https:\/\/www.manubens.es\/wp-content\/uploads\/2024\/05\/9.png","type":"image\/png"}],"author":"Manubens","twitter_card":"summary_large_image","twitter_misc":{"Escrit per":"Manubens","Temps estimat de lectura":"3 minuts"},"schema":{"@context":"https:\/\/schema.org","@graph":[{"@type":"Article","@id":"https:\/\/www.manubens.es\/ca\/adorns-nadalencs-per-a-decorar-larbre\/#article","isPartOf":{"@id":"https:\/\/www.manubens.es\/ca\/adorns-nadalencs-per-a-decorar-larbre\/"},"author":{"name":"Manubens","@id":"https:\/\/www.manubens.es\/ca\/#\/schema\/person\/cc83950a2556bd2dd10d3b8624863100"},"headline":"Adorns nadalencs per a decorar l&#8217;arbre","datePublished":"2024-05-16T14:45:49+00:00","dateModified":"2024-11-28T09:06:10+00:00","mainEntityOfPage":{"@id":"https:\/\/www.manubens.es\/ca\/adorns-nadalencs-per-a-decorar-larbre\/"},"wordCount":710,"commentCount":0,"image":{"@id":"https:\/\/www.manubens.es\/ca\/adorns-nadalencs-per-a-decorar-larbre\/#primaryimage"},"thumbnailUrl":"https:\/\/www.manubens.es\/wp-content\/uploads\/2024\/05\/9.png","articleSection":["Ideas Manubens"],"inLanguage":"ca","potentialAction":[{"@type":"CommentAction","name":"Comment","target":["https:\/\/www.manubens.es\/ca\/adorns-nadalencs-per-a-decorar-larbre\/#respond"]}]},{"@type":"WebPage","@id":"https:\/\/www.manubens.es\/ca\/adorns-nadalencs-per-a-decorar-larbre\/","url":"https:\/\/www.manubens.es\/ca\/adorns-nadalencs-per-a-decorar-larbre\/","name":"Adorns nadalencs per a decorar l'arbre - Manubens","isPartOf":{"@id":"https:\/\/www.manubens.es\/ca\/#website"},"primaryImageOfPage":{"@id":"https:\/\/www.manubens.es\/ca\/adorns-nadalencs-per-a-decorar-larbre\/#primaryimage"},"image":{"@id":"https:\/\/www.manubens.es\/ca\/adorns-nadalencs-per-a-decorar-larbre\/#primaryimage"},"thumbnailUrl":"https:\/\/www.manubens.es\/wp-content\/uploads\/2024\/05\/9.png","datePublished":"2024-05-16T14:45:49+00:00","dateModified":"2024-11-28T09:06:10+00:00","author":{"@id":"https:\/\/www.manubens.es\/ca\/#\/schema\/person\/cc83950a2556bd2dd10d3b8624863100"},"description":"Apr\u00e8n a crear adorns de Nadal per fer a casa o als tallers. Segueix el tutorial per fer adorns nadalencs f\u00e0cils i r\u00e0pids.","breadcrumb":{"@id":"https:\/\/www.manubens.es\/ca\/adorns-nadalencs-per-a-decorar-larbre\/#breadcrumb"},"inLanguage":"ca","potentialAction":[{"@type":"ReadAction","target":["https:\/\/www.manubens.es\/ca\/adorns-nadalencs-per-a-decorar-larbre\/"]}]},{"@type":"ImageObject","inLanguage":"ca","@id":"https:\/\/www.manubens.es\/ca\/adorns-nadalencs-per-a-decorar-larbre\/#primaryimage","url":"https:\/\/www.manubens.es\/wp-content\/uploads\/2024\/05\/9.png","contentUrl":"https:\/\/www.manubens.es\/wp-content\/uploads\/2024\/05\/9.png","width":419,"height":384,"caption":"Adorn-arbre-de-nadal-fet-a-m\u00e0"},{"@type":"BreadcrumbList","@id":"https:\/\/www.manubens.es\/ca\/adorns-nadalencs-per-a-decorar-larbre\/#breadcrumb","itemListElement":[{"@type":"ListItem","position":1,"name":"Portada","item":"https:\/\/www.manubens.es\/ca\/"},{"@type":"ListItem","position":2,"name":"Adorns nadalencs per a decorar l&#8217;arbre"}]},{"@type":"WebSite","@id":"https:\/\/www.manubens.es\/ca\/#website","url":"https:\/\/www.manubens.es\/ca\/","name":"Manubens","description":"Manubens Cintas","potentialAction":[{"@type":"SearchAction","target":{"@type":"EntryPoint","urlTemplate":"https:\/\/www.manubens.es\/ca\/?s={search_term_string}"},"query-input":{"@type":"PropertyValueSpecification","valueRequired":true,"valueName":"search_term_string"}}],"inLanguage":"ca"},{"@type":"Person","@id":"https:\/\/www.manubens.es\/ca\/#\/schema\/person\/cc83950a2556bd2dd10d3b8624863100","name":"Manubens","image":{"@type":"ImageObject","inLanguage":"ca","@id":"https:\/\/secure.gravatar.com\/avatar\/15725cf86f411a4448330e45448e709f65acd91917559f0ff679989b0394976e?s=96&d=mm&r=g","url":"https:\/\/secure.gravatar.com\/avatar\/15725cf86f411a4448330e45448e709f65acd91917559f0ff679989b0394976e?s=96&d=mm&r=g","contentUrl":"https:\/\/secure.gravatar.com\/avatar\/15725cf86f411a4448330e45448e709f65acd91917559f0ff679989b0394976e?s=96&d=mm&r=g","caption":"Manubens"}}]}},"_links":{"self":[{"href":"https:\/\/www.manubens.es\/ca\/wp-json\/wp\/v2\/posts\/14877","targetHints":{"allow":["GET"]}}],"collection":[{"href":"https:\/\/www.manubens.es\/ca\/wp-json\/wp\/v2\/posts"}],"about":[{"href":"https:\/\/www.manubens.es\/ca\/wp-json\/wp\/v2\/types\/post"}],"author":[{"embeddable":true,"href":"https:\/\/www.manubens.es\/ca\/wp-json\/wp\/v2\/users\/3"}],"replies":[{"embeddable":true,"href":"https:\/\/www.manubens.es\/ca\/wp-json\/wp\/v2\/comments?post=14877"}],"version-history":[{"count":0,"href":"https:\/\/www.manubens.es\/ca\/wp-json\/wp\/v2\/posts\/14877\/revisions"}],"wp:featuredmedia":[{"embeddable":true,"href":"https:\/\/www.manubens.es\/ca\/wp-json\/wp\/v2\/media\/16721"}],"wp:attachment":[{"href":"https:\/\/www.manubens.es\/ca\/wp-json\/wp\/v2\/media?parent=14877"}],"wp:term":[{"taxonomy":"category","embeddable":true,"href":"https:\/\/www.manubens.es\/ca\/wp-json\/wp\/v2\/categories?post=14877"},{"taxonomy":"post_tag","embeddable":true,"href":"https:\/\/www.manubens.es\/ca\/wp-json\/wp\/v2\/tags?post=14877"}],"curies":[{"name":"wp","href":"https:\/\/api.w.org\/{rel}","templated":true}]}}