{"id":15066,"date":"2024-05-28T10:33:40","date_gmt":"2024-05-28T08:33:40","guid":{"rendered":"https:\/\/www.manubens.es\/blog\/llacos-bonics-per-al-pel-fets-amb-cintes\/"},"modified":"2024-11-27T13:58:01","modified_gmt":"2024-11-27T12:58:01","slug":"llacos-bonics-per-al-pel-fets-amb-cintes","status":"publish","type":"post","link":"https:\/\/www.manubens.es\/ca\/llacos-bonics-per-al-pel-fets-amb-cintes\/","title":{"rendered":"Lla\u00e7os bonics per al p\u00e8l fets amb cintes"},"content":{"rendered":"<section class=\"l-section wpb_row height_large\"><div class=\"l-section-h i-cf\"><div class=\"g-cols vc_row via_grid cols_1 laptops-cols_inherit tablets-cols_inherit mobiles-cols_1 valign_top type_default stacking_default\"><div class=\"wpb_column vc_column_container\"><div class=\"vc_column-inner\"><div class=\"w-image align_center\"><div class=\"w-image-h\"><img decoding=\"async\" width=\"600\" height=\"600\" src=\"https:\/\/www.manubens.es\/wp-content\/uploads\/2020\/12\/Manubens-1-600x600.jpg\" class=\"attachment-us_600_600_crop size-us_600_600_crop\" alt=\"lazos-para-el-pelo-cintas-\" loading=\"lazy\" srcset=\"https:\/\/www.manubens.es\/wp-content\/uploads\/2020\/12\/Manubens-1-600x600.jpg 600w, https:\/\/www.manubens.es\/wp-content\/uploads\/2020\/12\/Manubens-1-150x150.jpg 150w, https:\/\/www.manubens.es\/wp-content\/uploads\/2020\/12\/Manubens-1-350x350.jpg 350w\" sizes=\"auto, (max-width: 600px) 100vw, 600px\" \/><\/div><\/div><div class=\"w-separator size_medium\"><\/div><div class=\"wpb_text_column\"><div class=\"wpb_wrapper\"><h1><strong>Lla\u00e7os i passadors per als cabells: l&#8217;adorn m\u00e9s senzill<\/strong><\/h1>\n<p><strong>Portar un accessori a conjunt amb la roba \u00e9s un look fant\u00e0stic. Si tens alguna nena o nen a casa que li agradi portar cues i adorns per qu\u00e8 no li ensenyes a fer els seus propis lla\u00e7os per al p\u00e8l pas a pas?<\/strong><\/p>\n<p><span style=\"font-weight: 400;\" data-mce-style=\"font-weight: 400;\">Per a fer lligacues de lla\u00e7 amb les nostres cintes de vellut i tafet\u00e0 aconsegueix els seg\u00fcents materials:<\/span><\/p>\n<\/div><\/div><div class=\"w-separator size_medium\"><\/div><div class=\"w-image align_center\"><div class=\"w-image-h\"><img decoding=\"async\" width=\"600\" height=\"600\" src=\"https:\/\/www.manubens.es\/wp-content\/uploads\/2020\/12\/Imagen1-1-600x600.jpg\" class=\"attachment-us_600_600_crop size-us_600_600_crop\" alt=\"lazos-para-el-pelo-cintas-1\" loading=\"lazy\" srcset=\"https:\/\/www.manubens.es\/wp-content\/uploads\/2020\/12\/Imagen1-1-600x600.jpg 600w, https:\/\/www.manubens.es\/wp-content\/uploads\/2020\/12\/Imagen1-1-150x150.jpg 150w, https:\/\/www.manubens.es\/wp-content\/uploads\/2020\/12\/Imagen1-1-350x350.jpg 350w\" sizes=\"auto, (max-width: 600px) 100vw, 600px\" \/><\/div><\/div><div class=\"w-separator size_medium\"><\/div><div class=\"wpb_text_column\"><div class=\"wpb_wrapper\"><h2><strong>Llista de materials per als lla\u00e7os per als cabells<\/strong><\/h2>\n<\/div><\/div><div class=\"wpb_text_column\"><div class=\"wpb_wrapper\"><ul>\n<li><span style=\"font-weight: 400;\" data-mce-style=\"font-weight: 400;\">Passadors llisos<\/span><\/li>\n<li><span style=\"font-weight: 400;\" data-mce-style=\"font-weight: 400;\">Gomes per als lligacues<\/span><\/li>\n<li><span style=\"font-weight: 400;\" data-mce-style=\"font-weight: 400;\">Punx\u00f3<\/span><\/li>\n<li><span style=\"font-weight: 400;\" data-mce-style=\"font-weight: 400;\">Pistola de silicona<\/span><\/li>\n<li><span style=\"font-weight: 400;\" data-mce-style=\"font-weight: 400;\">Tisores<\/span><\/li>\n<li><span style=\"font-weight: 400;\" data-mce-style=\"font-weight: 400;\">Cintes de vellut per als passadors: Manubens P950<\/span><\/li>\n<\/ul>\n<ul>\n<li><span style=\"font-weight: 400;\" data-mce-style=\"font-weight: 400;\">Ample: 7 mm<\/span><\/li>\n<li><span style=\"font-weight: 400;\" data-mce-style=\"font-weight: 400;\">Colors: 68, 770, 33 i 87<\/span><\/li>\n<li><span style=\"font-weight: 400;\" data-mce-style=\"font-weight: 400;\">Cintes de tafet\u00e0 per als coleteros: Manubens P541<\/span><\/li>\n<\/ul>\n<ul>\n<li><span style=\"font-weight: 400;\" data-mce-style=\"font-weight: 400;\">Amples: 6 i 16 cm<\/span><\/li>\n<li><span style=\"font-weight: 400;\" data-mce-style=\"font-weight: 400;\">Colors: 87, 570, 832 i 670<\/span><\/li>\n<\/ul>\n<\/div><\/div><\/div><\/div><\/div><\/div><\/section><section class=\"l-section wpb_row height_large\"><div class=\"l-section-h i-cf\"><div class=\"g-cols vc_row via_grid cols_1 laptops-cols_inherit tablets-cols_inherit mobiles-cols_1 valign_top type_default stacking_default\"><div class=\"wpb_column vc_column_container\"><div class=\"vc_column-inner\"><div class=\"w-image align_center\"><div class=\"w-image-h\"><img decoding=\"async\" width=\"1\" height=\"1\" src=\"https:\/\/www.manubens.es\/wp-content\/uploads\/2024\/10\/foto-x-17.jpg\" class=\"attachment-large size-large\" alt=\"Registra&#039;t a la newsletter de Manubens 2\" loading=\"lazy\" \/><\/div><\/div><\/div><\/div><\/div><\/div><\/section><section class=\"l-section wpb_row height_large\"><div class=\"l-section-h i-cf\"><div class=\"g-cols vc_row via_grid cols_1 laptops-cols_inherit tablets-cols_inherit mobiles-cols_1 valign_top type_default stacking_default\"><div class=\"wpb_column vc_column_container\"><div class=\"vc_column-inner\"><div class=\"wpb_text_column\"><div class=\"wpb_wrapper\"><p><span style=\"font-weight: 400;\" data-mce-style=\"font-weight: 400;\">Aquesta \u00e9s la nostra proposta de colors, per\u00f2 tria aquells que s&#8217;adaptin millor a la roba i gustos de les nenes.<\/span><\/p>\n<h2><strong>Com fer els lla\u00e7os, pas a pas<\/strong><\/h2>\n<p><span style=\"font-weight: 400;\" data-mce-style=\"font-weight: 400;\">Per a aquests passadors usarem les cintes de vellut.<\/span><\/p>\n<p><span style=\"font-weight: 400;\" data-mce-style=\"font-weight: 400;\">Escalfa la pistola de silicona. Si no tens encara, compra&#8217;n una en qualsevol botiga de bricolatge. S\u00f3n econ\u00f2miques i et serviran no sols per a fer manualitats sin\u00f3 per a moltes reparacions r\u00e0pides en la llar.<\/span><\/p>\n<p><span style=\"font-weight: 400;\" data-mce-style=\"font-weight: 400;\">Usar una pistola de silicona \u00e9s molt senzill. Nom\u00e9s has d&#8217;inserir la barra tal com es veu en la imatge i endollar-la. En pocs minuts estar\u00e0 llesta per a usar i comen\u00e7ar a crear els teus lla\u00e7os fets a m\u00e0. Tingues la precauci\u00f3 de no cremar-te amb la punta o amb la silicona recentment aplicada!<\/span><\/p>\n<\/div><\/div><\/div><\/div><\/div><\/div><\/section><section class=\"l-section wpb_row height_large\"><div class=\"l-section-h i-cf\"><div class=\"g-cols vc_row via_grid cols_1 laptops-cols_inherit tablets-cols_inherit mobiles-cols_1 valign_top type_default stacking_default\"><div class=\"wpb_column vc_column_container\"><div class=\"vc_column-inner\"><div class=\"w-image align_center\"><div class=\"w-image-h\"><img decoding=\"async\" width=\"600\" height=\"600\" src=\"https:\/\/www.manubens.es\/wp-content\/uploads\/2020\/12\/Manubens-2-600x600.jpg\" class=\"attachment-us_600_600_crop size-us_600_600_crop\" alt=\"lazos-para-el-pelo-cintas-2\" loading=\"lazy\" srcset=\"https:\/\/www.manubens.es\/wp-content\/uploads\/2020\/12\/Manubens-2-600x600.jpg 600w, https:\/\/www.manubens.es\/wp-content\/uploads\/2020\/12\/Manubens-2-150x150.jpg 150w, https:\/\/www.manubens.es\/wp-content\/uploads\/2020\/12\/Manubens-2-350x350.jpg 350w\" sizes=\"auto, (max-width: 600px) 100vw, 600px\" \/><\/div><\/div><\/div><\/div><\/div><\/div><\/section><section class=\"l-section wpb_row height_large\"><div class=\"l-section-h i-cf\"><div class=\"g-cols vc_row via_grid cols_1 laptops-cols_inherit tablets-cols_inherit mobiles-cols_1 valign_top type_default stacking_default\"><div class=\"wpb_column vc_column_container\"><div class=\"vc_column-inner\"><div class=\"wpb_text_column\"><div class=\"wpb_wrapper\"><p><span style=\"font-weight: 400;\" data-mce-style=\"font-weight: 400;\">Mentre s&#8217;escalfa la silicona, calcula un tros suficient de cinta per a folrar els passadors per l&#8217;exterior i interior. <\/span><\/p>\n<p><span style=\"font-weight: 400;\" data-mce-style=\"font-weight: 400;\">Aplica silicona per totes dues parts i enganxa la cinta abans que la silicona es refredi, comen\u00e7ant per l&#8217;interior. Ajuda&#8217;t del punx\u00f3 perqu\u00e8 quedi ben ajustada en les zones de dif\u00edcil acc\u00e9s (i aix\u00ed evitar\u00e0s cremar-te).<\/span><\/p>\n<\/div><\/div><\/div><\/div><\/div><\/div><\/section><section class=\"l-section wpb_row height_large\"><div class=\"l-section-h i-cf\"><div class=\"g-cols vc_row via_grid cols_1 laptops-cols_inherit tablets-cols_inherit mobiles-cols_1 valign_top type_default stacking_default\"><div class=\"wpb_column vc_column_container\"><div class=\"vc_column-inner\"><div class=\"w-image align_center\"><div class=\"w-image-h\"><img decoding=\"async\" width=\"600\" height=\"600\" src=\"https:\/\/www.manubens.es\/wp-content\/uploads\/2020\/12\/manubens-3-600x600.jpg\" class=\"attachment-us_600_600_crop size-us_600_600_crop\" alt=\"lazos-para-el-pelo-cintas-3\" loading=\"lazy\" srcset=\"https:\/\/www.manubens.es\/wp-content\/uploads\/2020\/12\/manubens-3-600x600.jpg 600w, https:\/\/www.manubens.es\/wp-content\/uploads\/2020\/12\/manubens-3-150x150.jpg 150w, https:\/\/www.manubens.es\/wp-content\/uploads\/2020\/12\/manubens-3-350x350.jpg 350w\" sizes=\"auto, (max-width: 600px) 100vw, 600px\" \/><\/div><\/div><\/div><\/div><\/div><\/div><\/section><section class=\"l-section wpb_row height_large\"><div class=\"l-section-h i-cf\"><div class=\"g-cols vc_row via_grid cols_1 laptops-cols_inherit tablets-cols_inherit mobiles-cols_1 valign_top type_default stacking_default\"><div class=\"wpb_column vc_column_container\"><div class=\"vc_column-inner\"><div class=\"wpb_text_column\"><div class=\"wpb_wrapper\"><h2><strong>Guia per a la creaci\u00f3 dels lla\u00e7os<\/strong><\/h2>\n<p><span style=\"font-weight: 400;\" data-mce-style=\"font-weight: 400;\">Els lligacues els farem amb cinta de tafet\u00e0. Amb la seva textura i caiguda ens quedaran uns lla\u00e7os perfectes.<\/span><\/p>\n<\/div><\/div><\/div><\/div><\/div><\/div><\/section><section class=\"l-section wpb_row height_large\"><div class=\"l-section-h i-cf\"><div class=\"g-cols vc_row via_grid cols_1 laptops-cols_inherit tablets-cols_inherit mobiles-cols_1 valign_top type_default stacking_default\"><div class=\"wpb_column vc_column_container\"><div class=\"vc_column-inner\"><div class=\"w-image align_center\"><div class=\"w-image-h\"><img decoding=\"async\" width=\"600\" height=\"600\" src=\"https:\/\/www.manubens.es\/wp-content\/uploads\/2020\/12\/Manubens-4-600x600.jpg\" class=\"attachment-us_600_600_crop size-us_600_600_crop\" alt=\"lazos-para-el-pelo-cintas-\" loading=\"lazy\" srcset=\"https:\/\/www.manubens.es\/wp-content\/uploads\/2020\/12\/Manubens-4-600x600.jpg 600w, https:\/\/www.manubens.es\/wp-content\/uploads\/2020\/12\/Manubens-4-150x150.jpg 150w, https:\/\/www.manubens.es\/wp-content\/uploads\/2020\/12\/Manubens-4-350x350.jpg 350w\" sizes=\"auto, (max-width: 600px) 100vw, 600px\" \/><\/div><\/div><\/div><\/div><\/div><\/div><\/section><section class=\"l-section wpb_row height_large\"><div class=\"l-section-h i-cf\"><div class=\"g-cols vc_row via_grid cols_1 laptops-cols_inherit tablets-cols_inherit mobiles-cols_1 valign_top type_default stacking_default\"><div class=\"wpb_column vc_column_container\"><div class=\"vc_column-inner\"><div class=\"wpb_text_column\"><div class=\"wpb_wrapper\"><p><span style=\"font-weight: 400;\" data-mce-style=\"font-weight: 400;\">Talla un pam (uns 20 cm) de la cinta de 16 mm per a fer el lla\u00e7et.<\/span><\/p>\n<p><span style=\"font-weight: 400;\" data-mce-style=\"font-weight: 400;\">Doblega la cinta per a fer la primera lla\u00e7ada i aplica una goteta de silicona a l&#8217;interior, tal com pots veure en la imatge.<\/span><\/p>\n<\/div><\/div><div class=\"w-image align_center\"><div class=\"w-image-h\"><img decoding=\"async\" width=\"600\" height=\"600\" src=\"https:\/\/www.manubens.es\/wp-content\/uploads\/2020\/12\/Manubens-5-600x600.jpg\" class=\"attachment-us_600_600_crop size-us_600_600_crop\" alt=\"lazos-para-el-pelo-cintas-5\" loading=\"lazy\" srcset=\"https:\/\/www.manubens.es\/wp-content\/uploads\/2020\/12\/Manubens-5-600x600.jpg 600w, https:\/\/www.manubens.es\/wp-content\/uploads\/2020\/12\/Manubens-5-150x150.jpg 150w, https:\/\/www.manubens.es\/wp-content\/uploads\/2020\/12\/Manubens-5-350x350.jpg 350w\" sizes=\"auto, (max-width: 600px) 100vw, 600px\" \/><\/div><\/div><\/div><\/div><\/div><\/div><\/section><section class=\"l-section wpb_row height_large\"><div class=\"l-section-h i-cf\"><div class=\"g-cols vc_row via_grid cols_1 laptops-cols_inherit tablets-cols_inherit mobiles-cols_1 valign_top type_default stacking_default\"><div class=\"wpb_column vc_column_container\"><div class=\"vc_column-inner\"><div class=\"wpb_text_column\"><div class=\"wpb_wrapper\"><p><span style=\"font-weight: 400;\" data-mce-style=\"font-weight: 400;\">Ara, doblega l&#8217;altre extrem de la cinta de vellut per a fer la segona lla\u00e7ada i torna a aplicar una gota de silicona.<\/span><\/p>\n<\/div><\/div><div class=\"w-image align_center\"><div class=\"w-image-h\"><img decoding=\"async\" width=\"600\" height=\"600\" src=\"https:\/\/www.manubens.es\/wp-content\/uploads\/2020\/12\/Manubens-6-600x600.jpg\" class=\"attachment-us_600_600_crop size-us_600_600_crop\" alt=\"\" loading=\"lazy\" srcset=\"https:\/\/www.manubens.es\/wp-content\/uploads\/2020\/12\/Manubens-6-600x600.jpg 600w, https:\/\/www.manubens.es\/wp-content\/uploads\/2020\/12\/Manubens-6-150x150.jpg 150w, https:\/\/www.manubens.es\/wp-content\/uploads\/2020\/12\/Manubens-6-350x350.jpg 350w\" sizes=\"auto, (max-width: 600px) 100vw, 600px\" \/><\/div><\/div><\/div><\/div><\/div><\/div><\/section><section class=\"l-section wpb_row height_large\"><div class=\"l-section-h i-cf\"><div class=\"g-cols vc_row via_grid cols_1 laptops-cols_inherit tablets-cols_inherit mobiles-cols_1 valign_top type_default stacking_default\"><div class=\"wpb_column vc_column_container\"><div class=\"vc_column-inner\"><div class=\"wpb_text_column\"><div class=\"wpb_wrapper\"><p><span style=\"font-weight: 400;\" data-mce-style=\"font-weight: 400;\">Amb la cinta estreta del mateix color, nua el lla\u00e7et al lligacua.<\/span><\/p>\n<\/div><\/div><div class=\"w-image align_center\"><div class=\"w-image-h\"><img decoding=\"async\" width=\"600\" height=\"600\" src=\"https:\/\/www.manubens.es\/wp-content\/uploads\/2020\/12\/Manubens-7-600x600.jpg\" class=\"attachment-us_600_600_crop size-us_600_600_crop\" alt=\"lazos-para-el-pelo-cintas-7\" loading=\"lazy\" srcset=\"https:\/\/www.manubens.es\/wp-content\/uploads\/2020\/12\/Manubens-7-600x600.jpg 600w, https:\/\/www.manubens.es\/wp-content\/uploads\/2020\/12\/Manubens-7-150x150.jpg 150w, https:\/\/www.manubens.es\/wp-content\/uploads\/2020\/12\/Manubens-7-350x350.jpg 350w\" sizes=\"auto, (max-width: 600px) 100vw, 600px\" \/><\/div><\/div><div class=\"w-separator size_medium\"><\/div><div class=\"wpb_text_column\"><div class=\"wpb_wrapper\"><p><span style=\"font-weight: 400;\">Remata&#8217;l amb un nus perqu\u00e8 quedi ben subjecte.<\/span><\/p>\n<\/div><\/div><div class=\"w-separator size_medium\"><\/div><div class=\"w-image align_center\"><div class=\"w-image-h\"><img decoding=\"async\" width=\"600\" height=\"600\" src=\"https:\/\/www.manubens.es\/wp-content\/uploads\/2020\/12\/Manubens-8-600x600.jpg\" class=\"attachment-us_600_600_crop size-us_600_600_crop\" alt=\"lazos-para-el-pelo-cintas-8\" loading=\"lazy\" srcset=\"https:\/\/www.manubens.es\/wp-content\/uploads\/2020\/12\/Manubens-8-600x600.jpg 600w, https:\/\/www.manubens.es\/wp-content\/uploads\/2020\/12\/Manubens-8-150x150.jpg 150w, https:\/\/www.manubens.es\/wp-content\/uploads\/2020\/12\/Manubens-8-350x350.jpg 350w\" sizes=\"auto, (max-width: 600px) 100vw, 600px\" \/><\/div><\/div><div class=\"w-separator size_medium\"><\/div><div class=\"wpb_text_column\"><div class=\"wpb_wrapper\"><p><span style=\"font-weight: 400;\">I ja tens acabat el teu primer lla\u00e7 de tela per als cabells!<\/span><\/p>\n<p><span style=\"font-weight: 400;\">Estem conven\u00e7uts que aquestes cintes agradaran molt a casa, fins i tot pots animar-te a fer lla\u00e7os m\u00e9s petits per al cabell de les nines, o fins i tot per a nadons!<\/span><\/p>\n<\/div><\/div><div class=\"w-image align_center\"><div class=\"w-image-h\"><img decoding=\"async\" width=\"600\" height=\"600\" src=\"https:\/\/www.manubens.es\/wp-content\/uploads\/2020\/12\/Manubens-9-600x600.jpg\" class=\"attachment-us_600_600_crop size-us_600_600_crop\" alt=\"lazos-para-el-pelo-cintas-9\" loading=\"lazy\" srcset=\"https:\/\/www.manubens.es\/wp-content\/uploads\/2020\/12\/Manubens-9-600x600.jpg 600w, https:\/\/www.manubens.es\/wp-content\/uploads\/2020\/12\/Manubens-9-150x150.jpg 150w, https:\/\/www.manubens.es\/wp-content\/uploads\/2020\/12\/Manubens-9-350x350.jpg 350w\" sizes=\"auto, (max-width: 600px) 100vw, 600px\" \/><\/div><\/div><div class=\"w-separator size_medium\"><\/div><div class=\"wpb_text_column\"><div class=\"wpb_wrapper\"><p><span style=\"font-weight: 400;\">En la teva merceria habitual podr\u00e0s trobar totes les cintes de Manubens que t&#8217;hem proposat. I si vols complementar un look setmanal tamb\u00e9 ensenyem a fer <a href=\"https:\/\/www.manubens.es\/ca\/blog\/com-fer-diademes-amb-cintes-per-a-nenes\/\"><span style=\"color: #277cea;\">boniques diademes per al cabell<\/span><\/a>.<\/span><\/p>\n<p><span style=\"font-weight: 400;\">Si t&#8217;animes a realitzar aquesta manualitat utilitza l&#8217;etiqueta #Manubens en els teus perfils socials, ens encantaria veure el resultat.<\/span><\/p>\n<blockquote class=\"instagram-media\" style=\"background: #FFF; border: 0; border-radius: 3px; box-shadow: 0 0 1px 0 rgba(0,0,0,0.5),0 1px 10px 0 rgba(0,0,0,0.15); margin: 1px; max-width: 540px; min-width: 326px; padding: 0; width: calc(100% - 2px);\" data-instgrm-captioned=\"\" data-instgrm-permalink=\"https:\/\/www.instagram.com\/p\/CJ8bRkYFzqw\/?utm_source=ig_embed&amp;utm_campaign=loading\" data-instgrm-version=\"14\">\n<div style=\"padding: 16px;\">\n<p>&nbsp;<\/p>\n<div style=\"display: flex; flex-direction: row; align-items: center;\">\n<div style=\"background-color: #f4f4f4; border-radius: 50%; flex-grow: 0; height: 40px; margin-right: 14px; width: 40px;\"><\/div>\n<div style=\"display: flex; flex-direction: column; flex-grow: 1; justify-content: center;\">\n<div style=\"background-color: #f4f4f4; border-radius: 4px; flex-grow: 0; height: 14px; margin-bottom: 6px; width: 100px;\"><\/div>\n<div style=\"background-color: #f4f4f4; border-radius: 4px; flex-grow: 0; height: 14px; width: 60px;\"><\/div>\n<\/div>\n<\/div>\n<div style=\"padding: 19% 0;\"><\/div>\n<div style=\"display: block; height: 50px; margin: 0 auto 12px; width: 50px;\"><\/div>\n<div style=\"padding-top: 8px;\">\n<div style=\"color: #3897f0; font-family: Arial,sans-serif; font-size: 14px; font-style: normal; font-weight: 550; line-height: 18px;\">Ver esta publicaci\u00f3n en Instagram<\/div>\n<\/div>\n<div style=\"padding: 12.5% 0;\"><\/div>\n<div style=\"display: flex; flex-direction: row; margin-bottom: 14px; align-items: center;\">\n<div>\n<div style=\"background-color: #f4f4f4; border-radius: 50%; height: 12.5px; width: 12.5px; transform: translateX(0px) translateY(7px);\"><\/div>\n<div style=\"background-color: #f4f4f4; height: 12.5px; transform: rotate(-45deg) translateX(3px) translateY(1px); width: 12.5px; flex-grow: 0; margin-right: 14px; margin-left: 2px;\"><\/div>\n<div style=\"background-color: #f4f4f4; border-radius: 50%; height: 12.5px; width: 12.5px; transform: translateX(9px) translateY(-18px);\"><\/div>\n<\/div>\n<div style=\"margin-left: 8px;\">\n<div style=\"background-color: #f4f4f4; border-radius: 50%; flex-grow: 0; height: 20px; width: 20px;\"><\/div>\n<div style=\"width: 0; height: 0; border-top: 2px solid transparent; border-left: 6px solid #f4f4f4; border-bottom: 2px solid transparent; transform: translateX(16px) translateY(-4px) rotate(30deg);\"><\/div>\n<\/div>\n<div style=\"margin-left: auto;\">\n<div style=\"width: 0px; border-top: 8px solid #F4F4F4; border-right: 8px solid transparent; transform: translateY(16px);\"><\/div>\n<div style=\"background-color: #f4f4f4; flex-grow: 0; height: 12px; width: 16px; transform: translateY(-4px);\"><\/div>\n<div style=\"width: 0; height: 0; border-top: 8px solid #F4F4F4; border-left: 8px solid transparent; transform: translateY(-4px) translateX(8px);\"><\/div>\n<\/div>\n<\/div>\n<div style=\"display: flex; flex-direction: column; flex-grow: 1; justify-content: center; margin-bottom: 24px;\">\n<div style=\"background-color: #f4f4f4; border-radius: 4px; flex-grow: 0; height: 14px; margin-bottom: 6px; width: 224px;\"><\/div>\n<div style=\"background-color: #f4f4f4; border-radius: 4px; flex-grow: 0; height: 14px; width: 144px;\"><\/div>\n<\/div>\n<p>&nbsp;<\/p>\n<p style=\"color: #c9c8cd; font-family: Arial,sans-serif; font-size: 14px; line-height: 17px; margin-bottom: 0; margin-top: 8px; overflow: hidden; padding: 8px 0 7px; text-align: center; text-overflow: ellipsis; white-space: nowrap;\"><a style=\"color: #c9c8cd; font-family: Arial,sans-serif; font-size: 14px; font-style: normal; font-weight: normal; line-height: 17px; text-decoration: none;\" href=\"https:\/\/www.instagram.com\/p\/CJ8bRkYFzqw\/?utm_source=ig_embed&amp;utm_campaign=loading\" target=\"_blank\" rel=\"noopener\">Una publicaci\u00f3n compartida de Manubens (@manubens.cintas)<\/a><\/p>\n<\/div>\n<\/blockquote>\n<p><script async src=\"\/\/www.instagram.com\/embed.js\"><\/script><\/p>\n<\/div><\/div><\/div><\/div><\/div><\/div><\/section><section class=\"l-section wpb_row height_large\"><div class=\"l-section-h i-cf\"><div class=\"g-cols vc_row via_grid cols_1 laptops-cols_inherit tablets-cols_inherit mobiles-cols_1 valign_top type_default stacking_default\"><div class=\"wpb_column vc_column_container\"><div class=\"vc_column-inner\"><div class=\"w-image align_center\"><div class=\"w-image-h\"><img decoding=\"async\" width=\"1\" height=\"1\" src=\"https:\/\/www.manubens.es\/wp-content\/uploads\/2024\/10\/foto-x.jpg\" class=\"attachment-large size-large\" alt=\"escubre los servicios de Manubens\" loading=\"lazy\" \/><\/div><\/div><\/div><\/div><div class=\"wpb_column vc_column_container\"><div class=\"vc_column-inner\"><\/div><\/div><\/div><\/div><\/section><section class=\"l-section wpb_row height_large\"><div class=\"l-section-h i-cf\"><div class=\"g-cols vc_row via_grid cols_1 laptops-cols_inherit tablets-cols_inherit mobiles-cols_1 valign_top type_default stacking_default\"><div class=\"wpb_column vc_column_container\"><div class=\"vc_column-inner\"><\/div><\/div><\/div><\/div><\/section>\n","protected":false},"excerpt":{"rendered":"Lla\u00e7os i passadors per als cabells: l&#8217;adorn m\u00e9s senzill Portar un accessori a conjunt amb la roba \u00e9s un look fant\u00e0stic. Si tens alguna nena o nen a casa que li agradi portar cues i adorns per qu\u00e8 no li ensenyes a fer els seus propis lla\u00e7os per al p\u00e8l pas a pas? Per a...","protected":false},"author":3,"featured_media":16709,"comment_status":"open","ping_status":"open","sticky":false,"template":"","format":"standard","meta":{"footnotes":""},"categories":[62],"tags":[],"class_list":["post-15066","post","type-post","status-publish","format-standard","has-post-thumbnail","hentry","category-ideas-manubens-ca"],"yoast_head":"<!-- This site is optimized with the Yoast SEO plugin v27.5 - https:\/\/yoast.com\/product\/yoast-seo-wordpress\/ -->\n<title>Lla\u00e7os bonics per al p\u00e8l fets amb cintes - Manubens<\/title>\n<meta name=\"description\" content=\"Apr\u00e8n a realitzar lla\u00e7os per al p\u00e8l amb cintes de tela. La de vellut queda ideal com a adorn per als cabells.\" \/>\n<meta name=\"robots\" content=\"index, follow, max-snippet:-1, max-image-preview:large, max-video-preview:-1\" \/>\n<link rel=\"canonical\" href=\"https:\/\/www.manubens.es\/ca\/llacos-bonics-per-al-pel-fets-amb-cintes\/\" \/>\n<meta property=\"og:locale\" content=\"ca_ES\" \/>\n<meta property=\"og:type\" content=\"article\" \/>\n<meta property=\"og:title\" content=\"Lla\u00e7os bonics per al p\u00e8l fets amb cintes - Manubens\" \/>\n<meta property=\"og:description\" content=\"Apr\u00e8n a realitzar lla\u00e7os per al p\u00e8l amb cintes de tela. La de vellut queda ideal com a adorn per als cabells.\" \/>\n<meta property=\"og:url\" content=\"https:\/\/www.manubens.es\/ca\/llacos-bonics-per-al-pel-fets-amb-cintes\/\" \/>\n<meta property=\"og:site_name\" content=\"Manubens\" \/>\n<meta property=\"article:published_time\" content=\"2024-05-28T08:33:40+00:00\" \/>\n<meta property=\"article:modified_time\" content=\"2024-11-27T12:58:01+00:00\" \/>\n<meta property=\"og:image\" content=\"https:\/\/www.manubens.es\/wp-content\/uploads\/2024\/05\/7.png\" \/>\n\t<meta property=\"og:image:width\" content=\"419\" \/>\n\t<meta property=\"og:image:height\" content=\"384\" \/>\n\t<meta property=\"og:image:type\" content=\"image\/png\" \/>\n<meta name=\"author\" content=\"Manubens\" \/>\n<meta name=\"twitter:card\" content=\"summary_large_image\" \/>\n<meta name=\"twitter:label1\" content=\"Escrit per\" \/>\n\t<meta name=\"twitter:data1\" content=\"Manubens\" \/>\n\t<meta name=\"twitter:label2\" content=\"Temps estimat de lectura\" \/>\n\t<meta name=\"twitter:data2\" content=\"3 minuts\" \/>\n<script type=\"application\/ld+json\" class=\"yoast-schema-graph\">{\"@context\":\"https:\\\/\\\/schema.org\",\"@graph\":[{\"@type\":\"Article\",\"@id\":\"https:\\\/\\\/www.manubens.es\\\/ca\\\/llacos-bonics-per-al-pel-fets-amb-cintes\\\/#article\",\"isPartOf\":{\"@id\":\"https:\\\/\\\/www.manubens.es\\\/ca\\\/llacos-bonics-per-al-pel-fets-amb-cintes\\\/\"},\"author\":{\"name\":\"Manubens\",\"@id\":\"https:\\\/\\\/www.manubens.es\\\/ca\\\/#\\\/schema\\\/person\\\/cc83950a2556bd2dd10d3b8624863100\"},\"headline\":\"Lla\u00e7os bonics per al p\u00e8l fets amb cintes\",\"datePublished\":\"2024-05-28T08:33:40+00:00\",\"dateModified\":\"2024-11-27T12:58:01+00:00\",\"mainEntityOfPage\":{\"@id\":\"https:\\\/\\\/www.manubens.es\\\/ca\\\/llacos-bonics-per-al-pel-fets-amb-cintes\\\/\"},\"wordCount\":902,\"commentCount\":0,\"image\":{\"@id\":\"https:\\\/\\\/www.manubens.es\\\/ca\\\/llacos-bonics-per-al-pel-fets-amb-cintes\\\/#primaryimage\"},\"thumbnailUrl\":\"https:\\\/\\\/www.manubens.es\\\/wp-content\\\/uploads\\\/2024\\\/05\\\/7.png\",\"articleSection\":[\"Ideas Manubens\"],\"inLanguage\":\"ca\",\"potentialAction\":[{\"@type\":\"CommentAction\",\"name\":\"Comment\",\"target\":[\"https:\\\/\\\/www.manubens.es\\\/ca\\\/llacos-bonics-per-al-pel-fets-amb-cintes\\\/#respond\"]}]},{\"@type\":\"WebPage\",\"@id\":\"https:\\\/\\\/www.manubens.es\\\/ca\\\/llacos-bonics-per-al-pel-fets-amb-cintes\\\/\",\"url\":\"https:\\\/\\\/www.manubens.es\\\/ca\\\/llacos-bonics-per-al-pel-fets-amb-cintes\\\/\",\"name\":\"Lla\u00e7os bonics per al p\u00e8l fets amb cintes - Manubens\",\"isPartOf\":{\"@id\":\"https:\\\/\\\/www.manubens.es\\\/ca\\\/#website\"},\"primaryImageOfPage\":{\"@id\":\"https:\\\/\\\/www.manubens.es\\\/ca\\\/llacos-bonics-per-al-pel-fets-amb-cintes\\\/#primaryimage\"},\"image\":{\"@id\":\"https:\\\/\\\/www.manubens.es\\\/ca\\\/llacos-bonics-per-al-pel-fets-amb-cintes\\\/#primaryimage\"},\"thumbnailUrl\":\"https:\\\/\\\/www.manubens.es\\\/wp-content\\\/uploads\\\/2024\\\/05\\\/7.png\",\"datePublished\":\"2024-05-28T08:33:40+00:00\",\"dateModified\":\"2024-11-27T12:58:01+00:00\",\"author\":{\"@id\":\"https:\\\/\\\/www.manubens.es\\\/ca\\\/#\\\/schema\\\/person\\\/cc83950a2556bd2dd10d3b8624863100\"},\"description\":\"Apr\u00e8n a realitzar lla\u00e7os per al p\u00e8l amb cintes de tela. La de vellut queda ideal com a adorn per als cabells.\",\"breadcrumb\":{\"@id\":\"https:\\\/\\\/www.manubens.es\\\/ca\\\/llacos-bonics-per-al-pel-fets-amb-cintes\\\/#breadcrumb\"},\"inLanguage\":\"ca\",\"potentialAction\":[{\"@type\":\"ReadAction\",\"target\":[\"https:\\\/\\\/www.manubens.es\\\/ca\\\/llacos-bonics-per-al-pel-fets-amb-cintes\\\/\"]}]},{\"@type\":\"ImageObject\",\"inLanguage\":\"ca\",\"@id\":\"https:\\\/\\\/www.manubens.es\\\/ca\\\/llacos-bonics-per-al-pel-fets-amb-cintes\\\/#primaryimage\",\"url\":\"https:\\\/\\\/www.manubens.es\\\/wp-content\\\/uploads\\\/2024\\\/05\\\/7.png\",\"contentUrl\":\"https:\\\/\\\/www.manubens.es\\\/wp-content\\\/uploads\\\/2024\\\/05\\\/7.png\",\"width\":419,\"height\":384},{\"@type\":\"BreadcrumbList\",\"@id\":\"https:\\\/\\\/www.manubens.es\\\/ca\\\/llacos-bonics-per-al-pel-fets-amb-cintes\\\/#breadcrumb\",\"itemListElement\":[{\"@type\":\"ListItem\",\"position\":1,\"name\":\"Portada\",\"item\":\"https:\\\/\\\/www.manubens.es\\\/ca\\\/\"},{\"@type\":\"ListItem\",\"position\":2,\"name\":\"Lla\u00e7os bonics per al p\u00e8l fets amb cintes\"}]},{\"@type\":\"WebSite\",\"@id\":\"https:\\\/\\\/www.manubens.es\\\/ca\\\/#website\",\"url\":\"https:\\\/\\\/www.manubens.es\\\/ca\\\/\",\"name\":\"Manubens\",\"description\":\"Manubens Cintas\",\"potentialAction\":[{\"@type\":\"SearchAction\",\"target\":{\"@type\":\"EntryPoint\",\"urlTemplate\":\"https:\\\/\\\/www.manubens.es\\\/ca\\\/?s={search_term_string}\"},\"query-input\":{\"@type\":\"PropertyValueSpecification\",\"valueRequired\":true,\"valueName\":\"search_term_string\"}}],\"inLanguage\":\"ca\"},{\"@type\":\"Person\",\"@id\":\"https:\\\/\\\/www.manubens.es\\\/ca\\\/#\\\/schema\\\/person\\\/cc83950a2556bd2dd10d3b8624863100\",\"name\":\"Manubens\",\"image\":{\"@type\":\"ImageObject\",\"inLanguage\":\"ca\",\"@id\":\"https:\\\/\\\/secure.gravatar.com\\\/avatar\\\/15725cf86f411a4448330e45448e709f65acd91917559f0ff679989b0394976e?s=96&d=mm&r=g\",\"url\":\"https:\\\/\\\/secure.gravatar.com\\\/avatar\\\/15725cf86f411a4448330e45448e709f65acd91917559f0ff679989b0394976e?s=96&d=mm&r=g\",\"contentUrl\":\"https:\\\/\\\/secure.gravatar.com\\\/avatar\\\/15725cf86f411a4448330e45448e709f65acd91917559f0ff679989b0394976e?s=96&d=mm&r=g\",\"caption\":\"Manubens\"}}]}<\/script>\n<!-- \/ Yoast SEO plugin. -->","yoast_head_json":{"title":"Lla\u00e7os bonics per al p\u00e8l fets amb cintes - Manubens","description":"Apr\u00e8n a realitzar lla\u00e7os per al p\u00e8l amb cintes de tela. La de vellut queda ideal com a adorn per als cabells.","robots":{"index":"index","follow":"follow","max-snippet":"max-snippet:-1","max-image-preview":"max-image-preview:large","max-video-preview":"max-video-preview:-1"},"canonical":"https:\/\/www.manubens.es\/ca\/llacos-bonics-per-al-pel-fets-amb-cintes\/","og_locale":"ca_ES","og_type":"article","og_title":"Lla\u00e7os bonics per al p\u00e8l fets amb cintes - Manubens","og_description":"Apr\u00e8n a realitzar lla\u00e7os per al p\u00e8l amb cintes de tela. La de vellut queda ideal com a adorn per als cabells.","og_url":"https:\/\/www.manubens.es\/ca\/llacos-bonics-per-al-pel-fets-amb-cintes\/","og_site_name":"Manubens","article_published_time":"2024-05-28T08:33:40+00:00","article_modified_time":"2024-11-27T12:58:01+00:00","og_image":[{"width":419,"height":384,"url":"https:\/\/www.manubens.es\/wp-content\/uploads\/2024\/05\/7.png","type":"image\/png"}],"author":"Manubens","twitter_card":"summary_large_image","twitter_misc":{"Escrit per":"Manubens","Temps estimat de lectura":"3 minuts"},"schema":{"@context":"https:\/\/schema.org","@graph":[{"@type":"Article","@id":"https:\/\/www.manubens.es\/ca\/llacos-bonics-per-al-pel-fets-amb-cintes\/#article","isPartOf":{"@id":"https:\/\/www.manubens.es\/ca\/llacos-bonics-per-al-pel-fets-amb-cintes\/"},"author":{"name":"Manubens","@id":"https:\/\/www.manubens.es\/ca\/#\/schema\/person\/cc83950a2556bd2dd10d3b8624863100"},"headline":"Lla\u00e7os bonics per al p\u00e8l fets amb cintes","datePublished":"2024-05-28T08:33:40+00:00","dateModified":"2024-11-27T12:58:01+00:00","mainEntityOfPage":{"@id":"https:\/\/www.manubens.es\/ca\/llacos-bonics-per-al-pel-fets-amb-cintes\/"},"wordCount":902,"commentCount":0,"image":{"@id":"https:\/\/www.manubens.es\/ca\/llacos-bonics-per-al-pel-fets-amb-cintes\/#primaryimage"},"thumbnailUrl":"https:\/\/www.manubens.es\/wp-content\/uploads\/2024\/05\/7.png","articleSection":["Ideas Manubens"],"inLanguage":"ca","potentialAction":[{"@type":"CommentAction","name":"Comment","target":["https:\/\/www.manubens.es\/ca\/llacos-bonics-per-al-pel-fets-amb-cintes\/#respond"]}]},{"@type":"WebPage","@id":"https:\/\/www.manubens.es\/ca\/llacos-bonics-per-al-pel-fets-amb-cintes\/","url":"https:\/\/www.manubens.es\/ca\/llacos-bonics-per-al-pel-fets-amb-cintes\/","name":"Lla\u00e7os bonics per al p\u00e8l fets amb cintes - Manubens","isPartOf":{"@id":"https:\/\/www.manubens.es\/ca\/#website"},"primaryImageOfPage":{"@id":"https:\/\/www.manubens.es\/ca\/llacos-bonics-per-al-pel-fets-amb-cintes\/#primaryimage"},"image":{"@id":"https:\/\/www.manubens.es\/ca\/llacos-bonics-per-al-pel-fets-amb-cintes\/#primaryimage"},"thumbnailUrl":"https:\/\/www.manubens.es\/wp-content\/uploads\/2024\/05\/7.png","datePublished":"2024-05-28T08:33:40+00:00","dateModified":"2024-11-27T12:58:01+00:00","author":{"@id":"https:\/\/www.manubens.es\/ca\/#\/schema\/person\/cc83950a2556bd2dd10d3b8624863100"},"description":"Apr\u00e8n a realitzar lla\u00e7os per al p\u00e8l amb cintes de tela. La de vellut queda ideal com a adorn per als cabells.","breadcrumb":{"@id":"https:\/\/www.manubens.es\/ca\/llacos-bonics-per-al-pel-fets-amb-cintes\/#breadcrumb"},"inLanguage":"ca","potentialAction":[{"@type":"ReadAction","target":["https:\/\/www.manubens.es\/ca\/llacos-bonics-per-al-pel-fets-amb-cintes\/"]}]},{"@type":"ImageObject","inLanguage":"ca","@id":"https:\/\/www.manubens.es\/ca\/llacos-bonics-per-al-pel-fets-amb-cintes\/#primaryimage","url":"https:\/\/www.manubens.es\/wp-content\/uploads\/2024\/05\/7.png","contentUrl":"https:\/\/www.manubens.es\/wp-content\/uploads\/2024\/05\/7.png","width":419,"height":384},{"@type":"BreadcrumbList","@id":"https:\/\/www.manubens.es\/ca\/llacos-bonics-per-al-pel-fets-amb-cintes\/#breadcrumb","itemListElement":[{"@type":"ListItem","position":1,"name":"Portada","item":"https:\/\/www.manubens.es\/ca\/"},{"@type":"ListItem","position":2,"name":"Lla\u00e7os bonics per al p\u00e8l fets amb cintes"}]},{"@type":"WebSite","@id":"https:\/\/www.manubens.es\/ca\/#website","url":"https:\/\/www.manubens.es\/ca\/","name":"Manubens","description":"Manubens Cintas","potentialAction":[{"@type":"SearchAction","target":{"@type":"EntryPoint","urlTemplate":"https:\/\/www.manubens.es\/ca\/?s={search_term_string}"},"query-input":{"@type":"PropertyValueSpecification","valueRequired":true,"valueName":"search_term_string"}}],"inLanguage":"ca"},{"@type":"Person","@id":"https:\/\/www.manubens.es\/ca\/#\/schema\/person\/cc83950a2556bd2dd10d3b8624863100","name":"Manubens","image":{"@type":"ImageObject","inLanguage":"ca","@id":"https:\/\/secure.gravatar.com\/avatar\/15725cf86f411a4448330e45448e709f65acd91917559f0ff679989b0394976e?s=96&d=mm&r=g","url":"https:\/\/secure.gravatar.com\/avatar\/15725cf86f411a4448330e45448e709f65acd91917559f0ff679989b0394976e?s=96&d=mm&r=g","contentUrl":"https:\/\/secure.gravatar.com\/avatar\/15725cf86f411a4448330e45448e709f65acd91917559f0ff679989b0394976e?s=96&d=mm&r=g","caption":"Manubens"}}]}},"_links":{"self":[{"href":"https:\/\/www.manubens.es\/ca\/wp-json\/wp\/v2\/posts\/15066","targetHints":{"allow":["GET"]}}],"collection":[{"href":"https:\/\/www.manubens.es\/ca\/wp-json\/wp\/v2\/posts"}],"about":[{"href":"https:\/\/www.manubens.es\/ca\/wp-json\/wp\/v2\/types\/post"}],"author":[{"embeddable":true,"href":"https:\/\/www.manubens.es\/ca\/wp-json\/wp\/v2\/users\/3"}],"replies":[{"embeddable":true,"href":"https:\/\/www.manubens.es\/ca\/wp-json\/wp\/v2\/comments?post=15066"}],"version-history":[{"count":0,"href":"https:\/\/www.manubens.es\/ca\/wp-json\/wp\/v2\/posts\/15066\/revisions"}],"wp:featuredmedia":[{"embeddable":true,"href":"https:\/\/www.manubens.es\/ca\/wp-json\/wp\/v2\/media\/16709"}],"wp:attachment":[{"href":"https:\/\/www.manubens.es\/ca\/wp-json\/wp\/v2\/media?parent=15066"}],"wp:term":[{"taxonomy":"category","embeddable":true,"href":"https:\/\/www.manubens.es\/ca\/wp-json\/wp\/v2\/categories?post=15066"},{"taxonomy":"post_tag","embeddable":true,"href":"https:\/\/www.manubens.es\/ca\/wp-json\/wp\/v2\/tags?post=15066"}],"curies":[{"name":"wp","href":"https:\/\/api.w.org\/{rel}","templated":true}]}}