{"id":15429,"date":"2024-06-18T13:26:05","date_gmt":"2024-06-18T11:26:05","guid":{"rendered":"https:\/\/www.manubens.es\/blog\/diy-decoratiu-motxilla-escolar-amb-cintes-de-tela\/"},"modified":"2024-10-24T10:11:10","modified_gmt":"2024-10-24T08:11:10","slug":"diy-decoratiu-motxilla-escolar-amb-cintes-de-tela","status":"publish","type":"post","link":"https:\/\/www.manubens.es\/ca\/diy-decoratiu-motxilla-escolar-amb-cintes-de-tela\/","title":{"rendered":"DIY decoratiu: motxilla escolar amb cintes de tela"},"content":{"rendered":"<p>.<section class=\"l-section wpb_row height_large\"><div class=\"l-section-h i-cf\"><div class=\"g-cols vc_row via_grid cols_1 laptops-cols_inherit tablets-cols_inherit mobiles-cols_1 valign_top type_default stacking_default\"><div class=\"wpb_column vc_column_container\"><div class=\"vc_column-inner\"><div class=\"w-image align_center\"><div class=\"w-image-h\"><img decoding=\"async\" width=\"500\" height=\"290\" src=\"https:\/\/www.manubens.es\/wp-content\/uploads\/2021\/07\/imagen-cabecera-mail-mochila.jpg\" class=\"attachment-large size-large\" alt=\"C\u00f3mo decorar una mochila para el cole\" loading=\"lazy\" srcset=\"https:\/\/www.manubens.es\/wp-content\/uploads\/2021\/07\/imagen-cabecera-mail-mochila.jpg 500w, https:\/\/www.manubens.es\/wp-content\/uploads\/2021\/07\/imagen-cabecera-mail-mochila-300x174.jpg 300w, https:\/\/www.manubens.es\/wp-content\/uploads\/2021\/07\/imagen-cabecera-mail-mochila-150x87.jpg 150w\" sizes=\"auto, (max-width: 500px) 100vw, 500px\" \/><\/div><\/div><div class=\"w-separator size_medium\"><\/div><div class=\"wpb_text_column\"><div class=\"wpb_wrapper\"><h1><strong>Motxilla bonica per a la tornada a l&#8217;escola<\/strong><\/h1>\n<p><span style=\"font-weight: 400;\">Les motxilles s\u00f3n un<strong> complement que mai passa de moda<\/strong>. S\u00f3n pr\u00e0ctiques, polivalents i personalitzables. Van comen\u00e7ar sent carteres per als nens, per\u00f2 els dissenys han evolucionat perqu\u00e8 els adults les puguem usar com a bosses, per a portar el port\u00e0til, com a bossa de viatge\u2026 Les motxilles ens agraden i no podr\u00edem passar sense elles.<\/span><\/p>\n<p><span style=\"font-weight: 400;\">En aquest article us ensenyem a decorar una motxilla de tela amb cintes. Segons els colors i la grand\u00e0ria podr\u00e0 ser la<strong> motxilla perfecta per a la guarderia<\/strong>, per a nataci\u00f3, per al col\u00b7legi i fins i tot com a bossa o cartera per al pare i la mare.<\/span><\/p>\n<\/div><\/div><div class=\"w-separator size_medium\"><\/div><div class=\"wpb_text_column\"><div class=\"wpb_wrapper\"><h2><strong>Materials que necessites per a decorar la motxilla<\/strong><\/h2>\n<\/div><\/div><div class=\"w-image align_center\"><div class=\"w-image-h\"><img decoding=\"async\" width=\"600\" height=\"600\" src=\"https:\/\/www.manubens.es\/wp-content\/uploads\/2021\/07\/Manubens_mkt_Juliol0286-600x600.jpg\" class=\"attachment-large size-large\" alt=\"Materiales necesarios para decorar una mochila para el cole\" loading=\"lazy\" srcset=\"https:\/\/www.manubens.es\/wp-content\/uploads\/2021\/07\/Manubens_mkt_Juliol0286-600x600.jpg 600w, https:\/\/www.manubens.es\/wp-content\/uploads\/2021\/07\/Manubens_mkt_Juliol0286-300x300.jpg 300w, https:\/\/www.manubens.es\/wp-content\/uploads\/2021\/07\/Manubens_mkt_Juliol0286-150x150.jpg 150w, https:\/\/www.manubens.es\/wp-content\/uploads\/2021\/07\/Manubens_mkt_Juliol0286-1536x1536.jpg 1536w, https:\/\/www.manubens.es\/wp-content\/uploads\/2021\/07\/Manubens_mkt_Juliol0286-2048x2048.jpg 2048w, https:\/\/www.manubens.es\/wp-content\/uploads\/2021\/07\/Manubens_mkt_Juliol0286-350x350.jpg 350w\" sizes=\"auto, (max-width: 600px) 100vw, 600px\" \/><\/div><\/div><div class=\"w-separator size_medium\"><\/div><div class=\"wpb_text_column\"><div class=\"wpb_wrapper\"><p><span style=\"font-weight: 400;\">Els materials per a la motxilla de la foto s\u00f3n els seg\u00fcents:<\/span><\/p>\n<ul>\n<li><span style=\"font-weight: 400;\">Cinta de motxilla en cot\u00f3 100% Manubens P.180 ample 30 mm i color 56.<\/span><\/li>\n<li><span style=\"font-weight: 400;\">Trenat acr\u00edlic Manubens P. 280 ample 28 mm i color 87.<\/span><\/li>\n<li><span style=\"font-weight: 400;\">Tela de micropana.<\/span><\/li>\n<li><span style=\"font-weight: 400;\">Tela de r\u00fastic cotton estampada.<\/span><\/li>\n<li><span style=\"font-weight: 400;\">Tancaments per a motxilla.<\/span><\/li>\n<li><span style=\"font-weight: 400;\">Tisores, fil i m\u00e0quina de cosir.<\/span><\/li>\n<\/ul>\n<\/div><\/div><div class=\"w-separator size_medium\"><\/div><div class=\"w-image align_center\"><div class=\"w-image-h\"><img decoding=\"async\" width=\"1\" height=\"1\" src=\"https:\/\/www.manubens.es\/wp-content\/uploads\/2024\/10\/foto-x-12.jpg\" class=\"attachment-large size-large\" alt=\"\" loading=\"lazy\" \/><\/div><\/div><div class=\"w-separator size_medium\"><\/div><div class=\"wpb_text_column\"><div class=\"wpb_wrapper\"><p><strong>Com decorar la meva motxilla de tela pas a pas<\/strong><\/p>\n<p><span style=\"font-weight: 400;\">El primer pas ser\u00e0 tallar les teles.<br \/>\n<\/span><\/p>\n<p><span style=\"text-decoration: underline;\"><span style=\"font-weight: 400;\">Cos de la motxilla<\/span><\/span><\/p>\n<ul>\n<li><span style=\"font-weight: 400;\">Tela de pana: tallada en doble a 37x41cm. Ser\u00e0 la part exterior.<\/span><\/li>\n<li><span style=\"font-weight: 400;\">Tela r\u00fastic cotton estampada: tallada en doble a 37x41cm. Ser\u00e0 el folre interior.<\/span><\/li>\n<\/ul>\n<p><span style=\"text-decoration: underline;\"><span style=\"font-weight: 400;\">Solapa de la motxilla<\/span><\/span><\/p>\n<ul>\n<li><span style=\"font-weight: 400;\">Tela de pana: tallar en senzill a 30x16cm<\/span><\/li>\n<li><span style=\"font-weight: 400;\">Tela r\u00fastic cotton estampada: tallar tamb\u00e9 en senzill a 30x16cm.<\/span><\/li>\n<\/ul>\n<\/div><\/div><div class=\"w-image align_center\"><div class=\"w-image-h\"><img decoding=\"async\" width=\"600\" height=\"600\" src=\"https:\/\/www.manubens.es\/wp-content\/uploads\/2021\/07\/Manubens_mkt_Juliol0288-600x600.jpg\" class=\"attachment-large size-large\" alt=\"Materiales necesarios para decorar una mochila para el cole\" loading=\"lazy\" srcset=\"https:\/\/www.manubens.es\/wp-content\/uploads\/2021\/07\/Manubens_mkt_Juliol0288-600x600.jpg 600w, https:\/\/www.manubens.es\/wp-content\/uploads\/2021\/07\/Manubens_mkt_Juliol0288-300x300.jpg 300w, https:\/\/www.manubens.es\/wp-content\/uploads\/2021\/07\/Manubens_mkt_Juliol0288-150x150.jpg 150w, https:\/\/www.manubens.es\/wp-content\/uploads\/2021\/07\/Manubens_mkt_Juliol0288-1536x1536.jpg 1536w, https:\/\/www.manubens.es\/wp-content\/uploads\/2021\/07\/Manubens_mkt_Juliol0288-2048x2048.jpg 2048w, https:\/\/www.manubens.es\/wp-content\/uploads\/2021\/07\/Manubens_mkt_Juliol0288-350x350.jpg 350w\" sizes=\"auto, (max-width: 600px) 100vw, 600px\" \/><\/div><\/div><div class=\"w-separator size_medium\"><\/div><div class=\"wpb_text_column\"><div class=\"wpb_wrapper\"><p><span style=\"font-weight: 400;\">En la part que ser\u00e0 el fons o base de la motxilla, marcarem i tallarem un quadrat de 5x5cm en tots dos extrems de la base, pel rev\u00e9s de la tela.<\/span><\/p>\n<\/div><\/div><div class=\"w-image align_center\"><div class=\"w-image-h\"><img decoding=\"async\" width=\"600\" height=\"600\" src=\"https:\/\/www.manubens.es\/wp-content\/uploads\/2021\/07\/Manubens_mkt_Juliol0289-600x600.jpg\" class=\"attachment-large size-large\" alt=\"C\u00f3mo decorar una mochila para el cole Paso 2\" loading=\"lazy\" srcset=\"https:\/\/www.manubens.es\/wp-content\/uploads\/2021\/07\/Manubens_mkt_Juliol0289-600x600.jpg 600w, https:\/\/www.manubens.es\/wp-content\/uploads\/2021\/07\/Manubens_mkt_Juliol0289-300x300.jpg 300w, https:\/\/www.manubens.es\/wp-content\/uploads\/2021\/07\/Manubens_mkt_Juliol0289-150x150.jpg 150w, https:\/\/www.manubens.es\/wp-content\/uploads\/2021\/07\/Manubens_mkt_Juliol0289-1536x1536.jpg 1536w, https:\/\/www.manubens.es\/wp-content\/uploads\/2021\/07\/Manubens_mkt_Juliol0289-2048x2048.jpg 2048w, https:\/\/www.manubens.es\/wp-content\/uploads\/2021\/07\/Manubens_mkt_Juliol0289-350x350.jpg 350w\" sizes=\"auto, (max-width: 600px) 100vw, 600px\" \/><\/div><\/div><div class=\"w-separator size_medium\"><\/div><div class=\"wpb_text_column\"><div class=\"wpb_wrapper\"><p><span style=\"font-weight: 400;\">Unim i cosim les dues parts de tela estampada que fa de folre interior per la part que far\u00e0 de base de la motxilla.<\/span><\/p>\n<\/div><\/div><div class=\"w-image align_center\"><div class=\"w-image-h\"><img decoding=\"async\" width=\"600\" height=\"600\" src=\"https:\/\/www.manubens.es\/wp-content\/uploads\/2021\/07\/Manubens_mkt_Juliol0290-600x600.jpg\" class=\"attachment-large size-large\" alt=\"C\u00f3mo decorar una mochila para el cole Paso 3\" loading=\"lazy\" srcset=\"https:\/\/www.manubens.es\/wp-content\/uploads\/2021\/07\/Manubens_mkt_Juliol0290-600x600.jpg 600w, https:\/\/www.manubens.es\/wp-content\/uploads\/2021\/07\/Manubens_mkt_Juliol0290-300x300.jpg 300w, https:\/\/www.manubens.es\/wp-content\/uploads\/2021\/07\/Manubens_mkt_Juliol0290-150x150.jpg 150w, https:\/\/www.manubens.es\/wp-content\/uploads\/2021\/07\/Manubens_mkt_Juliol0290-1536x1536.jpg 1536w, https:\/\/www.manubens.es\/wp-content\/uploads\/2021\/07\/Manubens_mkt_Juliol0290-2048x2048.jpg 2048w, https:\/\/www.manubens.es\/wp-content\/uploads\/2021\/07\/Manubens_mkt_Juliol0290-350x350.jpg 350w\" sizes=\"auto, (max-width: 600px) 100vw, 600px\" \/><\/div><\/div><div class=\"w-separator size_medium\"><\/div><div class=\"wpb_text_column\"><div class=\"wpb_wrapper\"><p><span style=\"font-weight: 400;\">Per a les<strong> anses de la motxilla<\/strong>, tallarem la cinta per a motxilles cot\u00f3 100% de Manubens.<\/span><\/p>\n<ul>\n<li><span style=\"font-weight: 400;\">Anses grans per a penjar: 2 tires de 90 cm.<\/span><\/li>\n<li><span style=\"font-weight: 400;\">Ansa petita: 1 tira de 20 cm.<\/span><\/li>\n<\/ul>\n<p><span style=\"font-weight: 400;\">En la part que fa de fons de la motxilla, a 12 cm de la vora, col\u00b7locarem dos trossos de cinta de 15 cm cadascun que ens serviran per a subjectar les anses grans. Les cosirem pel dret de la tela mirant cap amunt.<\/span><\/p>\n<\/div><\/div><div class=\"w-image align_center\"><div class=\"w-image-h\"><img decoding=\"async\" width=\"600\" height=\"600\" src=\"https:\/\/www.manubens.es\/wp-content\/uploads\/2021\/07\/Manubens_mkt_Juliol0291-600x600.jpg\" class=\"attachment-large size-large\" alt=\"C\u00f3mo decorar una mochila para el cole Paso 4\" loading=\"lazy\" srcset=\"https:\/\/www.manubens.es\/wp-content\/uploads\/2021\/07\/Manubens_mkt_Juliol0291-600x600.jpg 600w, https:\/\/www.manubens.es\/wp-content\/uploads\/2021\/07\/Manubens_mkt_Juliol0291-300x300.jpg 300w, https:\/\/www.manubens.es\/wp-content\/uploads\/2021\/07\/Manubens_mkt_Juliol0291-150x150.jpg 150w, https:\/\/www.manubens.es\/wp-content\/uploads\/2021\/07\/Manubens_mkt_Juliol0291-1536x1536.jpg 1536w, https:\/\/www.manubens.es\/wp-content\/uploads\/2021\/07\/Manubens_mkt_Juliol0291-2048x2048.jpg 2048w, https:\/\/www.manubens.es\/wp-content\/uploads\/2021\/07\/Manubens_mkt_Juliol0291-350x350.jpg 350w\" sizes=\"auto, (max-width: 600px) 100vw, 600px\" \/><\/div><\/div><div class=\"w-separator size_medium\"><\/div><div class=\"wpb_text_column\"><div class=\"wpb_wrapper\"><p><span style=\"font-weight: 400;\">Centrem les 3 anses de la part superior pel dret de la tela i cosim.<\/span><\/p>\n<\/div><\/div><div class=\"w-image align_center\"><div class=\"w-image-h\"><img decoding=\"async\" width=\"600\" height=\"600\" src=\"https:\/\/www.manubens.es\/wp-content\/uploads\/2021\/07\/Manubens_mkt_Juliol0292-600x600.jpg\" class=\"attachment-large size-large\" alt=\"C\u00f3mo decorar una mochila para el cole Paso 5\" loading=\"lazy\" srcset=\"https:\/\/www.manubens.es\/wp-content\/uploads\/2021\/07\/Manubens_mkt_Juliol0292-600x600.jpg 600w, https:\/\/www.manubens.es\/wp-content\/uploads\/2021\/07\/Manubens_mkt_Juliol0292-300x300.jpg 300w, https:\/\/www.manubens.es\/wp-content\/uploads\/2021\/07\/Manubens_mkt_Juliol0292-150x150.jpg 150w, https:\/\/www.manubens.es\/wp-content\/uploads\/2021\/07\/Manubens_mkt_Juliol0292-1536x1536.jpg 1536w, https:\/\/www.manubens.es\/wp-content\/uploads\/2021\/07\/Manubens_mkt_Juliol0292-2048x2048.jpg 2048w, https:\/\/www.manubens.es\/wp-content\/uploads\/2021\/07\/Manubens_mkt_Juliol0292-350x350.jpg 350w\" sizes=\"auto, (max-width: 600px) 100vw, 600px\" \/><\/div><\/div><div class=\"w-separator size_medium\"><\/div><div class=\"wpb_text_column\"><div class=\"wpb_wrapper\"><p><span style=\"font-weight: 400;\">Per a la <strong>solapa<\/strong>, col\u00b7loquem centrada la cinta per al tancament de la motxilla, amb les teles dret amb dret.<\/span><\/p>\n<\/div><\/div><div class=\"w-image align_center\"><div class=\"w-image-h\"><img decoding=\"async\" width=\"600\" height=\"600\" src=\"https:\/\/www.manubens.es\/wp-content\/uploads\/2021\/07\/Manubens_mkt_Juliol0293-600x600.jpg\" class=\"attachment-large size-large\" alt=\"C\u00f3mo decorar una mochila para el cole Paso 5\" loading=\"lazy\" srcset=\"https:\/\/www.manubens.es\/wp-content\/uploads\/2021\/07\/Manubens_mkt_Juliol0293-600x600.jpg 600w, https:\/\/www.manubens.es\/wp-content\/uploads\/2021\/07\/Manubens_mkt_Juliol0293-300x300.jpg 300w, https:\/\/www.manubens.es\/wp-content\/uploads\/2021\/07\/Manubens_mkt_Juliol0293-150x150.jpg 150w, https:\/\/www.manubens.es\/wp-content\/uploads\/2021\/07\/Manubens_mkt_Juliol0293-1536x1536.jpg 1536w, https:\/\/www.manubens.es\/wp-content\/uploads\/2021\/07\/Manubens_mkt_Juliol0293-2048x2048.jpg 2048w, https:\/\/www.manubens.es\/wp-content\/uploads\/2021\/07\/Manubens_mkt_Juliol0293-350x350.jpg 350w\" sizes=\"auto, (max-width: 600px) 100vw, 600px\" \/><\/div><\/div><div class=\"w-separator size_medium\"><\/div><div class=\"wpb_text_column\"><div class=\"wpb_wrapper\"><p><span style=\"font-weight: 400;\">Cosim i girem.<\/span><\/p>\n<\/div><\/div><div class=\"w-image align_center\"><div class=\"w-image-h\"><img decoding=\"async\" width=\"600\" height=\"600\" src=\"https:\/\/www.manubens.es\/wp-content\/uploads\/2021\/07\/Manubens_mkt_Juliol0296-600x600.jpg\" class=\"attachment-large size-large\" alt=\"C\u00f3mo decorar una mochila para el cole Paso 6\" loading=\"lazy\" srcset=\"https:\/\/www.manubens.es\/wp-content\/uploads\/2021\/07\/Manubens_mkt_Juliol0296-600x600.jpg 600w, https:\/\/www.manubens.es\/wp-content\/uploads\/2021\/07\/Manubens_mkt_Juliol0296-300x300.jpg 300w, https:\/\/www.manubens.es\/wp-content\/uploads\/2021\/07\/Manubens_mkt_Juliol0296-150x150.jpg 150w, https:\/\/www.manubens.es\/wp-content\/uploads\/2021\/07\/Manubens_mkt_Juliol0296-1536x1536.jpg 1536w, https:\/\/www.manubens.es\/wp-content\/uploads\/2021\/07\/Manubens_mkt_Juliol0296-2048x2048.jpg 2048w, https:\/\/www.manubens.es\/wp-content\/uploads\/2021\/07\/Manubens_mkt_Juliol0296-350x350.jpg 350w\" sizes=\"auto, (max-width: 600px) 100vw, 600px\" \/><\/div><\/div><div class=\"w-separator size_medium\"><\/div><div class=\"wpb_text_column\"><div class=\"wpb_wrapper\"><p><span style=\"font-weight: 400;\">Col\u00b7loquem la solapa en la part superior i cosim amb la tela estampada cap a l&#8217;interior.<\/span><\/p>\n<\/div><\/div><div class=\"w-image align_center\"><div class=\"w-image-h\"><img decoding=\"async\" width=\"600\" height=\"600\" src=\"https:\/\/www.manubens.es\/wp-content\/uploads\/2021\/07\/Manubens_mkt_Juliol0297-600x600.jpg\" class=\"attachment-large size-large\" alt=\"C\u00f3mo decorar una mochila para el cole Paso 7\" loading=\"lazy\" srcset=\"https:\/\/www.manubens.es\/wp-content\/uploads\/2021\/07\/Manubens_mkt_Juliol0297-600x600.jpg 600w, https:\/\/www.manubens.es\/wp-content\/uploads\/2021\/07\/Manubens_mkt_Juliol0297-300x300.jpg 300w, https:\/\/www.manubens.es\/wp-content\/uploads\/2021\/07\/Manubens_mkt_Juliol0297-150x150.jpg 150w, https:\/\/www.manubens.es\/wp-content\/uploads\/2021\/07\/Manubens_mkt_Juliol0297-1536x1536.jpg 1536w, https:\/\/www.manubens.es\/wp-content\/uploads\/2021\/07\/Manubens_mkt_Juliol0297-2048x2048.jpg 2048w, https:\/\/www.manubens.es\/wp-content\/uploads\/2021\/07\/Manubens_mkt_Juliol0297-350x350.jpg 350w\" sizes=\"auto, (max-width: 600px) 100vw, 600px\" \/><\/div><\/div><div class=\"w-separator size_medium\"><\/div><div class=\"wpb_text_column\"><div class=\"wpb_wrapper\"><p><span style=\"font-weight: 400;\">Col\u00b7loquem el folre dret amb dret i cosim. <strong>Cosim els dos extrems<\/strong> deixant les anses totes a l&#8217;interior.<\/span><\/p>\n<\/div><\/div><div class=\"w-image align_center\"><div class=\"w-image-h\"><img decoding=\"async\" width=\"600\" height=\"600\" src=\"https:\/\/www.manubens.es\/wp-content\/uploads\/2021\/07\/Manubens_mkt_Juliol0298-600x600.jpg\" class=\"attachment-large size-large\" alt=\"C\u00f3mo decorar una mochila para el cole Paso 8\" loading=\"lazy\" srcset=\"https:\/\/www.manubens.es\/wp-content\/uploads\/2021\/07\/Manubens_mkt_Juliol0298-600x600.jpg 600w, https:\/\/www.manubens.es\/wp-content\/uploads\/2021\/07\/Manubens_mkt_Juliol0298-300x300.jpg 300w, https:\/\/www.manubens.es\/wp-content\/uploads\/2021\/07\/Manubens_mkt_Juliol0298-150x150.jpg 150w, https:\/\/www.manubens.es\/wp-content\/uploads\/2021\/07\/Manubens_mkt_Juliol0298-1536x1536.jpg 1536w, https:\/\/www.manubens.es\/wp-content\/uploads\/2021\/07\/Manubens_mkt_Juliol0298-2048x2048.jpg 2048w, https:\/\/www.manubens.es\/wp-content\/uploads\/2021\/07\/Manubens_mkt_Juliol0298-350x350.jpg 350w\" sizes=\"auto, (max-width: 600px) 100vw, 600px\" \/><\/div><\/div><div class=\"w-separator size_medium\"><\/div><div class=\"wpb_text_column\"><div class=\"wpb_wrapper\"><p><span style=\"font-weight: 400;\">Donem la volta a la costura, cosim els laterals i col\u00b7loquem un trenat Manubens en les costures per a rematar, d&#8217;aquesta manera les embellim i queda m\u00e9s ben acabada.<\/span><\/p>\n<\/div><\/div><div class=\"w-image align_center\"><div class=\"w-image-h\"><img decoding=\"async\" width=\"600\" height=\"600\" src=\"https:\/\/www.manubens.es\/wp-content\/uploads\/2021\/07\/Manubens_mkt_Juliol0299-600x600.jpg\" class=\"attachment-large size-large\" alt=\"C\u00f3mo decorar una mochila para el cole Paso 9\" loading=\"lazy\" srcset=\"https:\/\/www.manubens.es\/wp-content\/uploads\/2021\/07\/Manubens_mkt_Juliol0299-600x600.jpg 600w, https:\/\/www.manubens.es\/wp-content\/uploads\/2021\/07\/Manubens_mkt_Juliol0299-300x300.jpg 300w, https:\/\/www.manubens.es\/wp-content\/uploads\/2021\/07\/Manubens_mkt_Juliol0299-150x150.jpg 150w, https:\/\/www.manubens.es\/wp-content\/uploads\/2021\/07\/Manubens_mkt_Juliol0299-1536x1536.jpg 1536w, https:\/\/www.manubens.es\/wp-content\/uploads\/2021\/07\/Manubens_mkt_Juliol0299-2048x2048.jpg 2048w, https:\/\/www.manubens.es\/wp-content\/uploads\/2021\/07\/Manubens_mkt_Juliol0299-350x350.jpg 350w\" sizes=\"auto, (max-width: 600px) 100vw, 600px\" \/><\/div><\/div><div class=\"w-separator size_medium\"><\/div><div class=\"wpb_text_column\"><div class=\"wpb_wrapper\"><p><span style=\"font-weight: 400;\">Dobleguem la base i rematem les costures.<\/span><\/p>\n<\/div><\/div><div class=\"w-image align_center\"><div class=\"w-image-h\"><img decoding=\"async\" width=\"600\" height=\"600\" src=\"https:\/\/www.manubens.es\/wp-content\/uploads\/2021\/07\/Manubens_mkt_Juliol0301-600x600.jpg\" class=\"attachment-large size-large\" alt=\"C\u00f3mo decorar una mochila para el cole Paso 10\" loading=\"lazy\" srcset=\"https:\/\/www.manubens.es\/wp-content\/uploads\/2021\/07\/Manubens_mkt_Juliol0301-600x600.jpg 600w, https:\/\/www.manubens.es\/wp-content\/uploads\/2021\/07\/Manubens_mkt_Juliol0301-300x300.jpg 300w, https:\/\/www.manubens.es\/wp-content\/uploads\/2021\/07\/Manubens_mkt_Juliol0301-150x150.jpg 150w, https:\/\/www.manubens.es\/wp-content\/uploads\/2021\/07\/Manubens_mkt_Juliol0301-1536x1536.jpg 1536w, https:\/\/www.manubens.es\/wp-content\/uploads\/2021\/07\/Manubens_mkt_Juliol0301-2048x2048.jpg 2048w, https:\/\/www.manubens.es\/wp-content\/uploads\/2021\/07\/Manubens_mkt_Juliol0301-350x350.jpg 350w\" sizes=\"auto, (max-width: 600px) 100vw, 600px\" \/><\/div><\/div><div class=\"w-separator size_medium\"><\/div><div class=\"wpb_text_column\"><div class=\"wpb_wrapper\"><p><span style=\"font-weight: 400;\">Girem de nou la labor per a col\u00b7locar les peces de tancament.<\/span><\/p>\n<\/div><\/div><div class=\"w-image align_center\"><div class=\"w-image-h\"><img decoding=\"async\" width=\"600\" height=\"600\" src=\"https:\/\/www.manubens.es\/wp-content\/uploads\/2021\/07\/Manubens_mkt_Juliol0302-600x600.jpg\" class=\"attachment-large size-large\" alt=\"C\u00f3mo decorar una mochila para el cole Paso 11\" loading=\"lazy\" srcset=\"https:\/\/www.manubens.es\/wp-content\/uploads\/2021\/07\/Manubens_mkt_Juliol0302-600x600.jpg 600w, https:\/\/www.manubens.es\/wp-content\/uploads\/2021\/07\/Manubens_mkt_Juliol0302-300x300.jpg 300w, https:\/\/www.manubens.es\/wp-content\/uploads\/2021\/07\/Manubens_mkt_Juliol0302-150x150.jpg 150w, https:\/\/www.manubens.es\/wp-content\/uploads\/2021\/07\/Manubens_mkt_Juliol0302-1536x1536.jpg 1536w, https:\/\/www.manubens.es\/wp-content\/uploads\/2021\/07\/Manubens_mkt_Juliol0302-2048x2048.jpg 2048w, https:\/\/www.manubens.es\/wp-content\/uploads\/2021\/07\/Manubens_mkt_Juliol0302-350x350.jpg 350w\" sizes=\"auto, (max-width: 600px) 100vw, 600px\" \/><\/div><\/div><div class=\"w-separator size_medium\"><\/div><div class=\"wpb_text_column\"><div class=\"wpb_wrapper\"><p><span style=\"font-weight: 400;\">Col\u00b7loquem <strong>el tancament en el centre i cosim<\/strong>. Refor\u00e7arem la cinta amb un repunt com es veu en la imatge i ja tindrem acabada la motxilla!<\/span><\/p>\n<p><span style=\"font-weight: 400;\">Qu\u00e8 us ha semblat aquesta proposta? Les motxilles i les bosses que hem anat proposant en aquest blog s\u00f3n manualitats ideals per a ser ensenyades en un taller de costura, per exemple. <strong>Amb elles es pot aprendre a usar la m\u00e0quina de cosir<\/strong> i els repunts sobre materials de diferent gruix.<\/span><\/p>\n<p><span style=\"font-weight: 400;\">Amb aquesta motxilla els nens aniran encantats al col\u00b7legi (i segur que als profes i les professores de l&#8217;escola tamb\u00e9 els agrada i els pregunten per ella).<\/span><\/p>\n<p><span style=\"font-weight: 400;\">Si t&#8217;apassiona el m\u00f3n de la decoraci\u00f3 de complements, en el nostre blog tamb\u00e9 ensenyem a fer <a href=\"https:\/\/www.manubens.es\/ca\/blog\/porta-entrepans-reutilitzable-diy-especial-per-a-regalar\/\">aquest bonic porta-entrepans<\/a> reutilitzables.<\/span><\/p>\n<p><span style=\"font-weight: 400;\">T&#8217;animes a decorar la teva primera motxilla? Ensenya&#8217;ns el resultat utilitzant l&#8217;etiqueta #Manubens en els teus perfils socials. Estarem encantats de veure els resultats.<\/span><\/p>\n<p><span style=\"font-weight: 400;\">Feli\u00e7 manualitat!<\/span><\/p>\n<blockquote class=\"instagram-media\" style=\"background: #FFF; border: 0; border-radius: 3px; box-shadow: 0 0 1px 0 rgba(0,0,0,0.5),0 1px 10px 0 rgba(0,0,0,0.15); margin: 1px; max-width: 540px; min-width: 326px; padding: 0; width: calc(100% - 2px);\" data-instgrm-captioned=\"\" data-instgrm-permalink=\"https:\/\/www.instagram.com\/p\/CS9IgOeD-kF\/?utm_source=ig_embed&amp;utm_campaign=loading\" data-instgrm-version=\"14\">\n<div style=\"padding: 16px;\">\n<p>&nbsp;<\/p>\n<div style=\"display: flex; flex-direction: row; align-items: center;\">\n<div style=\"background-color: #f4f4f4; border-radius: 50%; flex-grow: 0; height: 40px; margin-right: 14px; width: 40px;\"><\/div>\n<div style=\"display: flex; flex-direction: column; flex-grow: 1; justify-content: center;\">\n<div style=\"background-color: #f4f4f4; border-radius: 4px; flex-grow: 0; height: 14px; margin-bottom: 6px; width: 100px;\"><\/div>\n<div style=\"background-color: #f4f4f4; border-radius: 4px; flex-grow: 0; height: 14px; width: 60px;\"><\/div>\n<\/div>\n<\/div>\n<div style=\"padding: 19% 0;\"><\/div>\n<div style=\"display: block; height: 50px; margin: 0 auto 12px; width: 50px;\"><\/div>\n<div style=\"padding-top: 8px;\">\n<div style=\"color: #3897f0; font-family: Arial,sans-serif; font-size: 14px; font-style: normal; font-weight: 550; line-height: 18px;\">Ver esta publicaci\u00f3n en Instagram<\/div>\n<\/div>\n<div style=\"padding: 12.5% 0;\"><\/div>\n<div style=\"display: flex; flex-direction: row; margin-bottom: 14px; align-items: center;\">\n<div>\n<div style=\"background-color: #f4f4f4; border-radius: 50%; height: 12.5px; width: 12.5px; transform: translateX(0px) translateY(7px);\"><\/div>\n<div style=\"background-color: #f4f4f4; height: 12.5px; transform: rotate(-45deg) translateX(3px) translateY(1px); width: 12.5px; flex-grow: 0; margin-right: 14px; margin-left: 2px;\"><\/div>\n<div style=\"background-color: #f4f4f4; border-radius: 50%; height: 12.5px; width: 12.5px; transform: translateX(9px) translateY(-18px);\"><\/div>\n<\/div>\n<div style=\"margin-left: 8px;\">\n<div style=\"background-color: #f4f4f4; border-radius: 50%; flex-grow: 0; height: 20px; width: 20px;\"><\/div>\n<div style=\"width: 0; height: 0; border-top: 2px solid transparent; border-left: 6px solid #f4f4f4; border-bottom: 2px solid transparent; transform: translateX(16px) translateY(-4px) rotate(30deg);\"><\/div>\n<\/div>\n<div style=\"margin-left: auto;\">\n<div style=\"width: 0px; border-top: 8px solid #F4F4F4; border-right: 8px solid transparent; transform: translateY(16px);\"><\/div>\n<div style=\"background-color: #f4f4f4; flex-grow: 0; height: 12px; width: 16px; transform: translateY(-4px);\"><\/div>\n<div style=\"width: 0; height: 0; border-top: 8px solid #F4F4F4; border-left: 8px solid transparent; transform: translateY(-4px) translateX(8px);\"><\/div>\n<\/div>\n<\/div>\n<div style=\"display: flex; flex-direction: column; flex-grow: 1; justify-content: center; margin-bottom: 24px;\">\n<div style=\"background-color: #f4f4f4; border-radius: 4px; flex-grow: 0; height: 14px; margin-bottom: 6px; width: 224px;\"><\/div>\n<div style=\"background-color: #f4f4f4; border-radius: 4px; flex-grow: 0; height: 14px; width: 144px;\"><\/div>\n<\/div>\n<p>&nbsp;<\/p>\n<p style=\"color: #c9c8cd; font-family: Arial,sans-serif; font-size: 14px; line-height: 17px; margin-bottom: 0; margin-top: 8px; overflow: hidden; padding: 8px 0 7px; text-align: center; text-overflow: ellipsis; white-space: nowrap;\"><a style=\"color: #c9c8cd; font-family: Arial,sans-serif; font-size: 14px; font-style: normal; font-weight: normal; line-height: 17px; text-decoration: none;\" href=\"https:\/\/www.instagram.com\/p\/CS9IgOeD-kF\/?utm_source=ig_embed&amp;utm_campaign=loading\" target=\"_blank\" rel=\"noopener\">Una publicaci\u00f3n compartida de Manubens (@manubens.cintas)<\/a><\/p>\n<\/div>\n<\/blockquote>\n<p><script async src=\"\/\/www.instagram.com\/embed.js\"><\/script><\/p>\n<\/div><\/div><\/div><\/div><\/div><\/div><\/section><section class=\"l-section wpb_row height_large\"><div class=\"l-section-h i-cf\"><div class=\"g-cols vc_row via_grid cols_1 laptops-cols_inherit tablets-cols_inherit mobiles-cols_1 valign_top type_default stacking_default\"><div class=\"wpb_column vc_column_container\"><div class=\"vc_column-inner\"><div class=\"w-image align_center\"><div class=\"w-image-h\"><img decoding=\"async\" width=\"1\" height=\"1\" src=\"https:\/\/www.manubens.es\/wp-content\/uploads\/2024\/10\/foto-x-6.jpg\" class=\"attachment-large size-large\" alt=\"\" loading=\"lazy\" \/><\/div><\/div><\/div><\/div><div class=\"wpb_column vc_column_container\"><div class=\"vc_column-inner\"><\/div><\/div><\/div><\/div><\/section><section class=\"l-section wpb_row height_large\"><div class=\"l-section-h i-cf\"><div class=\"g-cols vc_row via_grid cols_1 laptops-cols_inherit tablets-cols_inherit mobiles-cols_1 valign_top type_default stacking_default\"><div class=\"wpb_column vc_column_container\"><div class=\"vc_column-inner\"><\/div><\/div><\/div><\/div><\/section>.<\/p>\n","protected":false},"excerpt":{"rendered":"<p>..<\/p>\n","protected":false},"author":3,"featured_media":5364,"comment_status":"open","ping_status":"open","sticky":false,"template":"","format":"standard","meta":{"footnotes":""},"categories":[62],"tags":[],"class_list":["post-15429","post","type-post","status-publish","format-standard","has-post-thumbnail","hentry","category-ideas-manubens-ca"],"yoast_head":"<!-- This site is optimized with the Yoast SEO plugin v27.5 - https:\/\/yoast.com\/product\/yoast-seo-wordpress\/ -->\n<title>DIY decoratiu: motxilla escolar amb cintes de tela - Manubens<\/title>\n<meta name=\"description\" content=\"Apr\u00e8n a decorar una motxilla amb cintes de tela pas a pas. DIY per a la tornada al col\u00b7legi. Tutorial senzill pas a pas.\" \/>\n<meta name=\"robots\" content=\"index, follow, max-snippet:-1, max-image-preview:large, max-video-preview:-1\" \/>\n<link rel=\"canonical\" href=\"https:\/\/www.manubens.es\/ca\/diy-decoratiu-motxilla-escolar-amb-cintes-de-tela\/\" \/>\n<meta property=\"og:locale\" content=\"ca_ES\" \/>\n<meta property=\"og:type\" content=\"article\" \/>\n<meta property=\"og:title\" content=\"DIY decoratiu: motxilla escolar amb cintes de tela - Manubens\" \/>\n<meta property=\"og:description\" content=\"Apr\u00e8n a decorar una motxilla amb cintes de tela pas a pas. DIY per a la tornada al col\u00b7legi. Tutorial senzill pas a pas.\" \/>\n<meta property=\"og:url\" content=\"https:\/\/www.manubens.es\/ca\/diy-decoratiu-motxilla-escolar-amb-cintes-de-tela\/\" \/>\n<meta property=\"og:site_name\" content=\"Manubens\" \/>\n<meta property=\"article:published_time\" content=\"2024-06-18T11:26:05+00:00\" \/>\n<meta property=\"article:modified_time\" content=\"2024-10-24T08:11:10+00:00\" \/>\n<meta property=\"og:image\" content=\"https:\/\/www.manubens.es\/wp-content\/uploads\/2021\/07\/mochila-vuelta-al-cole.jpg\" \/>\n\t<meta property=\"og:image:width\" content=\"1090\" \/>\n\t<meta property=\"og:image:height\" content=\"550\" \/>\n\t<meta property=\"og:image:type\" content=\"image\/jpeg\" \/>\n<meta name=\"author\" content=\"Manubens\" \/>\n<meta name=\"twitter:card\" content=\"summary_large_image\" \/>\n<meta name=\"twitter:label1\" content=\"Escrit per\" \/>\n\t<meta name=\"twitter:data1\" content=\"Manubens\" \/>\n\t<meta name=\"twitter:label2\" content=\"Temps estimat de lectura\" \/>\n\t<meta name=\"twitter:data2\" content=\"5 minuts\" \/>\n<script type=\"application\/ld+json\" class=\"yoast-schema-graph\">{\"@context\":\"https:\\\/\\\/schema.org\",\"@graph\":[{\"@type\":\"Article\",\"@id\":\"https:\\\/\\\/www.manubens.es\\\/ca\\\/diy-decoratiu-motxilla-escolar-amb-cintes-de-tela\\\/#article\",\"isPartOf\":{\"@id\":\"https:\\\/\\\/www.manubens.es\\\/ca\\\/diy-decoratiu-motxilla-escolar-amb-cintes-de-tela\\\/\"},\"author\":{\"name\":\"Manubens\",\"@id\":\"https:\\\/\\\/www.manubens.es\\\/ca\\\/#\\\/schema\\\/person\\\/cc83950a2556bd2dd10d3b8624863100\"},\"headline\":\"DIY decoratiu: motxilla escolar amb cintes de tela\",\"datePublished\":\"2024-06-18T11:26:05+00:00\",\"dateModified\":\"2024-10-24T08:11:10+00:00\",\"mainEntityOfPage\":{\"@id\":\"https:\\\/\\\/www.manubens.es\\\/ca\\\/diy-decoratiu-motxilla-escolar-amb-cintes-de-tela\\\/\"},\"wordCount\":1012,\"commentCount\":0,\"image\":{\"@id\":\"https:\\\/\\\/www.manubens.es\\\/ca\\\/diy-decoratiu-motxilla-escolar-amb-cintes-de-tela\\\/#primaryimage\"},\"thumbnailUrl\":\"https:\\\/\\\/www.manubens.es\\\/wp-content\\\/uploads\\\/2021\\\/07\\\/mochila-vuelta-al-cole.jpg\",\"articleSection\":[\"Ideas Manubens\"],\"inLanguage\":\"ca\",\"potentialAction\":[{\"@type\":\"CommentAction\",\"name\":\"Comment\",\"target\":[\"https:\\\/\\\/www.manubens.es\\\/ca\\\/diy-decoratiu-motxilla-escolar-amb-cintes-de-tela\\\/#respond\"]}]},{\"@type\":\"WebPage\",\"@id\":\"https:\\\/\\\/www.manubens.es\\\/ca\\\/diy-decoratiu-motxilla-escolar-amb-cintes-de-tela\\\/\",\"url\":\"https:\\\/\\\/www.manubens.es\\\/ca\\\/diy-decoratiu-motxilla-escolar-amb-cintes-de-tela\\\/\",\"name\":\"DIY decoratiu: motxilla escolar amb cintes de tela - Manubens\",\"isPartOf\":{\"@id\":\"https:\\\/\\\/www.manubens.es\\\/ca\\\/#website\"},\"primaryImageOfPage\":{\"@id\":\"https:\\\/\\\/www.manubens.es\\\/ca\\\/diy-decoratiu-motxilla-escolar-amb-cintes-de-tela\\\/#primaryimage\"},\"image\":{\"@id\":\"https:\\\/\\\/www.manubens.es\\\/ca\\\/diy-decoratiu-motxilla-escolar-amb-cintes-de-tela\\\/#primaryimage\"},\"thumbnailUrl\":\"https:\\\/\\\/www.manubens.es\\\/wp-content\\\/uploads\\\/2021\\\/07\\\/mochila-vuelta-al-cole.jpg\",\"datePublished\":\"2024-06-18T11:26:05+00:00\",\"dateModified\":\"2024-10-24T08:11:10+00:00\",\"author\":{\"@id\":\"https:\\\/\\\/www.manubens.es\\\/ca\\\/#\\\/schema\\\/person\\\/cc83950a2556bd2dd10d3b8624863100\"},\"description\":\"Apr\u00e8n a decorar una motxilla amb cintes de tela pas a pas. DIY per a la tornada al col\u00b7legi. Tutorial senzill pas a pas.\",\"breadcrumb\":{\"@id\":\"https:\\\/\\\/www.manubens.es\\\/ca\\\/diy-decoratiu-motxilla-escolar-amb-cintes-de-tela\\\/#breadcrumb\"},\"inLanguage\":\"ca\",\"potentialAction\":[{\"@type\":\"ReadAction\",\"target\":[\"https:\\\/\\\/www.manubens.es\\\/ca\\\/diy-decoratiu-motxilla-escolar-amb-cintes-de-tela\\\/\"]}]},{\"@type\":\"ImageObject\",\"inLanguage\":\"ca\",\"@id\":\"https:\\\/\\\/www.manubens.es\\\/ca\\\/diy-decoratiu-motxilla-escolar-amb-cintes-de-tela\\\/#primaryimage\",\"url\":\"https:\\\/\\\/www.manubens.es\\\/wp-content\\\/uploads\\\/2021\\\/07\\\/mochila-vuelta-al-cole.jpg\",\"contentUrl\":\"https:\\\/\\\/www.manubens.es\\\/wp-content\\\/uploads\\\/2021\\\/07\\\/mochila-vuelta-al-cole.jpg\",\"width\":1090,\"height\":550,\"caption\":\"C\u00f3mo decorar una mochila para el cole\"},{\"@type\":\"BreadcrumbList\",\"@id\":\"https:\\\/\\\/www.manubens.es\\\/ca\\\/diy-decoratiu-motxilla-escolar-amb-cintes-de-tela\\\/#breadcrumb\",\"itemListElement\":[{\"@type\":\"ListItem\",\"position\":1,\"name\":\"Portada\",\"item\":\"https:\\\/\\\/www.manubens.es\\\/ca\\\/\"},{\"@type\":\"ListItem\",\"position\":2,\"name\":\"DIY decoratiu: motxilla escolar amb cintes de tela\"}]},{\"@type\":\"WebSite\",\"@id\":\"https:\\\/\\\/www.manubens.es\\\/ca\\\/#website\",\"url\":\"https:\\\/\\\/www.manubens.es\\\/ca\\\/\",\"name\":\"Manubens\",\"description\":\"Manubens Cintas\",\"potentialAction\":[{\"@type\":\"SearchAction\",\"target\":{\"@type\":\"EntryPoint\",\"urlTemplate\":\"https:\\\/\\\/www.manubens.es\\\/ca\\\/?s={search_term_string}\"},\"query-input\":{\"@type\":\"PropertyValueSpecification\",\"valueRequired\":true,\"valueName\":\"search_term_string\"}}],\"inLanguage\":\"ca\"},{\"@type\":\"Person\",\"@id\":\"https:\\\/\\\/www.manubens.es\\\/ca\\\/#\\\/schema\\\/person\\\/cc83950a2556bd2dd10d3b8624863100\",\"name\":\"Manubens\",\"image\":{\"@type\":\"ImageObject\",\"inLanguage\":\"ca\",\"@id\":\"https:\\\/\\\/secure.gravatar.com\\\/avatar\\\/15725cf86f411a4448330e45448e709f65acd91917559f0ff679989b0394976e?s=96&d=mm&r=g\",\"url\":\"https:\\\/\\\/secure.gravatar.com\\\/avatar\\\/15725cf86f411a4448330e45448e709f65acd91917559f0ff679989b0394976e?s=96&d=mm&r=g\",\"contentUrl\":\"https:\\\/\\\/secure.gravatar.com\\\/avatar\\\/15725cf86f411a4448330e45448e709f65acd91917559f0ff679989b0394976e?s=96&d=mm&r=g\",\"caption\":\"Manubens\"}}]}<\/script>\n<!-- \/ Yoast SEO plugin. -->","yoast_head_json":{"title":"DIY decoratiu: motxilla escolar amb cintes de tela - Manubens","description":"Apr\u00e8n a decorar una motxilla amb cintes de tela pas a pas. DIY per a la tornada al col\u00b7legi. Tutorial senzill pas a pas.","robots":{"index":"index","follow":"follow","max-snippet":"max-snippet:-1","max-image-preview":"max-image-preview:large","max-video-preview":"max-video-preview:-1"},"canonical":"https:\/\/www.manubens.es\/ca\/diy-decoratiu-motxilla-escolar-amb-cintes-de-tela\/","og_locale":"ca_ES","og_type":"article","og_title":"DIY decoratiu: motxilla escolar amb cintes de tela - Manubens","og_description":"Apr\u00e8n a decorar una motxilla amb cintes de tela pas a pas. DIY per a la tornada al col\u00b7legi. Tutorial senzill pas a pas.","og_url":"https:\/\/www.manubens.es\/ca\/diy-decoratiu-motxilla-escolar-amb-cintes-de-tela\/","og_site_name":"Manubens","article_published_time":"2024-06-18T11:26:05+00:00","article_modified_time":"2024-10-24T08:11:10+00:00","og_image":[{"width":1090,"height":550,"url":"https:\/\/www.manubens.es\/wp-content\/uploads\/2021\/07\/mochila-vuelta-al-cole.jpg","type":"image\/jpeg"}],"author":"Manubens","twitter_card":"summary_large_image","twitter_misc":{"Escrit per":"Manubens","Temps estimat de lectura":"5 minuts"},"schema":{"@context":"https:\/\/schema.org","@graph":[{"@type":"Article","@id":"https:\/\/www.manubens.es\/ca\/diy-decoratiu-motxilla-escolar-amb-cintes-de-tela\/#article","isPartOf":{"@id":"https:\/\/www.manubens.es\/ca\/diy-decoratiu-motxilla-escolar-amb-cintes-de-tela\/"},"author":{"name":"Manubens","@id":"https:\/\/www.manubens.es\/ca\/#\/schema\/person\/cc83950a2556bd2dd10d3b8624863100"},"headline":"DIY decoratiu: motxilla escolar amb cintes de tela","datePublished":"2024-06-18T11:26:05+00:00","dateModified":"2024-10-24T08:11:10+00:00","mainEntityOfPage":{"@id":"https:\/\/www.manubens.es\/ca\/diy-decoratiu-motxilla-escolar-amb-cintes-de-tela\/"},"wordCount":1012,"commentCount":0,"image":{"@id":"https:\/\/www.manubens.es\/ca\/diy-decoratiu-motxilla-escolar-amb-cintes-de-tela\/#primaryimage"},"thumbnailUrl":"https:\/\/www.manubens.es\/wp-content\/uploads\/2021\/07\/mochila-vuelta-al-cole.jpg","articleSection":["Ideas Manubens"],"inLanguage":"ca","potentialAction":[{"@type":"CommentAction","name":"Comment","target":["https:\/\/www.manubens.es\/ca\/diy-decoratiu-motxilla-escolar-amb-cintes-de-tela\/#respond"]}]},{"@type":"WebPage","@id":"https:\/\/www.manubens.es\/ca\/diy-decoratiu-motxilla-escolar-amb-cintes-de-tela\/","url":"https:\/\/www.manubens.es\/ca\/diy-decoratiu-motxilla-escolar-amb-cintes-de-tela\/","name":"DIY decoratiu: motxilla escolar amb cintes de tela - Manubens","isPartOf":{"@id":"https:\/\/www.manubens.es\/ca\/#website"},"primaryImageOfPage":{"@id":"https:\/\/www.manubens.es\/ca\/diy-decoratiu-motxilla-escolar-amb-cintes-de-tela\/#primaryimage"},"image":{"@id":"https:\/\/www.manubens.es\/ca\/diy-decoratiu-motxilla-escolar-amb-cintes-de-tela\/#primaryimage"},"thumbnailUrl":"https:\/\/www.manubens.es\/wp-content\/uploads\/2021\/07\/mochila-vuelta-al-cole.jpg","datePublished":"2024-06-18T11:26:05+00:00","dateModified":"2024-10-24T08:11:10+00:00","author":{"@id":"https:\/\/www.manubens.es\/ca\/#\/schema\/person\/cc83950a2556bd2dd10d3b8624863100"},"description":"Apr\u00e8n a decorar una motxilla amb cintes de tela pas a pas. DIY per a la tornada al col\u00b7legi. Tutorial senzill pas a pas.","breadcrumb":{"@id":"https:\/\/www.manubens.es\/ca\/diy-decoratiu-motxilla-escolar-amb-cintes-de-tela\/#breadcrumb"},"inLanguage":"ca","potentialAction":[{"@type":"ReadAction","target":["https:\/\/www.manubens.es\/ca\/diy-decoratiu-motxilla-escolar-amb-cintes-de-tela\/"]}]},{"@type":"ImageObject","inLanguage":"ca","@id":"https:\/\/www.manubens.es\/ca\/diy-decoratiu-motxilla-escolar-amb-cintes-de-tela\/#primaryimage","url":"https:\/\/www.manubens.es\/wp-content\/uploads\/2021\/07\/mochila-vuelta-al-cole.jpg","contentUrl":"https:\/\/www.manubens.es\/wp-content\/uploads\/2021\/07\/mochila-vuelta-al-cole.jpg","width":1090,"height":550,"caption":"C\u00f3mo decorar una mochila para el cole"},{"@type":"BreadcrumbList","@id":"https:\/\/www.manubens.es\/ca\/diy-decoratiu-motxilla-escolar-amb-cintes-de-tela\/#breadcrumb","itemListElement":[{"@type":"ListItem","position":1,"name":"Portada","item":"https:\/\/www.manubens.es\/ca\/"},{"@type":"ListItem","position":2,"name":"DIY decoratiu: motxilla escolar amb cintes de tela"}]},{"@type":"WebSite","@id":"https:\/\/www.manubens.es\/ca\/#website","url":"https:\/\/www.manubens.es\/ca\/","name":"Manubens","description":"Manubens Cintas","potentialAction":[{"@type":"SearchAction","target":{"@type":"EntryPoint","urlTemplate":"https:\/\/www.manubens.es\/ca\/?s={search_term_string}"},"query-input":{"@type":"PropertyValueSpecification","valueRequired":true,"valueName":"search_term_string"}}],"inLanguage":"ca"},{"@type":"Person","@id":"https:\/\/www.manubens.es\/ca\/#\/schema\/person\/cc83950a2556bd2dd10d3b8624863100","name":"Manubens","image":{"@type":"ImageObject","inLanguage":"ca","@id":"https:\/\/secure.gravatar.com\/avatar\/15725cf86f411a4448330e45448e709f65acd91917559f0ff679989b0394976e?s=96&d=mm&r=g","url":"https:\/\/secure.gravatar.com\/avatar\/15725cf86f411a4448330e45448e709f65acd91917559f0ff679989b0394976e?s=96&d=mm&r=g","contentUrl":"https:\/\/secure.gravatar.com\/avatar\/15725cf86f411a4448330e45448e709f65acd91917559f0ff679989b0394976e?s=96&d=mm&r=g","caption":"Manubens"}}]}},"_links":{"self":[{"href":"https:\/\/www.manubens.es\/ca\/wp-json\/wp\/v2\/posts\/15429","targetHints":{"allow":["GET"]}}],"collection":[{"href":"https:\/\/www.manubens.es\/ca\/wp-json\/wp\/v2\/posts"}],"about":[{"href":"https:\/\/www.manubens.es\/ca\/wp-json\/wp\/v2\/types\/post"}],"author":[{"embeddable":true,"href":"https:\/\/www.manubens.es\/ca\/wp-json\/wp\/v2\/users\/3"}],"replies":[{"embeddable":true,"href":"https:\/\/www.manubens.es\/ca\/wp-json\/wp\/v2\/comments?post=15429"}],"version-history":[{"count":0,"href":"https:\/\/www.manubens.es\/ca\/wp-json\/wp\/v2\/posts\/15429\/revisions"}],"wp:featuredmedia":[{"embeddable":true,"href":"https:\/\/www.manubens.es\/ca\/wp-json\/wp\/v2\/media\/5364"}],"wp:attachment":[{"href":"https:\/\/www.manubens.es\/ca\/wp-json\/wp\/v2\/media?parent=15429"}],"wp:term":[{"taxonomy":"category","embeddable":true,"href":"https:\/\/www.manubens.es\/ca\/wp-json\/wp\/v2\/categories?post=15429"},{"taxonomy":"post_tag","embeddable":true,"href":"https:\/\/www.manubens.es\/ca\/wp-json\/wp\/v2\/tags?post=15429"}],"curies":[{"name":"wp","href":"https:\/\/api.w.org\/{rel}","templated":true}]}}