{"id":16234,"date":"2024-09-04T10:09:12","date_gmt":"2024-09-04T08:09:12","guid":{"rendered":"https:\/\/www.manubens.es\/blog\/diy-cintes-de-vent-waldorf-amb-colors-vius\/"},"modified":"2024-10-24T09:46:49","modified_gmt":"2024-10-24T07:46:49","slug":"diy-cintes-de-vent-waldorf-amb-colors-vius","status":"publish","type":"post","link":"https:\/\/www.manubens.es\/ca\/diy-cintes-de-vent-waldorf-amb-colors-vius\/","title":{"rendered":"DIY cintes de vent Waldorf amb colors vius"},"content":{"rendered":"<section class=\"l-section wpb_row height_large\"><div class=\"l-section-h i-cf\"><div class=\"g-cols vc_row via_grid cols_1 laptops-cols_inherit tablets-cols_inherit mobiles-cols_1 valign_top type_default stacking_default\"><div class=\"wpb_column vc_column_container\"><div class=\"vc_column-inner\"><div class=\"w-image align_center\"><div class=\"w-image-h\"><img decoding=\"async\" width=\"600\" height=\"600\" src=\"https:\/\/www.manubens.es\/wp-content\/uploads\/2021\/09\/Manubens_mkt_Juliol0317-600x600.jpg\" class=\"attachment-large size-large\" alt=\"C\u00f3mo hacer cintas viento waldorf o cometa de mano 1\" loading=\"lazy\" srcset=\"https:\/\/www.manubens.es\/wp-content\/uploads\/2021\/09\/Manubens_mkt_Juliol0317-600x600.jpg 600w, https:\/\/www.manubens.es\/wp-content\/uploads\/2021\/09\/Manubens_mkt_Juliol0317-300x300.jpg 300w, https:\/\/www.manubens.es\/wp-content\/uploads\/2021\/09\/Manubens_mkt_Juliol0317-150x150.jpg 150w, https:\/\/www.manubens.es\/wp-content\/uploads\/2021\/09\/Manubens_mkt_Juliol0317-1536x1536.jpg 1536w, https:\/\/www.manubens.es\/wp-content\/uploads\/2021\/09\/Manubens_mkt_Juliol0317-2048x2048.jpg 2048w, https:\/\/www.manubens.es\/wp-content\/uploads\/2021\/09\/Manubens_mkt_Juliol0317-350x350.jpg 350w\" sizes=\"auto, (max-width: 600px) 100vw, 600px\" \/><\/div><\/div><div class=\"w-separator size_medium\"><\/div><div class=\"wpb_text_column\"><div class=\"wpb_wrapper\"><h1><strong>Com fer un cometa de m\u00e0 o cintes de vent Waldorf<\/strong><\/h1>\n<p><span style=\"font-weight: 400;\">A quin nen o nena no li agrada jugar amb el vent i embolicar-se en un arc de Sant Mart\u00ed de colors? La manualitat que proposem en aquest article s\u00f3n les Cintes Waldorf. Deuen el seu nom a un m\u00e8tode pedag\u00f2gic anomenat Montessori que promou la creativitat i el joc dels nens i nenes des de la m\u00e9s tendra inf\u00e0ncia.<\/span><\/p>\n<p><span style=\"font-weight: 400;\">En aquesta activitat ells s\u00f3n els protagonistes: trien els colors de les cintes, les nuen i juguen despr\u00e9s amb el vent i els colors, com si fos una cometa. \u00c9s l&#8217;activitat ideal per a realitzar en fam\u00edlia, a casa, en una tarda de cap de setmana. Posteriorment nom\u00e9s quedar\u00e0 esperar un bon dia de ventolera i a jugar!<\/span><\/p>\n<\/div><\/div><div class=\"w-separator size_medium\"><\/div><div class=\"wpb_text_column\"><div class=\"wpb_wrapper\"><h2><strong>Per a fer les cintes Waldorf necessitareu:<\/strong><\/h2>\n<\/div><\/div><div class=\"w-separator size_medium\"><\/div><div class=\"w-image align_center\"><div class=\"w-image-h\"><img decoding=\"async\" width=\"600\" height=\"600\" src=\"https:\/\/www.manubens.es\/wp-content\/uploads\/2021\/09\/Manubens_mkt_Juliol0279-600x600.jpg\" class=\"attachment-large size-large\" alt=\"Materiales para hacer cintas viento waldorf o cometa de mano\" loading=\"lazy\" srcset=\"https:\/\/www.manubens.es\/wp-content\/uploads\/2021\/09\/Manubens_mkt_Juliol0279-600x600.jpg 600w, https:\/\/www.manubens.es\/wp-content\/uploads\/2021\/09\/Manubens_mkt_Juliol0279-300x300.jpg 300w, https:\/\/www.manubens.es\/wp-content\/uploads\/2021\/09\/Manubens_mkt_Juliol0279-150x150.jpg 150w, https:\/\/www.manubens.es\/wp-content\/uploads\/2021\/09\/Manubens_mkt_Juliol0279-1536x1536.jpg 1536w, https:\/\/www.manubens.es\/wp-content\/uploads\/2021\/09\/Manubens_mkt_Juliol0279-2048x2048.jpg 2048w, https:\/\/www.manubens.es\/wp-content\/uploads\/2021\/09\/Manubens_mkt_Juliol0279-350x350.jpg 350w\" sizes=\"auto, (max-width: 600px) 100vw, 600px\" \/><\/div><\/div><div class=\"w-separator size_medium\"><\/div><div class=\"wpb_text_column\"><div class=\"wpb_wrapper\"><ul>\n<li><span style=\"font-weight: 400;\">Anelles de fusta adequades a la grand\u00e0ria de la m\u00e0 del nen.<\/span><\/li>\n<li><span style=\"font-weight: 400;\">Cintes de ras Manubens P.720 de 8 mm d&#8217;ample en els colors de l&#8217;arc de Sant Mart\u00ed. Nosaltres hem usat els colors 53, 25, 567, 5, 71 i 45, per\u00f2 recomanem que cada nen o nena tri\u00ef els que m\u00e9s li agradin. En el nostre cat\u00e0leg us estan esperant 102 colors per a poder triar!<\/span><\/li>\n<li><span style=\"font-weight: 400;\">Tisores.<\/span><\/li>\n<\/ul>\n<\/div><\/div><div class=\"w-separator size_medium\"><\/div><div class=\"w-image align_center\"><div class=\"w-image-h\"><img decoding=\"async\" width=\"1\" height=\"1\" src=\"https:\/\/www.manubens.es\/wp-content\/uploads\/2024\/10\/foto-x-17.jpg\" class=\"attachment-large size-large\" alt=\"Registra&#039;t a la newsletter de Manubens 2\" loading=\"lazy\" \/><\/div><\/div><div class=\"w-separator size_medium\"><\/div><div class=\"wpb_text_column\"><div class=\"wpb_wrapper\"><h3><strong>Les cintes de vent Waldorf pas a pas<\/strong><\/h3>\n<\/div><\/div><div class=\"w-image align_center\"><div class=\"w-image-h\"><img decoding=\"async\" width=\"600\" height=\"600\" src=\"https:\/\/www.manubens.es\/wp-content\/uploads\/2021\/09\/Manubens_mkt_Juliol0281-600x600.jpg\" class=\"attachment-large size-large\" alt=\"C\u00f3mo hacer cintas viento waldorf o cometa de mano Paso 1\" loading=\"lazy\" srcset=\"https:\/\/www.manubens.es\/wp-content\/uploads\/2021\/09\/Manubens_mkt_Juliol0281-600x600.jpg 600w, https:\/\/www.manubens.es\/wp-content\/uploads\/2021\/09\/Manubens_mkt_Juliol0281-300x300.jpg 300w, https:\/\/www.manubens.es\/wp-content\/uploads\/2021\/09\/Manubens_mkt_Juliol0281-150x150.jpg 150w, https:\/\/www.manubens.es\/wp-content\/uploads\/2021\/09\/Manubens_mkt_Juliol0281-1536x1536.jpg 1536w, https:\/\/www.manubens.es\/wp-content\/uploads\/2021\/09\/Manubens_mkt_Juliol0281-2048x2048.jpg 2048w, https:\/\/www.manubens.es\/wp-content\/uploads\/2021\/09\/Manubens_mkt_Juliol0281-350x350.jpg 350w\" sizes=\"auto, (max-width: 600px) 100vw, 600px\" \/><\/div><\/div><div class=\"w-separator size_medium\"><\/div><div class=\"wpb_text_column\"><div class=\"wpb_wrapper\"><p><span style=\"font-weight: 400;\">Tallem trossos de 2 m de llarg de cada cinta i <strong>l&#8217;anem nuant<\/strong> al voltant de l&#8217;anella de fusta.<\/span><\/p>\n<\/div><\/div><div class=\"w-separator size_medium\"><\/div><div class=\"w-image align_center\"><div class=\"w-image-h\"><img decoding=\"async\" width=\"600\" height=\"600\" src=\"https:\/\/www.manubens.es\/wp-content\/uploads\/2021\/09\/Manubens_mkt_Juliol0282-600x600.jpg\" class=\"attachment-large size-large\" alt=\"C\u00f3mo hacer cintas viento waldorf o cometa de mano Paso 2\" loading=\"lazy\" srcset=\"https:\/\/www.manubens.es\/wp-content\/uploads\/2021\/09\/Manubens_mkt_Juliol0282-600x600.jpg 600w, https:\/\/www.manubens.es\/wp-content\/uploads\/2021\/09\/Manubens_mkt_Juliol0282-300x300.jpg 300w, https:\/\/www.manubens.es\/wp-content\/uploads\/2021\/09\/Manubens_mkt_Juliol0282-150x150.jpg 150w, https:\/\/www.manubens.es\/wp-content\/uploads\/2021\/09\/Manubens_mkt_Juliol0282-1536x1536.jpg 1536w, https:\/\/www.manubens.es\/wp-content\/uploads\/2021\/09\/Manubens_mkt_Juliol0282-2048x2048.jpg 2048w, https:\/\/www.manubens.es\/wp-content\/uploads\/2021\/09\/Manubens_mkt_Juliol0282-350x350.jpg 350w\" sizes=\"auto, (max-width: 600px) 100vw, 600px\" \/><\/div><\/div><div class=\"w-separator size_medium\"><\/div><div class=\"wpb_text_column\"><div class=\"wpb_wrapper\"><p><span style=\"font-weight: 400;\">Anem combinant els colors per a fer l&#8217;arc de Sant Mart\u00ed: vermell, taronja, groc\u2026<\/span><\/p>\n<\/div><\/div><div class=\"w-image align_center\"><div class=\"w-image-h\"><img decoding=\"async\" width=\"600\" height=\"600\" src=\"https:\/\/www.manubens.es\/wp-content\/uploads\/2021\/09\/Manubens_mkt_Juliol0285-600x600.jpg\" class=\"attachment-large size-large\" alt=\"C\u00f3mo hacer cintas viento waldorf o cometa de mano Paso 3\" loading=\"lazy\" srcset=\"https:\/\/www.manubens.es\/wp-content\/uploads\/2021\/09\/Manubens_mkt_Juliol0285-600x600.jpg 600w, https:\/\/www.manubens.es\/wp-content\/uploads\/2021\/09\/Manubens_mkt_Juliol0285-300x300.jpg 300w, https:\/\/www.manubens.es\/wp-content\/uploads\/2021\/09\/Manubens_mkt_Juliol0285-150x150.jpg 150w, https:\/\/www.manubens.es\/wp-content\/uploads\/2021\/09\/Manubens_mkt_Juliol0285-1536x1536.jpg 1536w, https:\/\/www.manubens.es\/wp-content\/uploads\/2021\/09\/Manubens_mkt_Juliol0285-2048x2048.jpg 2048w, https:\/\/www.manubens.es\/wp-content\/uploads\/2021\/09\/Manubens_mkt_Juliol0285-350x350.jpg 350w\" sizes=\"auto, (max-width: 600px) 100vw, 600px\" \/><\/div><\/div><div class=\"w-separator size_medium\"><\/div><div class=\"wpb_text_column\"><div class=\"wpb_wrapper\"><p><span style=\"font-weight: 400;\">Anem estrenyent els nusos procurant que les cintes quedin b\u00e9 juntes.<\/span><\/p>\n<\/div><\/div><div class=\"w-image align_center\"><div class=\"w-image-h\"><img decoding=\"async\" width=\"600\" height=\"600\" src=\"https:\/\/www.manubens.es\/wp-content\/uploads\/2021\/09\/Manubens_mkt_Juliol0312-600x600.jpg\" class=\"attachment-large size-large\" alt=\"C\u00f3mo hacer cintas viento waldorf o cometa de mano Paso 4\" loading=\"lazy\" srcset=\"https:\/\/www.manubens.es\/wp-content\/uploads\/2021\/09\/Manubens_mkt_Juliol0312-600x600.jpg 600w, https:\/\/www.manubens.es\/wp-content\/uploads\/2021\/09\/Manubens_mkt_Juliol0312-300x300.jpg 300w, https:\/\/www.manubens.es\/wp-content\/uploads\/2021\/09\/Manubens_mkt_Juliol0312-150x150.jpg 150w, https:\/\/www.manubens.es\/wp-content\/uploads\/2021\/09\/Manubens_mkt_Juliol0312-1536x1536.jpg 1536w, https:\/\/www.manubens.es\/wp-content\/uploads\/2021\/09\/Manubens_mkt_Juliol0312-2048x2048.jpg 2048w, https:\/\/www.manubens.es\/wp-content\/uploads\/2021\/09\/Manubens_mkt_Juliol0312-350x350.jpg 350w\" sizes=\"auto, (max-width: 600px) 100vw, 600px\" \/><\/div><\/div><div class=\"w-separator size_medium\"><\/div><div class=\"wpb_text_column\"><div class=\"wpb_wrapper\"><p><span style=\"font-weight: 400;\">I ja tenim les cintes de vent Waldorf acabades i podem tornar a comen\u00e7ar perqu\u00e8 cada nen de la casa tingui la seva pr\u00f2pia joguina!<\/span><\/p>\n<p><span style=\"font-weight: 400;\">Nosaltres hem realitzat <strong>la versi\u00f3 m\u00e9s senzilla<\/strong> amb una anella petita, un arc de Sant Mart\u00ed simple i 1 m de cua per als m\u00e9s petits. Per als m\u00e9s grans podeu usar anelles o c\u00e8rcols m\u00e9s grans, fer arcs de Sant Mart\u00ed dobles o triples, cues m\u00e9s llargues\u2026 Com m\u00e9s cintes poseu, m\u00e9s vist\u00f3s quedar\u00e0 quan les cintes Waldorf tirin a volar.<\/span><\/p>\n<p><span style=\"font-weight: 400;\">Si est\u00e0s buscant m\u00e9s idees DIY per a fer a casa amb nens com aquesta cometa de m\u00e0 feta amb colors vius, et recomanem donar un cop d&#8217;ull a aquest article del blog on ensenyem a fer <a href=\"https:\/\/www.manubens.es\/ca\/blog\/cometes-decoratives-una-manualitat-divertida\/\">cometes decoratives<\/a> per a penjar en la paret.<\/span><\/p>\n<p><span style=\"font-weight: 400;\">La diversi\u00f3 est\u00e0 assegurada!<\/span><\/p>\n<\/div><\/div><\/div><\/div><\/div><\/div><\/section><section class=\"l-section wpb_row height_large\"><div class=\"l-section-h i-cf\"><div class=\"g-cols vc_row via_grid cols_1 laptops-cols_inherit tablets-cols_inherit mobiles-cols_1 valign_top type_default stacking_default\"><div class=\"wpb_column vc_column_container\"><div class=\"vc_column-inner\"><div class=\"w-image align_center\"><div class=\"w-image-h\"><img decoding=\"async\" width=\"1\" height=\"1\" src=\"https:\/\/www.manubens.es\/wp-content\/uploads\/2024\/10\/foto-x.jpg\" class=\"attachment-large size-large\" alt=\"escubre los servicios de Manubens\" loading=\"lazy\" \/><\/div><\/div><\/div><\/div><div class=\"wpb_column vc_column_container\"><div class=\"vc_column-inner\"><\/div><\/div><\/div><\/div><\/section><section class=\"l-section wpb_row height_large\"><div class=\"l-section-h i-cf\"><div class=\"g-cols vc_row via_grid cols_1 laptops-cols_inherit tablets-cols_inherit mobiles-cols_1 valign_top type_default stacking_default\"><div class=\"wpb_column vc_column_container\"><div class=\"vc_column-inner\"><\/div><\/div><\/div><\/div><\/section>\n","protected":false},"excerpt":{"rendered":"Com fer un cometa de m\u00e0 o cintes de vent Waldorf A quin nen o nena no li agrada jugar amb el vent i embolicar-se en un arc de Sant Mart\u00ed de colors? La manualitat que proposem en aquest article s\u00f3n les Cintes Waldorf. Deuen el seu nom a un m\u00e8tode pedag\u00f2gic anomenat Montessori que...","protected":false},"author":3,"featured_media":5510,"comment_status":"open","ping_status":"open","sticky":false,"template":"","format":"standard","meta":{"footnotes":""},"categories":[62],"tags":[],"class_list":["post-16234","post","type-post","status-publish","format-standard","has-post-thumbnail","hentry","category-ideas-manubens-ca"],"yoast_head":"<!-- This site is optimized with the Yoast SEO plugin v27.5 - https:\/\/yoast.com\/product\/yoast-seo-wordpress\/ -->\n<title>DIY cintes de vent Waldorf amb colors vius - Manubens<\/title>\n<meta name=\"description\" content=\"Manualitat per fer amb nens. Apr\u00e8n a fer cintes de vent o estel de m\u00e0 pas a pas. \u00c9s un DIY molt senzill de fer amb petits.\" \/>\n<meta name=\"robots\" content=\"index, follow, max-snippet:-1, max-image-preview:large, max-video-preview:-1\" \/>\n<link rel=\"canonical\" href=\"https:\/\/www.manubens.es\/ca\/diy-cintes-de-vent-waldorf-amb-colors-vius\/\" \/>\n<meta property=\"og:locale\" content=\"ca_ES\" \/>\n<meta property=\"og:type\" content=\"article\" \/>\n<meta property=\"og:title\" content=\"DIY cintes de vent Waldorf amb colors vius - Manubens\" \/>\n<meta property=\"og:description\" content=\"Manualitat per fer amb nens. Apr\u00e8n a fer cintes de vent o estel de m\u00e0 pas a pas. \u00c9s un DIY molt senzill de fer amb petits.\" \/>\n<meta property=\"og:url\" content=\"https:\/\/www.manubens.es\/ca\/diy-cintes-de-vent-waldorf-amb-colors-vius\/\" \/>\n<meta property=\"og:site_name\" content=\"Manubens\" \/>\n<meta property=\"article:published_time\" content=\"2024-09-04T08:09:12+00:00\" \/>\n<meta property=\"article:modified_time\" content=\"2024-10-24T07:46:49+00:00\" \/>\n<meta property=\"og:image\" content=\"https:\/\/www.manubens.es\/wp-content\/uploads\/2021\/09\/cabecera-blog-dancing-ribbons.jpg\" \/>\n\t<meta property=\"og:image:width\" content=\"1090\" \/>\n\t<meta property=\"og:image:height\" content=\"550\" \/>\n\t<meta property=\"og:image:type\" content=\"image\/jpeg\" \/>\n<meta name=\"author\" content=\"Manubens\" \/>\n<meta name=\"twitter:card\" content=\"summary_large_image\" \/>\n<meta name=\"twitter:label1\" content=\"Escrit per\" \/>\n\t<meta name=\"twitter:data1\" content=\"Manubens\" \/>\n\t<meta name=\"twitter:label2\" content=\"Temps estimat de lectura\" \/>\n\t<meta name=\"twitter:data2\" content=\"3 minuts\" \/>\n<script type=\"application\/ld+json\" class=\"yoast-schema-graph\">{\"@context\":\"https:\\\/\\\/schema.org\",\"@graph\":[{\"@type\":\"Article\",\"@id\":\"https:\\\/\\\/www.manubens.es\\\/ca\\\/diy-cintes-de-vent-waldorf-amb-colors-vius\\\/#article\",\"isPartOf\":{\"@id\":\"https:\\\/\\\/www.manubens.es\\\/ca\\\/diy-cintes-de-vent-waldorf-amb-colors-vius\\\/\"},\"author\":{\"name\":\"Manubens\",\"@id\":\"https:\\\/\\\/www.manubens.es\\\/ca\\\/#\\\/schema\\\/person\\\/cc83950a2556bd2dd10d3b8624863100\"},\"headline\":\"DIY cintes de vent Waldorf amb colors vius\",\"datePublished\":\"2024-09-04T08:09:12+00:00\",\"dateModified\":\"2024-10-24T07:46:49+00:00\",\"mainEntityOfPage\":{\"@id\":\"https:\\\/\\\/www.manubens.es\\\/ca\\\/diy-cintes-de-vent-waldorf-amb-colors-vius\\\/\"},\"wordCount\":635,\"commentCount\":0,\"image\":{\"@id\":\"https:\\\/\\\/www.manubens.es\\\/ca\\\/diy-cintes-de-vent-waldorf-amb-colors-vius\\\/#primaryimage\"},\"thumbnailUrl\":\"https:\\\/\\\/www.manubens.es\\\/wp-content\\\/uploads\\\/2021\\\/09\\\/cabecera-blog-dancing-ribbons.jpg\",\"articleSection\":[\"Ideas Manubens\"],\"inLanguage\":\"ca\",\"potentialAction\":[{\"@type\":\"CommentAction\",\"name\":\"Comment\",\"target\":[\"https:\\\/\\\/www.manubens.es\\\/ca\\\/diy-cintes-de-vent-waldorf-amb-colors-vius\\\/#respond\"]}]},{\"@type\":\"WebPage\",\"@id\":\"https:\\\/\\\/www.manubens.es\\\/ca\\\/diy-cintes-de-vent-waldorf-amb-colors-vius\\\/\",\"url\":\"https:\\\/\\\/www.manubens.es\\\/ca\\\/diy-cintes-de-vent-waldorf-amb-colors-vius\\\/\",\"name\":\"DIY cintes de vent Waldorf amb colors vius - Manubens\",\"isPartOf\":{\"@id\":\"https:\\\/\\\/www.manubens.es\\\/ca\\\/#website\"},\"primaryImageOfPage\":{\"@id\":\"https:\\\/\\\/www.manubens.es\\\/ca\\\/diy-cintes-de-vent-waldorf-amb-colors-vius\\\/#primaryimage\"},\"image\":{\"@id\":\"https:\\\/\\\/www.manubens.es\\\/ca\\\/diy-cintes-de-vent-waldorf-amb-colors-vius\\\/#primaryimage\"},\"thumbnailUrl\":\"https:\\\/\\\/www.manubens.es\\\/wp-content\\\/uploads\\\/2021\\\/09\\\/cabecera-blog-dancing-ribbons.jpg\",\"datePublished\":\"2024-09-04T08:09:12+00:00\",\"dateModified\":\"2024-10-24T07:46:49+00:00\",\"author\":{\"@id\":\"https:\\\/\\\/www.manubens.es\\\/ca\\\/#\\\/schema\\\/person\\\/cc83950a2556bd2dd10d3b8624863100\"},\"description\":\"Manualitat per fer amb nens. Apr\u00e8n a fer cintes de vent o estel de m\u00e0 pas a pas. \u00c9s un DIY molt senzill de fer amb petits.\",\"breadcrumb\":{\"@id\":\"https:\\\/\\\/www.manubens.es\\\/ca\\\/diy-cintes-de-vent-waldorf-amb-colors-vius\\\/#breadcrumb\"},\"inLanguage\":\"ca\",\"potentialAction\":[{\"@type\":\"ReadAction\",\"target\":[\"https:\\\/\\\/www.manubens.es\\\/ca\\\/diy-cintes-de-vent-waldorf-amb-colors-vius\\\/\"]}]},{\"@type\":\"ImageObject\",\"inLanguage\":\"ca\",\"@id\":\"https:\\\/\\\/www.manubens.es\\\/ca\\\/diy-cintes-de-vent-waldorf-amb-colors-vius\\\/#primaryimage\",\"url\":\"https:\\\/\\\/www.manubens.es\\\/wp-content\\\/uploads\\\/2021\\\/09\\\/cabecera-blog-dancing-ribbons.jpg\",\"contentUrl\":\"https:\\\/\\\/www.manubens.es\\\/wp-content\\\/uploads\\\/2021\\\/09\\\/cabecera-blog-dancing-ribbons.jpg\",\"width\":1090,\"height\":550,\"caption\":\"C\u00f3mo hacer cintas viento waldorf o cometa de mano\"},{\"@type\":\"BreadcrumbList\",\"@id\":\"https:\\\/\\\/www.manubens.es\\\/ca\\\/diy-cintes-de-vent-waldorf-amb-colors-vius\\\/#breadcrumb\",\"itemListElement\":[{\"@type\":\"ListItem\",\"position\":1,\"name\":\"Portada\",\"item\":\"https:\\\/\\\/www.manubens.es\\\/ca\\\/\"},{\"@type\":\"ListItem\",\"position\":2,\"name\":\"DIY cintes de vent Waldorf amb colors vius\"}]},{\"@type\":\"WebSite\",\"@id\":\"https:\\\/\\\/www.manubens.es\\\/ca\\\/#website\",\"url\":\"https:\\\/\\\/www.manubens.es\\\/ca\\\/\",\"name\":\"Manubens\",\"description\":\"Manubens Cintas\",\"potentialAction\":[{\"@type\":\"SearchAction\",\"target\":{\"@type\":\"EntryPoint\",\"urlTemplate\":\"https:\\\/\\\/www.manubens.es\\\/ca\\\/?s={search_term_string}\"},\"query-input\":{\"@type\":\"PropertyValueSpecification\",\"valueRequired\":true,\"valueName\":\"search_term_string\"}}],\"inLanguage\":\"ca\"},{\"@type\":\"Person\",\"@id\":\"https:\\\/\\\/www.manubens.es\\\/ca\\\/#\\\/schema\\\/person\\\/cc83950a2556bd2dd10d3b8624863100\",\"name\":\"Manubens\",\"image\":{\"@type\":\"ImageObject\",\"inLanguage\":\"ca\",\"@id\":\"https:\\\/\\\/secure.gravatar.com\\\/avatar\\\/15725cf86f411a4448330e45448e709f65acd91917559f0ff679989b0394976e?s=96&d=mm&r=g\",\"url\":\"https:\\\/\\\/secure.gravatar.com\\\/avatar\\\/15725cf86f411a4448330e45448e709f65acd91917559f0ff679989b0394976e?s=96&d=mm&r=g\",\"contentUrl\":\"https:\\\/\\\/secure.gravatar.com\\\/avatar\\\/15725cf86f411a4448330e45448e709f65acd91917559f0ff679989b0394976e?s=96&d=mm&r=g\",\"caption\":\"Manubens\"}}]}<\/script>\n<!-- \/ Yoast SEO plugin. -->","yoast_head_json":{"title":"DIY cintes de vent Waldorf amb colors vius - Manubens","description":"Manualitat per fer amb nens. Apr\u00e8n a fer cintes de vent o estel de m\u00e0 pas a pas. \u00c9s un DIY molt senzill de fer amb petits.","robots":{"index":"index","follow":"follow","max-snippet":"max-snippet:-1","max-image-preview":"max-image-preview:large","max-video-preview":"max-video-preview:-1"},"canonical":"https:\/\/www.manubens.es\/ca\/diy-cintes-de-vent-waldorf-amb-colors-vius\/","og_locale":"ca_ES","og_type":"article","og_title":"DIY cintes de vent Waldorf amb colors vius - Manubens","og_description":"Manualitat per fer amb nens. Apr\u00e8n a fer cintes de vent o estel de m\u00e0 pas a pas. \u00c9s un DIY molt senzill de fer amb petits.","og_url":"https:\/\/www.manubens.es\/ca\/diy-cintes-de-vent-waldorf-amb-colors-vius\/","og_site_name":"Manubens","article_published_time":"2024-09-04T08:09:12+00:00","article_modified_time":"2024-10-24T07:46:49+00:00","og_image":[{"width":1090,"height":550,"url":"https:\/\/www.manubens.es\/wp-content\/uploads\/2021\/09\/cabecera-blog-dancing-ribbons.jpg","type":"image\/jpeg"}],"author":"Manubens","twitter_card":"summary_large_image","twitter_misc":{"Escrit per":"Manubens","Temps estimat de lectura":"3 minuts"},"schema":{"@context":"https:\/\/schema.org","@graph":[{"@type":"Article","@id":"https:\/\/www.manubens.es\/ca\/diy-cintes-de-vent-waldorf-amb-colors-vius\/#article","isPartOf":{"@id":"https:\/\/www.manubens.es\/ca\/diy-cintes-de-vent-waldorf-amb-colors-vius\/"},"author":{"name":"Manubens","@id":"https:\/\/www.manubens.es\/ca\/#\/schema\/person\/cc83950a2556bd2dd10d3b8624863100"},"headline":"DIY cintes de vent Waldorf amb colors vius","datePublished":"2024-09-04T08:09:12+00:00","dateModified":"2024-10-24T07:46:49+00:00","mainEntityOfPage":{"@id":"https:\/\/www.manubens.es\/ca\/diy-cintes-de-vent-waldorf-amb-colors-vius\/"},"wordCount":635,"commentCount":0,"image":{"@id":"https:\/\/www.manubens.es\/ca\/diy-cintes-de-vent-waldorf-amb-colors-vius\/#primaryimage"},"thumbnailUrl":"https:\/\/www.manubens.es\/wp-content\/uploads\/2021\/09\/cabecera-blog-dancing-ribbons.jpg","articleSection":["Ideas Manubens"],"inLanguage":"ca","potentialAction":[{"@type":"CommentAction","name":"Comment","target":["https:\/\/www.manubens.es\/ca\/diy-cintes-de-vent-waldorf-amb-colors-vius\/#respond"]}]},{"@type":"WebPage","@id":"https:\/\/www.manubens.es\/ca\/diy-cintes-de-vent-waldorf-amb-colors-vius\/","url":"https:\/\/www.manubens.es\/ca\/diy-cintes-de-vent-waldorf-amb-colors-vius\/","name":"DIY cintes de vent Waldorf amb colors vius - Manubens","isPartOf":{"@id":"https:\/\/www.manubens.es\/ca\/#website"},"primaryImageOfPage":{"@id":"https:\/\/www.manubens.es\/ca\/diy-cintes-de-vent-waldorf-amb-colors-vius\/#primaryimage"},"image":{"@id":"https:\/\/www.manubens.es\/ca\/diy-cintes-de-vent-waldorf-amb-colors-vius\/#primaryimage"},"thumbnailUrl":"https:\/\/www.manubens.es\/wp-content\/uploads\/2021\/09\/cabecera-blog-dancing-ribbons.jpg","datePublished":"2024-09-04T08:09:12+00:00","dateModified":"2024-10-24T07:46:49+00:00","author":{"@id":"https:\/\/www.manubens.es\/ca\/#\/schema\/person\/cc83950a2556bd2dd10d3b8624863100"},"description":"Manualitat per fer amb nens. Apr\u00e8n a fer cintes de vent o estel de m\u00e0 pas a pas. \u00c9s un DIY molt senzill de fer amb petits.","breadcrumb":{"@id":"https:\/\/www.manubens.es\/ca\/diy-cintes-de-vent-waldorf-amb-colors-vius\/#breadcrumb"},"inLanguage":"ca","potentialAction":[{"@type":"ReadAction","target":["https:\/\/www.manubens.es\/ca\/diy-cintes-de-vent-waldorf-amb-colors-vius\/"]}]},{"@type":"ImageObject","inLanguage":"ca","@id":"https:\/\/www.manubens.es\/ca\/diy-cintes-de-vent-waldorf-amb-colors-vius\/#primaryimage","url":"https:\/\/www.manubens.es\/wp-content\/uploads\/2021\/09\/cabecera-blog-dancing-ribbons.jpg","contentUrl":"https:\/\/www.manubens.es\/wp-content\/uploads\/2021\/09\/cabecera-blog-dancing-ribbons.jpg","width":1090,"height":550,"caption":"C\u00f3mo hacer cintas viento waldorf o cometa de mano"},{"@type":"BreadcrumbList","@id":"https:\/\/www.manubens.es\/ca\/diy-cintes-de-vent-waldorf-amb-colors-vius\/#breadcrumb","itemListElement":[{"@type":"ListItem","position":1,"name":"Portada","item":"https:\/\/www.manubens.es\/ca\/"},{"@type":"ListItem","position":2,"name":"DIY cintes de vent Waldorf amb colors vius"}]},{"@type":"WebSite","@id":"https:\/\/www.manubens.es\/ca\/#website","url":"https:\/\/www.manubens.es\/ca\/","name":"Manubens","description":"Manubens Cintas","potentialAction":[{"@type":"SearchAction","target":{"@type":"EntryPoint","urlTemplate":"https:\/\/www.manubens.es\/ca\/?s={search_term_string}"},"query-input":{"@type":"PropertyValueSpecification","valueRequired":true,"valueName":"search_term_string"}}],"inLanguage":"ca"},{"@type":"Person","@id":"https:\/\/www.manubens.es\/ca\/#\/schema\/person\/cc83950a2556bd2dd10d3b8624863100","name":"Manubens","image":{"@type":"ImageObject","inLanguage":"ca","@id":"https:\/\/secure.gravatar.com\/avatar\/15725cf86f411a4448330e45448e709f65acd91917559f0ff679989b0394976e?s=96&d=mm&r=g","url":"https:\/\/secure.gravatar.com\/avatar\/15725cf86f411a4448330e45448e709f65acd91917559f0ff679989b0394976e?s=96&d=mm&r=g","contentUrl":"https:\/\/secure.gravatar.com\/avatar\/15725cf86f411a4448330e45448e709f65acd91917559f0ff679989b0394976e?s=96&d=mm&r=g","caption":"Manubens"}}]}},"_links":{"self":[{"href":"https:\/\/www.manubens.es\/ca\/wp-json\/wp\/v2\/posts\/16234","targetHints":{"allow":["GET"]}}],"collection":[{"href":"https:\/\/www.manubens.es\/ca\/wp-json\/wp\/v2\/posts"}],"about":[{"href":"https:\/\/www.manubens.es\/ca\/wp-json\/wp\/v2\/types\/post"}],"author":[{"embeddable":true,"href":"https:\/\/www.manubens.es\/ca\/wp-json\/wp\/v2\/users\/3"}],"replies":[{"embeddable":true,"href":"https:\/\/www.manubens.es\/ca\/wp-json\/wp\/v2\/comments?post=16234"}],"version-history":[{"count":0,"href":"https:\/\/www.manubens.es\/ca\/wp-json\/wp\/v2\/posts\/16234\/revisions"}],"wp:featuredmedia":[{"embeddable":true,"href":"https:\/\/www.manubens.es\/ca\/wp-json\/wp\/v2\/media\/5510"}],"wp:attachment":[{"href":"https:\/\/www.manubens.es\/ca\/wp-json\/wp\/v2\/media?parent=16234"}],"wp:term":[{"taxonomy":"category","embeddable":true,"href":"https:\/\/www.manubens.es\/ca\/wp-json\/wp\/v2\/categories?post=16234"},{"taxonomy":"post_tag","embeddable":true,"href":"https:\/\/www.manubens.es\/ca\/wp-json\/wp\/v2\/tags?post=16234"}],"curies":[{"name":"wp","href":"https:\/\/api.w.org\/{rel}","templated":true}]}}