{"id":16420,"date":"2024-09-13T12:28:57","date_gmt":"2024-09-13T10:28:57","guid":{"rendered":"https:\/\/www.manubens.es\/blog\/manualitat-nadalenca-per-a-decorar-les-portes\/"},"modified":"2024-10-23T10:46:22","modified_gmt":"2024-10-23T08:46:22","slug":"manualitat-nadalenca-per-a-decorar-les-portes","status":"publish","type":"post","link":"https:\/\/www.manubens.es\/ca\/manualitat-nadalenca-per-a-decorar-les-portes\/","title":{"rendered":"Manualitat nadalenca per a decorar les portes"},"content":{"rendered":"<section class=\"l-section wpb_row height_large\"><div class=\"l-section-h i-cf\"><div class=\"g-cols vc_row via_grid cols_1 laptops-cols_inherit tablets-cols_inherit mobiles-cols_1 valign_top type_default stacking_default\"><div class=\"wpb_column vc_column_container\"><div class=\"vc_column-inner\"><div class=\"w-image align_center\"><div class=\"w-image-h\"><img decoding=\"async\" width=\"600\" height=\"600\" src=\"https:\/\/www.manubens.es\/wp-content\/uploads\/2021\/11\/Imagen1-1-600x600.jpg\" class=\"attachment-large size-large\" alt=\"manualidades navide\u00f1as para puertas: corona de adviento\" loading=\"lazy\" srcset=\"https:\/\/www.manubens.es\/wp-content\/uploads\/2021\/11\/Imagen1-1-600x600.jpg 600w, https:\/\/www.manubens.es\/wp-content\/uploads\/2021\/11\/Imagen1-1-300x300.jpg 300w, https:\/\/www.manubens.es\/wp-content\/uploads\/2021\/11\/Imagen1-1-150x150.jpg 150w, https:\/\/www.manubens.es\/wp-content\/uploads\/2021\/11\/Imagen1-1-350x350.jpg 350w, https:\/\/www.manubens.es\/wp-content\/uploads\/2021\/11\/Imagen1-1.jpg 1299w\" sizes=\"auto, (max-width: 600px) 100vw, 600px\" \/><\/div><\/div><div class=\"w-separator size_medium\"><\/div><div class=\"wpb_text_column\"><div class=\"wpb_wrapper\"><h1><strong>Com fer garlandes nadalenques per a portes<\/strong><\/h1>\n<p><span style=\"font-weight: 400;\">Celebrem l&#8217;any que acaba, amb els seus dies bons i dolents i ens desitgem el millor per al nou any. Per a la tradici\u00f3 cristiana, festejar el naixement de Jes\u00fas simbolitza tamb\u00e9 un renaixement: a una nova vida i una nova fe.<\/span><\/p>\n<p><span style=\"font-weight: 400;\"><strong>Les corones d&#8217;Advent<\/strong> a les portes d&#8217;entrada s\u00f3n una decoraci\u00f3 de Nadal cada dia m\u00e9s popular. Amb elles donem la benvinguda a la nostra llar a l&#8217;esperit nadalenc i el compartim amb tots els que truquin a la nostra porta.<\/span><\/p>\n<p><span style=\"font-weight: 400;\"><strong>Us agradaria aprendre a fer aquesta corona d&#8217;Advent superf\u00e0cil amb cintes?<\/strong> \u00c9s molt decorativa, no pesa i la podreu aprofitar per a molt Nadal m\u00e9s, fes que la teva porta d&#8217;entrada llueixi meravellosament!<\/span><\/p>\n<\/div><\/div><div class=\"w-separator size_medium\"><\/div><div class=\"wpb_text_column\"><div class=\"wpb_wrapper\"><h2><strong>Per a fer aquest adorn nadalenc per a la porta necessites aquests materials:<\/strong><\/h2>\n<\/div><\/div><div class=\"w-separator size_medium\"><\/div><div class=\"w-image align_center\"><div class=\"w-image-h\"><img decoding=\"async\" width=\"600\" height=\"600\" src=\"https:\/\/www.manubens.es\/wp-content\/uploads\/2021\/11\/Imagen2-1-600x600.jpg\" class=\"attachment-large size-large\" alt=\"materiales que necesitas para hacer esta manualidad navide\u00f1a para puertas: corona de adviento\" loading=\"lazy\" srcset=\"https:\/\/www.manubens.es\/wp-content\/uploads\/2021\/11\/Imagen2-1-600x600.jpg 600w, https:\/\/www.manubens.es\/wp-content\/uploads\/2021\/11\/Imagen2-1-300x300.jpg 300w, https:\/\/www.manubens.es\/wp-content\/uploads\/2021\/11\/Imagen2-1-150x150.jpg 150w, https:\/\/www.manubens.es\/wp-content\/uploads\/2021\/11\/Imagen2-1-350x350.jpg 350w, https:\/\/www.manubens.es\/wp-content\/uploads\/2021\/11\/Imagen2-1.jpg 1067w\" sizes=\"auto, (max-width: 600px) 100vw, 600px\" \/><\/div><\/div><div class=\"w-separator size_medium\"><\/div><div class=\"wpb_text_column\"><div class=\"wpb_wrapper\"><ul>\n<li><span style=\"font-weight: 400;\">Cintes Manubens<\/span><\/li>\n<li><span style=\"font-weight: 400;\">P950 vellut: color 63 d&#8217;ample 16 mm.<\/span><\/li>\n<li><span style=\"font-weight: 400;\">P112 espiga: colors 46 i 63 en ample 20 mm.<\/span><\/li>\n<li><span style=\"font-weight: 400;\">P720 set\u00ed: color 45\u00a0 d&#8217;ample 8 mm.<\/span><\/li>\n<li><span style=\"font-weight: 400;\">P4500 escocesa: color 16 d&#8217;ample 25 mm.<\/span><\/li>\n<li><span style=\"font-weight: 400;\">P850 organza: color 87 d&#8217;ample 25 mm.<\/span><\/li>\n<li><span style=\"font-weight: 400;\">P5200 ondulina lam\u00e9: color 94 d&#8217;ample 2.<\/span><\/li>\n<li><span style=\"font-weight: 400;\">P3000 jute: color 87\u00a0 d&#8217;ample 17 mm.<\/span><\/li>\n<li><span style=\"font-weight: 400;\">P4600 vichy: color 48 d&#8217;ample 16 mm.<\/span><\/li>\n<li><span style=\"font-weight: 400;\">C\u00e8rcol de 4 filferros de color verd per a fer corones de 30 cm de di\u00e0metre<\/span><\/li>\n<li><span style=\"font-weight: 400;\">Tisores<\/span><\/li>\n<\/ul>\n<\/div><\/div><div class=\"w-separator size_medium\"><\/div><div class=\"w-image align_center\"><div class=\"w-image-h\"><img decoding=\"async\" width=\"1\" height=\"1\" src=\"https:\/\/www.manubens.es\/wp-content\/uploads\/2024\/10\/foto-x-17.jpg\" class=\"attachment-large size-large\" alt=\"Registra&#039;t a la newsletter de Manubens 2\" loading=\"lazy\" \/><\/div><\/div><div class=\"w-separator size_medium\"><\/div><div class=\"wpb_text_column\"><div class=\"wpb_wrapper\"><h3><strong>Com fem la corona d&#8217;advent pas a pas<\/strong><\/h3>\n<\/div><\/div><div class=\"w-image align_center\"><div class=\"w-image-h\"><img decoding=\"async\" width=\"600\" height=\"600\" src=\"https:\/\/www.manubens.es\/wp-content\/uploads\/2021\/11\/Imagen3-1-600x600.jpg\" class=\"attachment-large size-large\" alt=\"Paso 1 manualidades navide\u00f1as para puertas\" loading=\"lazy\" srcset=\"https:\/\/www.manubens.es\/wp-content\/uploads\/2021\/11\/Imagen3-1-600x600.jpg 600w, https:\/\/www.manubens.es\/wp-content\/uploads\/2021\/11\/Imagen3-1-300x300.jpg 300w, https:\/\/www.manubens.es\/wp-content\/uploads\/2021\/11\/Imagen3-1-150x150.jpg 150w, https:\/\/www.manubens.es\/wp-content\/uploads\/2021\/11\/Imagen3-1-350x350.jpg 350w, https:\/\/www.manubens.es\/wp-content\/uploads\/2021\/11\/Imagen3-1.jpg 1083w\" sizes=\"auto, (max-width: 600px) 100vw, 600px\" \/><\/div><\/div><div class=\"w-separator size_medium\"><\/div><div class=\"wpb_text_column\"><div class=\"wpb_wrapper\"><p><span style=\"font-weight: 400;\">Un cop tenim la combinaci\u00f3 de cintes que m\u00e9s ens agrada, les tallem a tires de 18 cm aproximadament.<\/span><\/p>\n<\/div><\/div><div class=\"w-separator size_medium\"><\/div><div class=\"w-image align_center\"><div class=\"w-image-h\"><img decoding=\"async\" width=\"600\" height=\"600\" src=\"https:\/\/www.manubens.es\/wp-content\/uploads\/2021\/11\/Imagen4-1-600x600.jpg\" class=\"attachment-large size-large\" alt=\"Paso 2 manualidades navide\u00f1as para puertas\" loading=\"lazy\" srcset=\"https:\/\/www.manubens.es\/wp-content\/uploads\/2021\/11\/Imagen4-1-600x600.jpg 600w, https:\/\/www.manubens.es\/wp-content\/uploads\/2021\/11\/Imagen4-1-300x300.jpg 300w, https:\/\/www.manubens.es\/wp-content\/uploads\/2021\/11\/Imagen4-1-150x150.jpg 150w, https:\/\/www.manubens.es\/wp-content\/uploads\/2021\/11\/Imagen4-1-350x350.jpg 350w, https:\/\/www.manubens.es\/wp-content\/uploads\/2021\/11\/Imagen4-1.jpg 1299w\" sizes=\"auto, (max-width: 600px) 100vw, 600px\" \/><\/div><\/div><div class=\"w-separator size_medium\"><\/div><div class=\"wpb_text_column\"><div class=\"wpb_wrapper\"><p><span style=\"font-weight: 400;\">Nuem les cintes als filferros de la corona amb nus tipus alosa, dels usats en macram\u00e9. En aquesta foto i les successives us vam mostrar com fer-los. <strong>El primer pas<\/strong> \u00e9s doblegar la cinta per la meitat.<\/span><\/p>\n<\/div><\/div><div class=\"w-image align_center\"><div class=\"w-image-h\"><img decoding=\"async\" width=\"600\" height=\"600\" src=\"https:\/\/www.manubens.es\/wp-content\/uploads\/2021\/11\/Imagen5-1-600x600.jpg\" class=\"attachment-large size-large\" alt=\"Paso 3 c\u00f3mo hacer manualidades navide\u00f1as para puertas\" loading=\"lazy\" srcset=\"https:\/\/www.manubens.es\/wp-content\/uploads\/2021\/11\/Imagen5-1-600x600.jpg 600w, https:\/\/www.manubens.es\/wp-content\/uploads\/2021\/11\/Imagen5-1-300x300.jpg 300w, https:\/\/www.manubens.es\/wp-content\/uploads\/2021\/11\/Imagen5-1-150x150.jpg 150w, https:\/\/www.manubens.es\/wp-content\/uploads\/2021\/11\/Imagen5-1-350x350.jpg 350w, https:\/\/www.manubens.es\/wp-content\/uploads\/2021\/11\/Imagen5-1.jpg 1299w\" sizes=\"auto, (max-width: 600px) 100vw, 600px\" \/><\/div><\/div><div class=\"w-separator size_medium\"><\/div><div class=\"wpb_text_column\"><div class=\"wpb_wrapper\"><p><span style=\"font-weight: 400;\">Passem la cinta doblegada pel filferro, sempre en direcci\u00f3 cap avall.<\/span><\/p>\n<\/div><\/div><div class=\"w-image align_center\"><div class=\"w-image-h\"><img decoding=\"async\" width=\"600\" height=\"600\" src=\"https:\/\/www.manubens.es\/wp-content\/uploads\/2021\/11\/Imagen6-1-600x600.jpg\" class=\"attachment-large size-large\" alt=\"Paso 4 manualidades navide\u00f1as para puertas\" loading=\"lazy\" srcset=\"https:\/\/www.manubens.es\/wp-content\/uploads\/2021\/11\/Imagen6-1-600x600.jpg 600w, https:\/\/www.manubens.es\/wp-content\/uploads\/2021\/11\/Imagen6-1-300x300.jpg 300w, https:\/\/www.manubens.es\/wp-content\/uploads\/2021\/11\/Imagen6-1-150x150.jpg 150w, https:\/\/www.manubens.es\/wp-content\/uploads\/2021\/11\/Imagen6-1-350x350.jpg 350w, https:\/\/www.manubens.es\/wp-content\/uploads\/2021\/11\/Imagen6-1.jpg 1299w\" sizes=\"auto, (max-width: 600px) 100vw, 600px\" \/><\/div><\/div><div class=\"w-separator size_medium\"><\/div><div class=\"wpb_text_column\"><div class=\"wpb_wrapper\"><p><span style=\"font-weight: 400;\">I passem els extrems oberts de la cinta a trav\u00e9s del c\u00e8rcol de cinta de l&#8217;altre costat. Despr\u00e9s estrenyem el nus.<\/span><\/p>\n<\/div><\/div><div class=\"w-image align_center\"><div class=\"w-image-h\"><img decoding=\"async\" width=\"600\" height=\"600\" src=\"https:\/\/www.manubens.es\/wp-content\/uploads\/2021\/11\/Imagen7-1-600x600.jpg\" class=\"attachment-large size-large\" alt=\"Paso 5 como hacer manualidades navide\u00f1as para puertas\" loading=\"lazy\" srcset=\"https:\/\/www.manubens.es\/wp-content\/uploads\/2021\/11\/Imagen7-1-600x600.jpg 600w, https:\/\/www.manubens.es\/wp-content\/uploads\/2021\/11\/Imagen7-1-300x300.jpg 300w, https:\/\/www.manubens.es\/wp-content\/uploads\/2021\/11\/Imagen7-1-150x150.jpg 150w, https:\/\/www.manubens.es\/wp-content\/uploads\/2021\/11\/Imagen7-1-350x350.jpg 350w, https:\/\/www.manubens.es\/wp-content\/uploads\/2021\/11\/Imagen7-1.jpg 1299w\" sizes=\"auto, (max-width: 600px) 100vw, 600px\" \/><\/div><\/div><div class=\"w-separator size_medium\"><\/div><div class=\"wpb_text_column\"><div class=\"wpb_wrapper\"><p><span style=\"font-weight: 400;\">Continuem nuant trossos de cinta de 18 cm al voltant dels filferros de la corona, combinant els colors i les textures que m\u00e9s ens agradin.<\/span><\/p>\n<\/div><\/div><div class=\"w-image align_center\"><div class=\"w-image-h\"><img decoding=\"async\" width=\"600\" height=\"600\" src=\"https:\/\/www.manubens.es\/wp-content\/uploads\/2021\/11\/Imagen8-1-600x600.jpg\" class=\"attachment-large size-large\" alt=\"Paso 6 como hacer manualidades navide\u00f1as para puertas\" loading=\"lazy\" srcset=\"https:\/\/www.manubens.es\/wp-content\/uploads\/2021\/11\/Imagen8-1-600x600.jpg 600w, https:\/\/www.manubens.es\/wp-content\/uploads\/2021\/11\/Imagen8-1-300x300.jpg 300w, https:\/\/www.manubens.es\/wp-content\/uploads\/2021\/11\/Imagen8-1-150x150.jpg 150w, https:\/\/www.manubens.es\/wp-content\/uploads\/2021\/11\/Imagen8-1-350x350.jpg 350w, https:\/\/www.manubens.es\/wp-content\/uploads\/2021\/11\/Imagen8-1.jpg 1299w\" sizes=\"auto, (max-width: 600px) 100vw, 600px\" \/><\/div><\/div><div class=\"w-separator size_medium\"><\/div><div class=\"w-image align_center\"><div class=\"w-image-h\"><img decoding=\"async\" width=\"600\" height=\"600\" src=\"https:\/\/www.manubens.es\/wp-content\/uploads\/2021\/11\/Imagen10-1-600x600.jpg\" class=\"attachment-large size-large\" alt=\"Paso 4 como hacer manualidades navide\u00f1as para puertas\" loading=\"lazy\" srcset=\"https:\/\/www.manubens.es\/wp-content\/uploads\/2021\/11\/Imagen10-1-600x600.jpg 600w, https:\/\/www.manubens.es\/wp-content\/uploads\/2021\/11\/Imagen10-1-300x300.jpg 300w, https:\/\/www.manubens.es\/wp-content\/uploads\/2021\/11\/Imagen10-1-150x150.jpg 150w, https:\/\/www.manubens.es\/wp-content\/uploads\/2021\/11\/Imagen10-1-350x350.jpg 350w, https:\/\/www.manubens.es\/wp-content\/uploads\/2021\/11\/Imagen10-1.jpg 1299w\" sizes=\"auto, (max-width: 600px) 100vw, 600px\" \/><\/div><\/div><div class=\"w-separator size_medium\"><\/div><div class=\"wpb_text_column\"><div class=\"wpb_wrapper\"><p><span style=\"font-weight: 400;\">I ja tenim la corona acabada! Per\u00f2 necessitem una cinta per a penjar-la i la rematem amb un lla\u00e7. Nosaltres hem triat una cinta de vellut vermell molt nadalenca, per\u00f2 podria ser verda, de xarpellera\u2026tria la que m\u00e9s t&#8217;agradi!<\/span><\/p>\n<p><span style=\"font-weight: 400;\">Si ets fan de qualsevol classe de manualitat nadalenca t&#8217;animem que donis un cop d&#8217;ull a aquest post on ensenyem a fer <a href=\"https:\/\/www.manubens.es\/ca\/blog\/manualitats-nadalenques-amb-pinyes-per-a-decorar-la-porta-dentrada\/\">decoracions amb pinyes seques<\/a> per a penjar en la paret.<\/span><\/p>\n<p><span style=\"font-weight: 400;\">T&#8217;ha agradat aquesta manualitat? Comparteix els teus resultats utilitzant l&#8217;etiqueta #Manubens en les teves xarxes socials, ens encantar\u00e0 veure el resultat.<\/span><\/p>\n<\/div><\/div><div class=\"w-separator size_medium\"><\/div><\/div><\/div><\/div><\/div><\/section><section class=\"l-section wpb_row height_large\"><div class=\"l-section-h i-cf\"><div class=\"g-cols vc_row via_grid cols_1 laptops-cols_inherit tablets-cols_inherit mobiles-cols_1 valign_top type_default stacking_default\"><div class=\"wpb_column vc_column_container\"><div class=\"vc_column-inner\"><div class=\"w-image align_center\"><div class=\"w-image-h\"><img decoding=\"async\" width=\"1\" height=\"1\" src=\"https:\/\/www.manubens.es\/wp-content\/uploads\/2024\/10\/foto-x.jpg\" class=\"attachment-large size-large\" alt=\"escubre los servicios de Manubens\" loading=\"lazy\" \/><\/div><\/div><\/div><\/div><div class=\"wpb_column vc_column_container\"><div class=\"vc_column-inner\"><\/div><\/div><\/div><\/div><\/section><section class=\"l-section wpb_row height_large\"><div class=\"l-section-h i-cf\"><div class=\"g-cols vc_row via_grid cols_1 laptops-cols_inherit tablets-cols_inherit mobiles-cols_1 valign_top type_default stacking_default\"><div class=\"wpb_column vc_column_container\"><div class=\"vc_column-inner\"><\/div><\/div><\/div><\/div><\/section>\n","protected":false},"excerpt":{"rendered":"Com fer garlandes nadalenques per a portes Celebrem l&#8217;any que acaba, amb els seus dies bons i dolents i ens desitgem el millor per al nou any. Per a la tradici\u00f3 cristiana, festejar el naixement de Jes\u00fas simbolitza tamb\u00e9 un renaixement: a una nova vida i una nova fe. Les corones d&#8217;Advent a les portes...","protected":false},"author":3,"featured_media":5850,"comment_status":"open","ping_status":"open","sticky":false,"template":"","format":"standard","meta":{"footnotes":""},"categories":[62],"tags":[],"class_list":["post-16420","post","type-post","status-publish","format-standard","has-post-thumbnail","hentry","category-ideas-manubens-ca"],"yoast_head":"<!-- This site is optimized with the Yoast SEO plugin v27.5 - https:\/\/yoast.com\/product\/yoast-seo-wordpress\/ -->\n<title>Manualitat nadalenca per a decorar les portes - Manubens<\/title>\n<meta name=\"description\" content=\"Apr\u00e8n a crear aquesta bonica corona d&#039;advent per donar la benvinguda al Nadal. Ideal per penjar a la porta de l&#039;entrada.\" \/>\n<meta name=\"robots\" content=\"index, follow, max-snippet:-1, max-image-preview:large, max-video-preview:-1\" \/>\n<link rel=\"canonical\" href=\"https:\/\/www.manubens.es\/ca\/manualitat-nadalenca-per-a-decorar-les-portes\/\" \/>\n<meta property=\"og:locale\" content=\"ca_ES\" \/>\n<meta property=\"og:type\" content=\"article\" \/>\n<meta property=\"og:title\" content=\"Manualitat nadalenca per a decorar les portes - Manubens\" \/>\n<meta property=\"og:description\" content=\"Apr\u00e8n a crear aquesta bonica corona d&#039;advent per donar la benvinguda al Nadal. Ideal per penjar a la porta de l&#039;entrada.\" \/>\n<meta property=\"og:url\" content=\"https:\/\/www.manubens.es\/ca\/manualitat-nadalenca-per-a-decorar-les-portes\/\" \/>\n<meta property=\"og:site_name\" content=\"Manubens\" \/>\n<meta property=\"article:published_time\" content=\"2024-09-13T10:28:57+00:00\" \/>\n<meta property=\"article:modified_time\" content=\"2024-10-23T08:46:22+00:00\" \/>\n<meta property=\"og:image\" content=\"https:\/\/www.manubens.es\/wp-content\/uploads\/2021\/11\/corona-de-nadal.jpg\" \/>\n\t<meta property=\"og:image:width\" content=\"1090\" \/>\n\t<meta property=\"og:image:height\" content=\"550\" \/>\n\t<meta property=\"og:image:type\" content=\"image\/jpeg\" \/>\n<meta name=\"author\" content=\"Manubens\" \/>\n<meta name=\"twitter:card\" content=\"summary_large_image\" \/>\n<meta name=\"twitter:label1\" content=\"Escrit per\" \/>\n\t<meta name=\"twitter:data1\" content=\"Manubens\" \/>\n\t<meta name=\"twitter:label2\" content=\"Temps estimat de lectura\" \/>\n\t<meta name=\"twitter:data2\" content=\"3 minuts\" \/>\n<script type=\"application\/ld+json\" class=\"yoast-schema-graph\">{\"@context\":\"https:\\\/\\\/schema.org\",\"@graph\":[{\"@type\":\"Article\",\"@id\":\"https:\\\/\\\/www.manubens.es\\\/ca\\\/manualitat-nadalenca-per-a-decorar-les-portes\\\/#article\",\"isPartOf\":{\"@id\":\"https:\\\/\\\/www.manubens.es\\\/ca\\\/manualitat-nadalenca-per-a-decorar-les-portes\\\/\"},\"author\":{\"name\":\"Manubens\",\"@id\":\"https:\\\/\\\/www.manubens.es\\\/ca\\\/#\\\/schema\\\/person\\\/cc83950a2556bd2dd10d3b8624863100\"},\"headline\":\"Manualitat nadalenca per a decorar les portes\",\"datePublished\":\"2024-09-13T10:28:57+00:00\",\"dateModified\":\"2024-10-23T08:46:22+00:00\",\"mainEntityOfPage\":{\"@id\":\"https:\\\/\\\/www.manubens.es\\\/ca\\\/manualitat-nadalenca-per-a-decorar-les-portes\\\/\"},\"wordCount\":694,\"commentCount\":0,\"image\":{\"@id\":\"https:\\\/\\\/www.manubens.es\\\/ca\\\/manualitat-nadalenca-per-a-decorar-les-portes\\\/#primaryimage\"},\"thumbnailUrl\":\"https:\\\/\\\/www.manubens.es\\\/wp-content\\\/uploads\\\/2021\\\/11\\\/corona-de-nadal.jpg\",\"articleSection\":[\"Ideas Manubens\"],\"inLanguage\":\"ca\",\"potentialAction\":[{\"@type\":\"CommentAction\",\"name\":\"Comment\",\"target\":[\"https:\\\/\\\/www.manubens.es\\\/ca\\\/manualitat-nadalenca-per-a-decorar-les-portes\\\/#respond\"]}]},{\"@type\":\"WebPage\",\"@id\":\"https:\\\/\\\/www.manubens.es\\\/ca\\\/manualitat-nadalenca-per-a-decorar-les-portes\\\/\",\"url\":\"https:\\\/\\\/www.manubens.es\\\/ca\\\/manualitat-nadalenca-per-a-decorar-les-portes\\\/\",\"name\":\"Manualitat nadalenca per a decorar les portes - Manubens\",\"isPartOf\":{\"@id\":\"https:\\\/\\\/www.manubens.es\\\/ca\\\/#website\"},\"primaryImageOfPage\":{\"@id\":\"https:\\\/\\\/www.manubens.es\\\/ca\\\/manualitat-nadalenca-per-a-decorar-les-portes\\\/#primaryimage\"},\"image\":{\"@id\":\"https:\\\/\\\/www.manubens.es\\\/ca\\\/manualitat-nadalenca-per-a-decorar-les-portes\\\/#primaryimage\"},\"thumbnailUrl\":\"https:\\\/\\\/www.manubens.es\\\/wp-content\\\/uploads\\\/2021\\\/11\\\/corona-de-nadal.jpg\",\"datePublished\":\"2024-09-13T10:28:57+00:00\",\"dateModified\":\"2024-10-23T08:46:22+00:00\",\"author\":{\"@id\":\"https:\\\/\\\/www.manubens.es\\\/ca\\\/#\\\/schema\\\/person\\\/cc83950a2556bd2dd10d3b8624863100\"},\"description\":\"Apr\u00e8n a crear aquesta bonica corona d'advent per donar la benvinguda al Nadal. Ideal per penjar a la porta de l'entrada.\",\"breadcrumb\":{\"@id\":\"https:\\\/\\\/www.manubens.es\\\/ca\\\/manualitat-nadalenca-per-a-decorar-les-portes\\\/#breadcrumb\"},\"inLanguage\":\"ca\",\"potentialAction\":[{\"@type\":\"ReadAction\",\"target\":[\"https:\\\/\\\/www.manubens.es\\\/ca\\\/manualitat-nadalenca-per-a-decorar-les-portes\\\/\"]}]},{\"@type\":\"ImageObject\",\"inLanguage\":\"ca\",\"@id\":\"https:\\\/\\\/www.manubens.es\\\/ca\\\/manualitat-nadalenca-per-a-decorar-les-portes\\\/#primaryimage\",\"url\":\"https:\\\/\\\/www.manubens.es\\\/wp-content\\\/uploads\\\/2021\\\/11\\\/corona-de-nadal.jpg\",\"contentUrl\":\"https:\\\/\\\/www.manubens.es\\\/wp-content\\\/uploads\\\/2021\\\/11\\\/corona-de-nadal.jpg\",\"width\":1090,\"height\":550},{\"@type\":\"BreadcrumbList\",\"@id\":\"https:\\\/\\\/www.manubens.es\\\/ca\\\/manualitat-nadalenca-per-a-decorar-les-portes\\\/#breadcrumb\",\"itemListElement\":[{\"@type\":\"ListItem\",\"position\":1,\"name\":\"Portada\",\"item\":\"https:\\\/\\\/www.manubens.es\\\/ca\\\/\"},{\"@type\":\"ListItem\",\"position\":2,\"name\":\"Manualitat nadalenca per a decorar les portes\"}]},{\"@type\":\"WebSite\",\"@id\":\"https:\\\/\\\/www.manubens.es\\\/ca\\\/#website\",\"url\":\"https:\\\/\\\/www.manubens.es\\\/ca\\\/\",\"name\":\"Manubens\",\"description\":\"Manubens Cintas\",\"potentialAction\":[{\"@type\":\"SearchAction\",\"target\":{\"@type\":\"EntryPoint\",\"urlTemplate\":\"https:\\\/\\\/www.manubens.es\\\/ca\\\/?s={search_term_string}\"},\"query-input\":{\"@type\":\"PropertyValueSpecification\",\"valueRequired\":true,\"valueName\":\"search_term_string\"}}],\"inLanguage\":\"ca\"},{\"@type\":\"Person\",\"@id\":\"https:\\\/\\\/www.manubens.es\\\/ca\\\/#\\\/schema\\\/person\\\/cc83950a2556bd2dd10d3b8624863100\",\"name\":\"Manubens\",\"image\":{\"@type\":\"ImageObject\",\"inLanguage\":\"ca\",\"@id\":\"https:\\\/\\\/secure.gravatar.com\\\/avatar\\\/15725cf86f411a4448330e45448e709f65acd91917559f0ff679989b0394976e?s=96&d=mm&r=g\",\"url\":\"https:\\\/\\\/secure.gravatar.com\\\/avatar\\\/15725cf86f411a4448330e45448e709f65acd91917559f0ff679989b0394976e?s=96&d=mm&r=g\",\"contentUrl\":\"https:\\\/\\\/secure.gravatar.com\\\/avatar\\\/15725cf86f411a4448330e45448e709f65acd91917559f0ff679989b0394976e?s=96&d=mm&r=g\",\"caption\":\"Manubens\"}}]}<\/script>\n<!-- \/ Yoast SEO plugin. -->","yoast_head_json":{"title":"Manualitat nadalenca per a decorar les portes - Manubens","description":"Apr\u00e8n a crear aquesta bonica corona d'advent per donar la benvinguda al Nadal. Ideal per penjar a la porta de l'entrada.","robots":{"index":"index","follow":"follow","max-snippet":"max-snippet:-1","max-image-preview":"max-image-preview:large","max-video-preview":"max-video-preview:-1"},"canonical":"https:\/\/www.manubens.es\/ca\/manualitat-nadalenca-per-a-decorar-les-portes\/","og_locale":"ca_ES","og_type":"article","og_title":"Manualitat nadalenca per a decorar les portes - Manubens","og_description":"Apr\u00e8n a crear aquesta bonica corona d'advent per donar la benvinguda al Nadal. Ideal per penjar a la porta de l'entrada.","og_url":"https:\/\/www.manubens.es\/ca\/manualitat-nadalenca-per-a-decorar-les-portes\/","og_site_name":"Manubens","article_published_time":"2024-09-13T10:28:57+00:00","article_modified_time":"2024-10-23T08:46:22+00:00","og_image":[{"width":1090,"height":550,"url":"https:\/\/www.manubens.es\/wp-content\/uploads\/2021\/11\/corona-de-nadal.jpg","type":"image\/jpeg"}],"author":"Manubens","twitter_card":"summary_large_image","twitter_misc":{"Escrit per":"Manubens","Temps estimat de lectura":"3 minuts"},"schema":{"@context":"https:\/\/schema.org","@graph":[{"@type":"Article","@id":"https:\/\/www.manubens.es\/ca\/manualitat-nadalenca-per-a-decorar-les-portes\/#article","isPartOf":{"@id":"https:\/\/www.manubens.es\/ca\/manualitat-nadalenca-per-a-decorar-les-portes\/"},"author":{"name":"Manubens","@id":"https:\/\/www.manubens.es\/ca\/#\/schema\/person\/cc83950a2556bd2dd10d3b8624863100"},"headline":"Manualitat nadalenca per a decorar les portes","datePublished":"2024-09-13T10:28:57+00:00","dateModified":"2024-10-23T08:46:22+00:00","mainEntityOfPage":{"@id":"https:\/\/www.manubens.es\/ca\/manualitat-nadalenca-per-a-decorar-les-portes\/"},"wordCount":694,"commentCount":0,"image":{"@id":"https:\/\/www.manubens.es\/ca\/manualitat-nadalenca-per-a-decorar-les-portes\/#primaryimage"},"thumbnailUrl":"https:\/\/www.manubens.es\/wp-content\/uploads\/2021\/11\/corona-de-nadal.jpg","articleSection":["Ideas Manubens"],"inLanguage":"ca","potentialAction":[{"@type":"CommentAction","name":"Comment","target":["https:\/\/www.manubens.es\/ca\/manualitat-nadalenca-per-a-decorar-les-portes\/#respond"]}]},{"@type":"WebPage","@id":"https:\/\/www.manubens.es\/ca\/manualitat-nadalenca-per-a-decorar-les-portes\/","url":"https:\/\/www.manubens.es\/ca\/manualitat-nadalenca-per-a-decorar-les-portes\/","name":"Manualitat nadalenca per a decorar les portes - Manubens","isPartOf":{"@id":"https:\/\/www.manubens.es\/ca\/#website"},"primaryImageOfPage":{"@id":"https:\/\/www.manubens.es\/ca\/manualitat-nadalenca-per-a-decorar-les-portes\/#primaryimage"},"image":{"@id":"https:\/\/www.manubens.es\/ca\/manualitat-nadalenca-per-a-decorar-les-portes\/#primaryimage"},"thumbnailUrl":"https:\/\/www.manubens.es\/wp-content\/uploads\/2021\/11\/corona-de-nadal.jpg","datePublished":"2024-09-13T10:28:57+00:00","dateModified":"2024-10-23T08:46:22+00:00","author":{"@id":"https:\/\/www.manubens.es\/ca\/#\/schema\/person\/cc83950a2556bd2dd10d3b8624863100"},"description":"Apr\u00e8n a crear aquesta bonica corona d'advent per donar la benvinguda al Nadal. Ideal per penjar a la porta de l'entrada.","breadcrumb":{"@id":"https:\/\/www.manubens.es\/ca\/manualitat-nadalenca-per-a-decorar-les-portes\/#breadcrumb"},"inLanguage":"ca","potentialAction":[{"@type":"ReadAction","target":["https:\/\/www.manubens.es\/ca\/manualitat-nadalenca-per-a-decorar-les-portes\/"]}]},{"@type":"ImageObject","inLanguage":"ca","@id":"https:\/\/www.manubens.es\/ca\/manualitat-nadalenca-per-a-decorar-les-portes\/#primaryimage","url":"https:\/\/www.manubens.es\/wp-content\/uploads\/2021\/11\/corona-de-nadal.jpg","contentUrl":"https:\/\/www.manubens.es\/wp-content\/uploads\/2021\/11\/corona-de-nadal.jpg","width":1090,"height":550},{"@type":"BreadcrumbList","@id":"https:\/\/www.manubens.es\/ca\/manualitat-nadalenca-per-a-decorar-les-portes\/#breadcrumb","itemListElement":[{"@type":"ListItem","position":1,"name":"Portada","item":"https:\/\/www.manubens.es\/ca\/"},{"@type":"ListItem","position":2,"name":"Manualitat nadalenca per a decorar les portes"}]},{"@type":"WebSite","@id":"https:\/\/www.manubens.es\/ca\/#website","url":"https:\/\/www.manubens.es\/ca\/","name":"Manubens","description":"Manubens Cintas","potentialAction":[{"@type":"SearchAction","target":{"@type":"EntryPoint","urlTemplate":"https:\/\/www.manubens.es\/ca\/?s={search_term_string}"},"query-input":{"@type":"PropertyValueSpecification","valueRequired":true,"valueName":"search_term_string"}}],"inLanguage":"ca"},{"@type":"Person","@id":"https:\/\/www.manubens.es\/ca\/#\/schema\/person\/cc83950a2556bd2dd10d3b8624863100","name":"Manubens","image":{"@type":"ImageObject","inLanguage":"ca","@id":"https:\/\/secure.gravatar.com\/avatar\/15725cf86f411a4448330e45448e709f65acd91917559f0ff679989b0394976e?s=96&d=mm&r=g","url":"https:\/\/secure.gravatar.com\/avatar\/15725cf86f411a4448330e45448e709f65acd91917559f0ff679989b0394976e?s=96&d=mm&r=g","contentUrl":"https:\/\/secure.gravatar.com\/avatar\/15725cf86f411a4448330e45448e709f65acd91917559f0ff679989b0394976e?s=96&d=mm&r=g","caption":"Manubens"}}]}},"_links":{"self":[{"href":"https:\/\/www.manubens.es\/ca\/wp-json\/wp\/v2\/posts\/16420","targetHints":{"allow":["GET"]}}],"collection":[{"href":"https:\/\/www.manubens.es\/ca\/wp-json\/wp\/v2\/posts"}],"about":[{"href":"https:\/\/www.manubens.es\/ca\/wp-json\/wp\/v2\/types\/post"}],"author":[{"embeddable":true,"href":"https:\/\/www.manubens.es\/ca\/wp-json\/wp\/v2\/users\/3"}],"replies":[{"embeddable":true,"href":"https:\/\/www.manubens.es\/ca\/wp-json\/wp\/v2\/comments?post=16420"}],"version-history":[{"count":0,"href":"https:\/\/www.manubens.es\/ca\/wp-json\/wp\/v2\/posts\/16420\/revisions"}],"wp:featuredmedia":[{"embeddable":true,"href":"https:\/\/www.manubens.es\/ca\/wp-json\/wp\/v2\/media\/5850"}],"wp:attachment":[{"href":"https:\/\/www.manubens.es\/ca\/wp-json\/wp\/v2\/media?parent=16420"}],"wp:term":[{"taxonomy":"category","embeddable":true,"href":"https:\/\/www.manubens.es\/ca\/wp-json\/wp\/v2\/categories?post=16420"},{"taxonomy":"post_tag","embeddable":true,"href":"https:\/\/www.manubens.es\/ca\/wp-json\/wp\/v2\/tags?post=16420"}],"curies":[{"name":"wp","href":"https:\/\/api.w.org\/{rel}","templated":true}]}}