{"id":16497,"date":"2024-09-18T13:57:37","date_gmt":"2024-09-18T11:57:37","guid":{"rendered":"https:\/\/www.manubens.es\/blog\/cometes-decoratives-una-manualitat-divertida-2\/"},"modified":"2024-11-27T10:42:26","modified_gmt":"2024-11-27T09:42:26","slug":"cometes-decoratives-una-manualitat-divertida-2","status":"publish","type":"post","link":"https:\/\/www.manubens.es\/ca\/cometes-decoratives-una-manualitat-divertida-2\/","title":{"rendered":"DIY decoratiu per a nens: nom fet amb cord\u00f3"},"content":{"rendered":"<p>.<section class=\"l-section wpb_row height_large\"><div class=\"l-section-h i-cf\"><div class=\"g-cols vc_row via_grid cols_1 laptops-cols_inherit tablets-cols_inherit mobiles-cols_1 valign_top type_default stacking_default\"><div class=\"wpb_column vc_column_container\"><div class=\"vc_column-inner\"><div class=\"w-image align_center\"><div class=\"w-image-h\"><img decoding=\"async\" width=\"598\" height=\"600\" src=\"https:\/\/www.manubens.es\/wp-content\/uploads\/2021\/06\/10_06_nom_cord\u00f3-copia-598x600.jpg\" class=\"attachment-large size-large\" alt=\"ersonalizar la decoraci\u00f3n infantil con el nombre hecho con cord\u00f3n\" loading=\"lazy\" srcset=\"https:\/\/www.manubens.es\/wp-content\/uploads\/2021\/06\/10_06_nom_cord\u00f3-copia-598x600.jpg 598w, https:\/\/www.manubens.es\/wp-content\/uploads\/2021\/06\/10_06_nom_cord\u00f3-copia-300x300.jpg 300w, https:\/\/www.manubens.es\/wp-content\/uploads\/2021\/06\/10_06_nom_cord\u00f3-copia-150x150.jpg 150w, https:\/\/www.manubens.es\/wp-content\/uploads\/2021\/06\/10_06_nom_cord\u00f3-copia-1531x1536.jpg 1531w, https:\/\/www.manubens.es\/wp-content\/uploads\/2021\/06\/10_06_nom_cord\u00f3-copia-350x350.jpg 350w, https:\/\/www.manubens.es\/wp-content\/uploads\/2021\/06\/10_06_nom_cord\u00f3-copia.jpg 2034w\" sizes=\"auto, (max-width: 598px) 100vw, 598px\" \/><\/div><\/div><div class=\"w-separator size_medium\"><\/div><div class=\"wpb_text_column\"><div class=\"wpb_wrapper\"><h1><strong>Com fer el nom fet amb cord\u00f3 pas a pas<\/strong><\/h1>\n<p><span style=\"font-weight: 400;\">Cap mare o pare es resisteix a decorar l&#8217;habitaci\u00f3 del futur nad\u00f3 amb detalls personalitzats. No importa que sigui el primer fill o el quart. Ens encanta que el dormitori que hem destinat al nou membre de la fam\u00edlia tingui una cosa especial, un detall que simbolitzi les enormes ganes que tenim de donar-li la benvinguda.<\/span><\/p>\n<p><span style=\"font-weight: 400;\">El nom fet amb cord\u00f3 \u00e9s aquest detall especial que personalitzar\u00e0 el seu espai. Queda preci\u00f3s a la porta de l&#8217;armari, en la paret o a la porta del dormitori. \u00abPer\u00f2 no fa falta esperar un beb\u00e8 per a fer aquesta manualitat!\u00bb ens direu. I teniu ra\u00f3.<\/span><\/p>\n<p><span style=\"font-weight: 400;\">Tamb\u00e9 queda de meravella en qualsevol dormitori infantil sobre el llitet de cada germ\u00e0 o en el seu rac\u00f3 favorit.<\/span><\/p>\n<p><span style=\"font-weight: 400;\">S\u00f3n tan f\u00e0cils de fer que poden ser una activitat perfecta per a un taller de manualitats per a principiants. A m\u00e9s necessites molt pocs materials.<\/span><\/p>\n<p><span style=\"font-weight: 400;\">Vols saber com es fa aquest DIY amb els noms a cord\u00f3?<\/span><\/p>\n<\/div><\/div><div class=\"w-image align_center\"><div class=\"w-image-h\"><img decoding=\"async\" width=\"600\" height=\"600\" src=\"https:\/\/www.manubens.es\/wp-content\/uploads\/2021\/06\/Manubens_Maig_0261-600x600.jpg\" class=\"attachment-large size-large\" alt=\"Materiales para hacer el nombre con cord\u00f3n\" loading=\"lazy\" srcset=\"https:\/\/www.manubens.es\/wp-content\/uploads\/2021\/06\/Manubens_Maig_0261-600x600.jpg 600w, https:\/\/www.manubens.es\/wp-content\/uploads\/2021\/06\/Manubens_Maig_0261-300x300.jpg 300w, https:\/\/www.manubens.es\/wp-content\/uploads\/2021\/06\/Manubens_Maig_0261-150x150.jpg 150w, https:\/\/www.manubens.es\/wp-content\/uploads\/2021\/06\/Manubens_Maig_0261-1536x1536.jpg 1536w, https:\/\/www.manubens.es\/wp-content\/uploads\/2021\/06\/Manubens_Maig_0261-2048x2048.jpg 2048w, https:\/\/www.manubens.es\/wp-content\/uploads\/2021\/06\/Manubens_Maig_0261-350x350.jpg 350w\" sizes=\"auto, (max-width: 600px) 100vw, 600px\" \/><\/div><\/div><div class=\"w-separator size_medium\"><\/div><div class=\"wpb_text_column\"><div class=\"wpb_wrapper\"><h2><strong>Materials per a fer el nom amb cord\u00f3<\/strong><\/h2>\n<\/div><\/div><div class=\"wpb_text_column\"><div class=\"wpb_wrapper\"><ul>\n<li><strong>Cord\u00f3 Manubens P200: <\/strong>ample 4 mm.<\/li>\n<li><strong>Filferro molt fi<\/strong><\/li>\n<li><strong>Paper i llapis o impressora<\/strong><\/li>\n<li><strong>Tisores.<\/strong><\/li>\n<\/ul>\n<\/div><\/div><div class=\"w-separator size_medium\"><\/div><div class=\"w-image align_center\"><div class=\"w-image-h\"><img decoding=\"async\" width=\"1\" height=\"1\" src=\"https:\/\/www.manubens.es\/wp-content\/uploads\/2024\/10\/foto-x-12.jpg\" class=\"attachment-large size-large\" alt=\"\" loading=\"lazy\" \/><\/div><\/div><div class=\"w-separator size_medium\"><\/div><div class=\"wpb_text_column\"><div class=\"wpb_wrapper\"><h3><strong>Pas 1. Dibuixar la plantilla<\/strong><\/h3>\n<\/div><\/div><div class=\"w-image align_center\"><div class=\"w-image-h\"><img decoding=\"async\" width=\"600\" height=\"600\" src=\"https:\/\/www.manubens.es\/wp-content\/uploads\/2021\/06\/Manubens_Maig_0517-600x600.jpg\" class=\"attachment-large size-large\" alt=\"Paso 1 para hacer el nombre con cord\u00f3n\" loading=\"lazy\" srcset=\"https:\/\/www.manubens.es\/wp-content\/uploads\/2021\/06\/Manubens_Maig_0517-600x600.jpg 600w, https:\/\/www.manubens.es\/wp-content\/uploads\/2021\/06\/Manubens_Maig_0517-300x300.jpg 300w, https:\/\/www.manubens.es\/wp-content\/uploads\/2021\/06\/Manubens_Maig_0517-150x150.jpg 150w, https:\/\/www.manubens.es\/wp-content\/uploads\/2021\/06\/Manubens_Maig_0517-1536x1536.jpg 1536w, https:\/\/www.manubens.es\/wp-content\/uploads\/2021\/06\/Manubens_Maig_0517-2048x2048.jpg 2048w, https:\/\/www.manubens.es\/wp-content\/uploads\/2021\/06\/Manubens_Maig_0517-350x350.jpg 350w\" sizes=\"auto, (max-width: 600px) 100vw, 600px\" \/><\/div><\/div><div class=\"w-separator size_medium\"><\/div><div class=\"wpb_text_column\"><div class=\"wpb_wrapper\"><p><span style=\"font-weight: 400;\">El primer pas ser\u00e0 escriure el nom en un full de paper. Aquesta fulla ser\u00e0 la plantilla per a la manualitat, aix\u00ed que procurarem que sigui de la grand\u00e0ria definitiva.<\/span><\/p>\n<p><span style=\"font-weight: 400;\">Si no es t\u00e9 costum d&#8217;escriure en cursiva, es pot imprimir el nom des de l&#8217;ordinador. Aix\u00ed tenim l&#8217;opci\u00f3 de triar la tipografia cursiva que m\u00e9s ens agradi.<\/span><\/p>\n<\/div><\/div><div class=\"w-image align_center\"><div class=\"w-image-h\"><img decoding=\"async\" width=\"600\" height=\"551\" src=\"https:\/\/www.manubens.es\/wp-content\/uploads\/2021\/06\/Manubens_Maig_0518-copia-600x551.jpg\" class=\"attachment-large size-large\" alt=\"\" loading=\"lazy\" srcset=\"https:\/\/www.manubens.es\/wp-content\/uploads\/2021\/06\/Manubens_Maig_0518-copia-600x551.jpg 600w, https:\/\/www.manubens.es\/wp-content\/uploads\/2021\/06\/Manubens_Maig_0518-copia-300x275.jpg 300w, https:\/\/www.manubens.es\/wp-content\/uploads\/2021\/06\/Manubens_Maig_0518-copia-1536x1411.jpg 1536w, https:\/\/www.manubens.es\/wp-content\/uploads\/2021\/06\/Manubens_Maig_0518-copia-2048x1881.jpg 2048w\" sizes=\"auto, (max-width: 600px) 100vw, 600px\" \/><\/div><\/div><div class=\"w-separator size_medium\"><\/div><div class=\"wpb_text_column\"><div class=\"wpb_wrapper\"><h3><strong>Pas 2. Tallar el cord\u00f3 que necessitarem<\/strong><\/h3>\n<p><span style=\"font-weight: 400;\">Per no equivocar-nos amb la mesura, dibuixem el contorn del nom amb el cord\u00f3.<\/span><\/p>\n<\/div><\/div><div class=\"w-image align_center\"><div class=\"w-image-h\"><img decoding=\"async\" width=\"600\" height=\"596\" src=\"https:\/\/www.manubens.es\/wp-content\/uploads\/2021\/06\/Manubens_Maig_0520-copia-600x596.jpg\" class=\"attachment-large size-large\" alt=\"Paso 2 para hacer el nombre con cord\u00f3n\" loading=\"lazy\" srcset=\"https:\/\/www.manubens.es\/wp-content\/uploads\/2021\/06\/Manubens_Maig_0520-copia-600x596.jpg 600w, https:\/\/www.manubens.es\/wp-content\/uploads\/2021\/06\/Manubens_Maig_0520-copia-300x298.jpg 300w, https:\/\/www.manubens.es\/wp-content\/uploads\/2021\/06\/Manubens_Maig_0520-copia-150x150.jpg 150w, https:\/\/www.manubens.es\/wp-content\/uploads\/2021\/06\/Manubens_Maig_0520-copia-1536x1525.jpg 1536w, https:\/\/www.manubens.es\/wp-content\/uploads\/2021\/06\/Manubens_Maig_0520-copia-2048x2034.jpg 2048w\" sizes=\"auto, (max-width: 600px) 100vw, 600px\" \/><\/div><\/div><div class=\"w-separator size_medium\"><\/div><div class=\"wpb_text_column\"><div class=\"wpb_wrapper\"><p><span style=\"font-weight: 400;\">Deixem 60 cm extra per a fer el cor a continuaci\u00f3 del nom i tallem.<\/span><\/p>\n<\/div><\/div><div class=\"w-image align_center\"><div class=\"w-image-h\"><img decoding=\"async\" width=\"600\" height=\"600\" src=\"https:\/\/www.manubens.es\/wp-content\/uploads\/2021\/06\/Manubens_Maig_0522-copia-600x600.jpg\" class=\"attachment-large size-large\" alt=\"Paso 2 para hacer el nombre con cord\u00f3n 1\" loading=\"lazy\" srcset=\"https:\/\/www.manubens.es\/wp-content\/uploads\/2021\/06\/Manubens_Maig_0522-copia-600x600.jpg 600w, https:\/\/www.manubens.es\/wp-content\/uploads\/2021\/06\/Manubens_Maig_0522-copia-300x300.jpg 300w, https:\/\/www.manubens.es\/wp-content\/uploads\/2021\/06\/Manubens_Maig_0522-copia-150x150.jpg 150w, https:\/\/www.manubens.es\/wp-content\/uploads\/2021\/06\/Manubens_Maig_0522-copia-1536x1536.jpg 1536w, https:\/\/www.manubens.es\/wp-content\/uploads\/2021\/06\/Manubens_Maig_0522-copia-2048x2048.jpg 2048w, https:\/\/www.manubens.es\/wp-content\/uploads\/2021\/06\/Manubens_Maig_0522-copia-350x350.jpg 350w\" sizes=\"auto, (max-width: 600px) 100vw, 600px\" \/><\/div><\/div><div class=\"w-separator size_medium\"><\/div><div class=\"w-image align_center\"><div class=\"w-image-h\"><img decoding=\"async\" width=\"600\" height=\"600\" src=\"https:\/\/www.manubens.es\/wp-content\/uploads\/2021\/06\/Manubens_Maig_0528-600x600.jpg\" class=\"attachment-large size-large\" alt=\"Paso 2 para hacer el nombre con cord\u00f3n 2\" loading=\"lazy\" srcset=\"https:\/\/www.manubens.es\/wp-content\/uploads\/2021\/06\/Manubens_Maig_0528-600x600.jpg 600w, https:\/\/www.manubens.es\/wp-content\/uploads\/2021\/06\/Manubens_Maig_0528-300x300.jpg 300w, https:\/\/www.manubens.es\/wp-content\/uploads\/2021\/06\/Manubens_Maig_0528-150x150.jpg 150w, https:\/\/www.manubens.es\/wp-content\/uploads\/2021\/06\/Manubens_Maig_0528-1536x1536.jpg 1536w, https:\/\/www.manubens.es\/wp-content\/uploads\/2021\/06\/Manubens_Maig_0528-2048x2048.jpg 2048w, https:\/\/www.manubens.es\/wp-content\/uploads\/2021\/06\/Manubens_Maig_0528-350x350.jpg 350w\" sizes=\"auto, (max-width: 600px) 100vw, 600px\" \/><\/div><\/div><div class=\"w-separator size_medium\"><\/div><div class=\"wpb_text_column\"><div class=\"wpb_wrapper\"><h3><span style=\"font-weight: 400;\">Deixem 60 cm extra per a fer el cor a continuaci\u00f3 del nom i tallem.<\/span><\/h3>\n<\/div><\/div><div class=\"w-image align_center\"><div class=\"w-image-h\"><img decoding=\"async\" width=\"600\" height=\"600\" src=\"https:\/\/www.manubens.es\/wp-content\/uploads\/2021\/06\/Manubens_Maig_0530-copia-600x600.jpg\" class=\"attachment-large size-large\" alt=\"Paso 3 para hacer el nombre con cord\u00f3n\" loading=\"lazy\" srcset=\"https:\/\/www.manubens.es\/wp-content\/uploads\/2021\/06\/Manubens_Maig_0530-copia-600x600.jpg 600w, https:\/\/www.manubens.es\/wp-content\/uploads\/2021\/06\/Manubens_Maig_0530-copia-300x300.jpg 300w, https:\/\/www.manubens.es\/wp-content\/uploads\/2021\/06\/Manubens_Maig_0530-copia-150x150.jpg 150w, https:\/\/www.manubens.es\/wp-content\/uploads\/2021\/06\/Manubens_Maig_0530-copia-1536x1536.jpg 1536w, https:\/\/www.manubens.es\/wp-content\/uploads\/2021\/06\/Manubens_Maig_0530-copia-2048x2048.jpg 2048w, https:\/\/www.manubens.es\/wp-content\/uploads\/2021\/06\/Manubens_Maig_0530-copia-350x350.jpg 350w\" sizes=\"auto, (max-width: 600px) 100vw, 600px\" \/><\/div><\/div><div class=\"w-separator size_medium\"><\/div><div class=\"wpb_text_column\"><div class=\"wpb_wrapper\"><h3><strong>Pas 4. Donem forma al nom<\/strong><\/h3>\n<p><span style=\"font-weight: 400;\">D&#8217;aquesta manera, anem donant forma al nom amb el cord\u00f3 sobre la plantilla.<\/span><\/p>\n<\/div><\/div><div class=\"w-image align_center\"><div class=\"w-image-h\"><img decoding=\"async\" width=\"600\" height=\"600\" src=\"https:\/\/www.manubens.es\/wp-content\/uploads\/2021\/06\/Manubens_Maig_0531-copia-600x600.jpg\" class=\"attachment-large size-large\" alt=\"Paso 4 para hacer el nombre con cord\u00f3n\" loading=\"lazy\" srcset=\"https:\/\/www.manubens.es\/wp-content\/uploads\/2021\/06\/Manubens_Maig_0531-copia-600x600.jpg 600w, https:\/\/www.manubens.es\/wp-content\/uploads\/2021\/06\/Manubens_Maig_0531-copia-300x300.jpg 300w, https:\/\/www.manubens.es\/wp-content\/uploads\/2021\/06\/Manubens_Maig_0531-copia-150x150.jpg 150w, https:\/\/www.manubens.es\/wp-content\/uploads\/2021\/06\/Manubens_Maig_0531-copia-1536x1536.jpg 1536w, https:\/\/www.manubens.es\/wp-content\/uploads\/2021\/06\/Manubens_Maig_0531-copia-2048x2048.jpg 2048w, https:\/\/www.manubens.es\/wp-content\/uploads\/2021\/06\/Manubens_Maig_0531-copia-350x350.jpg 350w\" sizes=\"auto, (max-width: 600px) 100vw, 600px\" \/><\/div><\/div><div class=\"w-separator size_medium\"><\/div><div class=\"wpb_text_column\"><div class=\"wpb_wrapper\"><h3><strong>Pas 5. Forma del primer cor<\/strong><\/h3>\n<p><span style=\"font-weight: 400;\">Amb el tros sobrant formem el primer cor i el tanquem amb un lla\u00e7 en la base.<\/span><\/p>\n<\/div><\/div><div class=\"w-image align_center\"><div class=\"w-image-h\"><img decoding=\"async\" width=\"600\" height=\"600\" src=\"https:\/\/www.manubens.es\/wp-content\/uploads\/2021\/06\/Manubens_Maig_0532-600x600.jpg\" class=\"attachment-large size-large\" alt=\"Paso 5 para hacer el nombre con cord\u00f3n\" loading=\"lazy\" srcset=\"https:\/\/www.manubens.es\/wp-content\/uploads\/2021\/06\/Manubens_Maig_0532-600x600.jpg 600w, https:\/\/www.manubens.es\/wp-content\/uploads\/2021\/06\/Manubens_Maig_0532-300x300.jpg 300w, https:\/\/www.manubens.es\/wp-content\/uploads\/2021\/06\/Manubens_Maig_0532-150x150.jpg 150w, https:\/\/www.manubens.es\/wp-content\/uploads\/2021\/06\/Manubens_Maig_0532-1536x1536.jpg 1536w, https:\/\/www.manubens.es\/wp-content\/uploads\/2021\/06\/Manubens_Maig_0532-2048x2048.jpg 2048w, https:\/\/www.manubens.es\/wp-content\/uploads\/2021\/06\/Manubens_Maig_0532-350x350.jpg 350w\" sizes=\"auto, (max-width: 600px) 100vw, 600px\" \/><\/div><\/div><div class=\"w-separator size_medium\"><\/div><div class=\"wpb_text_column\"><div class=\"wpb_wrapper\"><h3><strong>Pas 6. Creaci\u00f3 dels seg\u00fcents cors<\/strong><\/h3>\n<p><span style=\"font-weight: 400;\">Per a crear els altres dos hem de tallar 60 cm de cord\u00f3 d&#8217;un altre color i l&#8217;emplenem de filferro per al segon cor.<\/span><\/p>\n<\/div><\/div><div class=\"w-image align_center\"><div class=\"w-image-h\"><img decoding=\"async\" width=\"600\" height=\"600\" src=\"https:\/\/www.manubens.es\/wp-content\/uploads\/2021\/06\/Manubens_Maig_0532-600x600.jpg\" class=\"attachment-large size-large\" alt=\"Paso 5 para hacer el nombre con cord\u00f3n\" loading=\"lazy\" srcset=\"https:\/\/www.manubens.es\/wp-content\/uploads\/2021\/06\/Manubens_Maig_0532-600x600.jpg 600w, https:\/\/www.manubens.es\/wp-content\/uploads\/2021\/06\/Manubens_Maig_0532-300x300.jpg 300w, https:\/\/www.manubens.es\/wp-content\/uploads\/2021\/06\/Manubens_Maig_0532-150x150.jpg 150w, https:\/\/www.manubens.es\/wp-content\/uploads\/2021\/06\/Manubens_Maig_0532-1536x1536.jpg 1536w, https:\/\/www.manubens.es\/wp-content\/uploads\/2021\/06\/Manubens_Maig_0532-2048x2048.jpg 2048w, https:\/\/www.manubens.es\/wp-content\/uploads\/2021\/06\/Manubens_Maig_0532-350x350.jpg 350w\" sizes=\"auto, (max-width: 600px) 100vw, 600px\" \/><\/div><\/div><div class=\"w-separator size_medium\"><\/div><div class=\"wpb_text_column\"><div class=\"wpb_wrapper\"><p><span style=\"font-weight: 400;\">Repetim el proc\u00e9s per al tercer cor.<\/span><\/p>\n<\/div><\/div><div class=\"w-image align_center\"><div class=\"w-image-h\"><img decoding=\"async\" width=\"600\" height=\"600\" src=\"https:\/\/www.manubens.es\/wp-content\/uploads\/2021\/06\/Manubens_Maig_0535-3-600x600.jpg\" class=\"attachment-large size-large\" alt=\"Paso 6 para hacer el nombre con cord\u00f3n 1\" loading=\"lazy\" srcset=\"https:\/\/www.manubens.es\/wp-content\/uploads\/2021\/06\/Manubens_Maig_0535-3-600x600.jpg 600w, https:\/\/www.manubens.es\/wp-content\/uploads\/2021\/06\/Manubens_Maig_0535-3-300x300.jpg 300w, https:\/\/www.manubens.es\/wp-content\/uploads\/2021\/06\/Manubens_Maig_0535-3-150x150.jpg 150w, https:\/\/www.manubens.es\/wp-content\/uploads\/2021\/06\/Manubens_Maig_0535-3-1536x1536.jpg 1536w, https:\/\/www.manubens.es\/wp-content\/uploads\/2021\/06\/Manubens_Maig_0535-3-2048x2048.jpg 2048w, https:\/\/www.manubens.es\/wp-content\/uploads\/2021\/06\/Manubens_Maig_0535-3-350x350.jpg 350w\" sizes=\"auto, (max-width: 600px) 100vw, 600px\" \/><\/div><\/div><div class=\"w-separator size_medium\"><\/div><div class=\"wpb_text_column\"><div class=\"wpb_wrapper\"><h3><strong>Pas 7. Entrellacem<\/strong><\/h3>\n<p><span style=\"font-weight: 400;\">Acabem d&#8217;enlla\u00e7ar els tres globus en forma de cor i rematem.<\/span><\/p>\n<\/div><\/div><div class=\"w-image align_center\"><div class=\"w-image-h\"><img decoding=\"async\" width=\"598\" height=\"600\" src=\"https:\/\/www.manubens.es\/wp-content\/uploads\/2021\/06\/10_06_nom_cord\u00f3-copia-598x600.jpg\" class=\"attachment-large size-large\" alt=\"ersonalizar la decoraci\u00f3n infantil con el nombre hecho con cord\u00f3n\" loading=\"lazy\" srcset=\"https:\/\/www.manubens.es\/wp-content\/uploads\/2021\/06\/10_06_nom_cord\u00f3-copia-598x600.jpg 598w, https:\/\/www.manubens.es\/wp-content\/uploads\/2021\/06\/10_06_nom_cord\u00f3-copia-300x300.jpg 300w, https:\/\/www.manubens.es\/wp-content\/uploads\/2021\/06\/10_06_nom_cord\u00f3-copia-150x150.jpg 150w, https:\/\/www.manubens.es\/wp-content\/uploads\/2021\/06\/10_06_nom_cord\u00f3-copia-1531x1536.jpg 1531w, https:\/\/www.manubens.es\/wp-content\/uploads\/2021\/06\/10_06_nom_cord\u00f3-copia-350x350.jpg 350w, https:\/\/www.manubens.es\/wp-content\/uploads\/2021\/06\/10_06_nom_cord\u00f3-copia.jpg 2034w\" sizes=\"auto, (max-width: 598px) 100vw, 598px\" \/><\/div><\/div><div class=\"w-separator size_medium\"><\/div><div class=\"wpb_text_column\"><div class=\"wpb_wrapper\"><p><span style=\"font-weight: 400;\">I llest! Ja tenim el nom de la Maria acabat!<\/span><\/p>\n<p><span style=\"font-weight: 400;\">Ho podem enganxar amb unes gotetes de silicona en una taula pintada del color preferit, en la pantalla d&#8217;un llum, a la porta de l\u00a1armari\u2026 Hi ha tantes possibilitats com idees de les vostres clientes.<\/span><\/p>\n<p><span style=\"font-weight: 400;\">Si t&#8217;interessen les manualitats DIY com aquestes, t&#8217;animem que visitis aquest article del blog on ensenyem a fer un<a href=\"https:\/\/www.manubens.es\/ca\/blog\/porta-entrepans-reutilitzable-diy-especial-per-a-regalar\/\"> porta entrepans reutilitzable.<\/a><\/span><\/p>\n<p><span style=\"font-weight: 400;\">T&#8217;animes a compartir el resultat d&#8217;aquest DIY? Utilitza l&#8217;etiqueta #Manubens per a poder veure les teves creacions. Feli\u00e7 manualitat!<\/span><\/p>\n<\/div><\/div><\/div><\/div><\/div><\/div><\/section><section class=\"l-section wpb_row height_large\"><div class=\"l-section-h i-cf\"><div class=\"g-cols vc_row via_grid cols_1 laptops-cols_inherit tablets-cols_inherit mobiles-cols_1 valign_top type_default stacking_default\"><div class=\"wpb_column vc_column_container\"><div class=\"vc_column-inner\"><div class=\"w-image align_center\"><div class=\"w-image-h\"><img decoding=\"async\" width=\"1\" height=\"1\" src=\"https:\/\/www.manubens.es\/wp-content\/uploads\/2024\/10\/foto-x-6.jpg\" class=\"attachment-large size-large\" alt=\"\" loading=\"lazy\" \/><\/div><\/div><\/div><\/div><div class=\"wpb_column vc_column_container\"><div class=\"vc_column-inner\"><\/div><\/div><\/div><\/div><\/section><section class=\"l-section wpb_row height_large\"><div class=\"l-section-h i-cf\"><div class=\"g-cols vc_row via_grid cols_1 laptops-cols_inherit tablets-cols_inherit mobiles-cols_1 valign_top type_default stacking_default\"><div class=\"wpb_column vc_column_container\"><div class=\"vc_column-inner\"><\/div><\/div><\/div><\/div><\/section>.<\/p>\n","protected":false},"excerpt":{"rendered":"<p>..<\/p>\n","protected":false},"author":3,"featured_media":2750,"comment_status":"open","ping_status":"open","sticky":false,"template":"","format":"standard","meta":{"footnotes":""},"categories":[62],"tags":[],"class_list":["post-16497","post","type-post","status-publish","format-standard","has-post-thumbnail","hentry","category-ideas-manubens-ca"],"yoast_head":"<!-- This site is optimized with the Yoast SEO plugin v27.5 - https:\/\/yoast.com\/product\/yoast-seo-wordpress\/ -->\n<title>DIY decoratiu per a nens: nom fet amb cord\u00f3 - Manubens<\/title>\n<meta name=\"description\" content=\"DIY amb nom personalitzable fet amb cord\u00f3. Ideal per regalar en aniversaris o ocasions especials. Apr\u00e8n a fer-ho pas a pas.\" \/>\n<meta name=\"robots\" content=\"index, follow, max-snippet:-1, max-image-preview:large, max-video-preview:-1\" \/>\n<link rel=\"canonical\" href=\"https:\/\/www.manubens.es\/ca\/cometes-decoratives-una-manualitat-divertida-2\/\" \/>\n<meta property=\"og:locale\" content=\"ca_ES\" \/>\n<meta property=\"og:type\" content=\"article\" \/>\n<meta property=\"og:title\" content=\"DIY decoratiu per a nens: nom fet amb cord\u00f3 - Manubens\" \/>\n<meta property=\"og:description\" content=\"DIY amb nom personalitzable fet amb cord\u00f3. Ideal per regalar en aniversaris o ocasions especials. Apr\u00e8n a fer-ho pas a pas.\" \/>\n<meta property=\"og:url\" content=\"https:\/\/www.manubens.es\/ca\/cometes-decoratives-una-manualitat-divertida-2\/\" \/>\n<meta property=\"og:site_name\" content=\"Manubens\" \/>\n<meta property=\"article:published_time\" content=\"2024-09-18T11:57:37+00:00\" \/>\n<meta property=\"article:modified_time\" content=\"2024-11-27T09:42:26+00:00\" \/>\n<meta property=\"og:image\" content=\"https:\/\/www.manubens.es\/wp-content\/uploads\/2021\/06\/nombre2-1.jpg\" \/>\n\t<meta property=\"og:image:width\" content=\"1090\" \/>\n\t<meta property=\"og:image:height\" content=\"550\" \/>\n\t<meta property=\"og:image:type\" content=\"image\/jpeg\" \/>\n<meta name=\"author\" content=\"Manubens\" \/>\n<meta name=\"twitter:card\" content=\"summary_large_image\" \/>\n<meta name=\"twitter:label1\" content=\"Escrit per\" \/>\n\t<meta name=\"twitter:data1\" content=\"Manubens\" \/>\n\t<meta name=\"twitter:label2\" content=\"Temps estimat de lectura\" \/>\n\t<meta name=\"twitter:data2\" content=\"4 minuts\" \/>\n<script type=\"application\/ld+json\" class=\"yoast-schema-graph\">{\"@context\":\"https:\\\/\\\/schema.org\",\"@graph\":[{\"@type\":\"Article\",\"@id\":\"https:\\\/\\\/www.manubens.es\\\/ca\\\/cometes-decoratives-una-manualitat-divertida-2\\\/#article\",\"isPartOf\":{\"@id\":\"https:\\\/\\\/www.manubens.es\\\/ca\\\/cometes-decoratives-una-manualitat-divertida-2\\\/\"},\"author\":{\"name\":\"Manubens\",\"@id\":\"https:\\\/\\\/www.manubens.es\\\/ca\\\/#\\\/schema\\\/person\\\/cc83950a2556bd2dd10d3b8624863100\"},\"headline\":\"DIY decoratiu per a nens: nom fet amb cord\u00f3\",\"datePublished\":\"2024-09-18T11:57:37+00:00\",\"dateModified\":\"2024-11-27T09:42:26+00:00\",\"mainEntityOfPage\":{\"@id\":\"https:\\\/\\\/www.manubens.es\\\/ca\\\/cometes-decoratives-una-manualitat-divertida-2\\\/\"},\"wordCount\":802,\"commentCount\":0,\"image\":{\"@id\":\"https:\\\/\\\/www.manubens.es\\\/ca\\\/cometes-decoratives-una-manualitat-divertida-2\\\/#primaryimage\"},\"thumbnailUrl\":\"https:\\\/\\\/www.manubens.es\\\/wp-content\\\/uploads\\\/2021\\\/06\\\/nombre2-1.jpg\",\"articleSection\":[\"Ideas Manubens\"],\"inLanguage\":\"ca\",\"potentialAction\":[{\"@type\":\"CommentAction\",\"name\":\"Comment\",\"target\":[\"https:\\\/\\\/www.manubens.es\\\/ca\\\/cometes-decoratives-una-manualitat-divertida-2\\\/#respond\"]}]},{\"@type\":\"WebPage\",\"@id\":\"https:\\\/\\\/www.manubens.es\\\/ca\\\/cometes-decoratives-una-manualitat-divertida-2\\\/\",\"url\":\"https:\\\/\\\/www.manubens.es\\\/ca\\\/cometes-decoratives-una-manualitat-divertida-2\\\/\",\"name\":\"DIY decoratiu per a nens: nom fet amb cord\u00f3 - Manubens\",\"isPartOf\":{\"@id\":\"https:\\\/\\\/www.manubens.es\\\/ca\\\/#website\"},\"primaryImageOfPage\":{\"@id\":\"https:\\\/\\\/www.manubens.es\\\/ca\\\/cometes-decoratives-una-manualitat-divertida-2\\\/#primaryimage\"},\"image\":{\"@id\":\"https:\\\/\\\/www.manubens.es\\\/ca\\\/cometes-decoratives-una-manualitat-divertida-2\\\/#primaryimage\"},\"thumbnailUrl\":\"https:\\\/\\\/www.manubens.es\\\/wp-content\\\/uploads\\\/2021\\\/06\\\/nombre2-1.jpg\",\"datePublished\":\"2024-09-18T11:57:37+00:00\",\"dateModified\":\"2024-11-27T09:42:26+00:00\",\"author\":{\"@id\":\"https:\\\/\\\/www.manubens.es\\\/ca\\\/#\\\/schema\\\/person\\\/cc83950a2556bd2dd10d3b8624863100\"},\"description\":\"DIY amb nom personalitzable fet amb cord\u00f3. Ideal per regalar en aniversaris o ocasions especials. Apr\u00e8n a fer-ho pas a pas.\",\"breadcrumb\":{\"@id\":\"https:\\\/\\\/www.manubens.es\\\/ca\\\/cometes-decoratives-una-manualitat-divertida-2\\\/#breadcrumb\"},\"inLanguage\":\"ca\",\"potentialAction\":[{\"@type\":\"ReadAction\",\"target\":[\"https:\\\/\\\/www.manubens.es\\\/ca\\\/cometes-decoratives-una-manualitat-divertida-2\\\/\"]}]},{\"@type\":\"ImageObject\",\"inLanguage\":\"ca\",\"@id\":\"https:\\\/\\\/www.manubens.es\\\/ca\\\/cometes-decoratives-una-manualitat-divertida-2\\\/#primaryimage\",\"url\":\"https:\\\/\\\/www.manubens.es\\\/wp-content\\\/uploads\\\/2021\\\/06\\\/nombre2-1.jpg\",\"contentUrl\":\"https:\\\/\\\/www.manubens.es\\\/wp-content\\\/uploads\\\/2021\\\/06\\\/nombre2-1.jpg\",\"width\":1090,\"height\":550,\"caption\":\"DIY personalizable hecho con cord\u00f3n\"},{\"@type\":\"BreadcrumbList\",\"@id\":\"https:\\\/\\\/www.manubens.es\\\/ca\\\/cometes-decoratives-una-manualitat-divertida-2\\\/#breadcrumb\",\"itemListElement\":[{\"@type\":\"ListItem\",\"position\":1,\"name\":\"Portada\",\"item\":\"https:\\\/\\\/www.manubens.es\\\/ca\\\/\"},{\"@type\":\"ListItem\",\"position\":2,\"name\":\"DIY decoratiu per a nens: nom fet amb cord\u00f3\"}]},{\"@type\":\"WebSite\",\"@id\":\"https:\\\/\\\/www.manubens.es\\\/ca\\\/#website\",\"url\":\"https:\\\/\\\/www.manubens.es\\\/ca\\\/\",\"name\":\"Manubens\",\"description\":\"Manubens Cintas\",\"potentialAction\":[{\"@type\":\"SearchAction\",\"target\":{\"@type\":\"EntryPoint\",\"urlTemplate\":\"https:\\\/\\\/www.manubens.es\\\/ca\\\/?s={search_term_string}\"},\"query-input\":{\"@type\":\"PropertyValueSpecification\",\"valueRequired\":true,\"valueName\":\"search_term_string\"}}],\"inLanguage\":\"ca\"},{\"@type\":\"Person\",\"@id\":\"https:\\\/\\\/www.manubens.es\\\/ca\\\/#\\\/schema\\\/person\\\/cc83950a2556bd2dd10d3b8624863100\",\"name\":\"Manubens\",\"image\":{\"@type\":\"ImageObject\",\"inLanguage\":\"ca\",\"@id\":\"https:\\\/\\\/secure.gravatar.com\\\/avatar\\\/15725cf86f411a4448330e45448e709f65acd91917559f0ff679989b0394976e?s=96&d=mm&r=g\",\"url\":\"https:\\\/\\\/secure.gravatar.com\\\/avatar\\\/15725cf86f411a4448330e45448e709f65acd91917559f0ff679989b0394976e?s=96&d=mm&r=g\",\"contentUrl\":\"https:\\\/\\\/secure.gravatar.com\\\/avatar\\\/15725cf86f411a4448330e45448e709f65acd91917559f0ff679989b0394976e?s=96&d=mm&r=g\",\"caption\":\"Manubens\"}}]}<\/script>\n<!-- \/ Yoast SEO plugin. -->","yoast_head_json":{"title":"DIY decoratiu per a nens: nom fet amb cord\u00f3 - Manubens","description":"DIY amb nom personalitzable fet amb cord\u00f3. Ideal per regalar en aniversaris o ocasions especials. Apr\u00e8n a fer-ho pas a pas.","robots":{"index":"index","follow":"follow","max-snippet":"max-snippet:-1","max-image-preview":"max-image-preview:large","max-video-preview":"max-video-preview:-1"},"canonical":"https:\/\/www.manubens.es\/ca\/cometes-decoratives-una-manualitat-divertida-2\/","og_locale":"ca_ES","og_type":"article","og_title":"DIY decoratiu per a nens: nom fet amb cord\u00f3 - Manubens","og_description":"DIY amb nom personalitzable fet amb cord\u00f3. Ideal per regalar en aniversaris o ocasions especials. Apr\u00e8n a fer-ho pas a pas.","og_url":"https:\/\/www.manubens.es\/ca\/cometes-decoratives-una-manualitat-divertida-2\/","og_site_name":"Manubens","article_published_time":"2024-09-18T11:57:37+00:00","article_modified_time":"2024-11-27T09:42:26+00:00","og_image":[{"width":1090,"height":550,"url":"https:\/\/www.manubens.es\/wp-content\/uploads\/2021\/06\/nombre2-1.jpg","type":"image\/jpeg"}],"author":"Manubens","twitter_card":"summary_large_image","twitter_misc":{"Escrit per":"Manubens","Temps estimat de lectura":"4 minuts"},"schema":{"@context":"https:\/\/schema.org","@graph":[{"@type":"Article","@id":"https:\/\/www.manubens.es\/ca\/cometes-decoratives-una-manualitat-divertida-2\/#article","isPartOf":{"@id":"https:\/\/www.manubens.es\/ca\/cometes-decoratives-una-manualitat-divertida-2\/"},"author":{"name":"Manubens","@id":"https:\/\/www.manubens.es\/ca\/#\/schema\/person\/cc83950a2556bd2dd10d3b8624863100"},"headline":"DIY decoratiu per a nens: nom fet amb cord\u00f3","datePublished":"2024-09-18T11:57:37+00:00","dateModified":"2024-11-27T09:42:26+00:00","mainEntityOfPage":{"@id":"https:\/\/www.manubens.es\/ca\/cometes-decoratives-una-manualitat-divertida-2\/"},"wordCount":802,"commentCount":0,"image":{"@id":"https:\/\/www.manubens.es\/ca\/cometes-decoratives-una-manualitat-divertida-2\/#primaryimage"},"thumbnailUrl":"https:\/\/www.manubens.es\/wp-content\/uploads\/2021\/06\/nombre2-1.jpg","articleSection":["Ideas Manubens"],"inLanguage":"ca","potentialAction":[{"@type":"CommentAction","name":"Comment","target":["https:\/\/www.manubens.es\/ca\/cometes-decoratives-una-manualitat-divertida-2\/#respond"]}]},{"@type":"WebPage","@id":"https:\/\/www.manubens.es\/ca\/cometes-decoratives-una-manualitat-divertida-2\/","url":"https:\/\/www.manubens.es\/ca\/cometes-decoratives-una-manualitat-divertida-2\/","name":"DIY decoratiu per a nens: nom fet amb cord\u00f3 - Manubens","isPartOf":{"@id":"https:\/\/www.manubens.es\/ca\/#website"},"primaryImageOfPage":{"@id":"https:\/\/www.manubens.es\/ca\/cometes-decoratives-una-manualitat-divertida-2\/#primaryimage"},"image":{"@id":"https:\/\/www.manubens.es\/ca\/cometes-decoratives-una-manualitat-divertida-2\/#primaryimage"},"thumbnailUrl":"https:\/\/www.manubens.es\/wp-content\/uploads\/2021\/06\/nombre2-1.jpg","datePublished":"2024-09-18T11:57:37+00:00","dateModified":"2024-11-27T09:42:26+00:00","author":{"@id":"https:\/\/www.manubens.es\/ca\/#\/schema\/person\/cc83950a2556bd2dd10d3b8624863100"},"description":"DIY amb nom personalitzable fet amb cord\u00f3. Ideal per regalar en aniversaris o ocasions especials. Apr\u00e8n a fer-ho pas a pas.","breadcrumb":{"@id":"https:\/\/www.manubens.es\/ca\/cometes-decoratives-una-manualitat-divertida-2\/#breadcrumb"},"inLanguage":"ca","potentialAction":[{"@type":"ReadAction","target":["https:\/\/www.manubens.es\/ca\/cometes-decoratives-una-manualitat-divertida-2\/"]}]},{"@type":"ImageObject","inLanguage":"ca","@id":"https:\/\/www.manubens.es\/ca\/cometes-decoratives-una-manualitat-divertida-2\/#primaryimage","url":"https:\/\/www.manubens.es\/wp-content\/uploads\/2021\/06\/nombre2-1.jpg","contentUrl":"https:\/\/www.manubens.es\/wp-content\/uploads\/2021\/06\/nombre2-1.jpg","width":1090,"height":550,"caption":"DIY personalizable hecho con cord\u00f3n"},{"@type":"BreadcrumbList","@id":"https:\/\/www.manubens.es\/ca\/cometes-decoratives-una-manualitat-divertida-2\/#breadcrumb","itemListElement":[{"@type":"ListItem","position":1,"name":"Portada","item":"https:\/\/www.manubens.es\/ca\/"},{"@type":"ListItem","position":2,"name":"DIY decoratiu per a nens: nom fet amb cord\u00f3"}]},{"@type":"WebSite","@id":"https:\/\/www.manubens.es\/ca\/#website","url":"https:\/\/www.manubens.es\/ca\/","name":"Manubens","description":"Manubens Cintas","potentialAction":[{"@type":"SearchAction","target":{"@type":"EntryPoint","urlTemplate":"https:\/\/www.manubens.es\/ca\/?s={search_term_string}"},"query-input":{"@type":"PropertyValueSpecification","valueRequired":true,"valueName":"search_term_string"}}],"inLanguage":"ca"},{"@type":"Person","@id":"https:\/\/www.manubens.es\/ca\/#\/schema\/person\/cc83950a2556bd2dd10d3b8624863100","name":"Manubens","image":{"@type":"ImageObject","inLanguage":"ca","@id":"https:\/\/secure.gravatar.com\/avatar\/15725cf86f411a4448330e45448e709f65acd91917559f0ff679989b0394976e?s=96&d=mm&r=g","url":"https:\/\/secure.gravatar.com\/avatar\/15725cf86f411a4448330e45448e709f65acd91917559f0ff679989b0394976e?s=96&d=mm&r=g","contentUrl":"https:\/\/secure.gravatar.com\/avatar\/15725cf86f411a4448330e45448e709f65acd91917559f0ff679989b0394976e?s=96&d=mm&r=g","caption":"Manubens"}}]}},"_links":{"self":[{"href":"https:\/\/www.manubens.es\/ca\/wp-json\/wp\/v2\/posts\/16497","targetHints":{"allow":["GET"]}}],"collection":[{"href":"https:\/\/www.manubens.es\/ca\/wp-json\/wp\/v2\/posts"}],"about":[{"href":"https:\/\/www.manubens.es\/ca\/wp-json\/wp\/v2\/types\/post"}],"author":[{"embeddable":true,"href":"https:\/\/www.manubens.es\/ca\/wp-json\/wp\/v2\/users\/3"}],"replies":[{"embeddable":true,"href":"https:\/\/www.manubens.es\/ca\/wp-json\/wp\/v2\/comments?post=16497"}],"version-history":[{"count":0,"href":"https:\/\/www.manubens.es\/ca\/wp-json\/wp\/v2\/posts\/16497\/revisions"}],"wp:featuredmedia":[{"embeddable":true,"href":"https:\/\/www.manubens.es\/ca\/wp-json\/wp\/v2\/media\/2750"}],"wp:attachment":[{"href":"https:\/\/www.manubens.es\/ca\/wp-json\/wp\/v2\/media?parent=16497"}],"wp:term":[{"taxonomy":"category","embeddable":true,"href":"https:\/\/www.manubens.es\/ca\/wp-json\/wp\/v2\/categories?post=16497"},{"taxonomy":"post_tag","embeddable":true,"href":"https:\/\/www.manubens.es\/ca\/wp-json\/wp\/v2\/tags?post=16497"}],"curies":[{"name":"wp","href":"https:\/\/api.w.org\/{rel}","templated":true}]}}