{"id":18344,"date":"2025-04-03T10:55:35","date_gmt":"2025-04-03T08:55:35","guid":{"rendered":"https:\/\/www.manubens.es\/?p=18344"},"modified":"2025-04-03T10:57:58","modified_gmt":"2025-04-03T08:57:58","slug":"carabasses-decorativas-fetes-amb-cordo-2","status":"publish","type":"post","link":"https:\/\/www.manubens.es\/ca\/carabasses-decorativas-fetes-amb-cordo-2\/","title":{"rendered":"Carabasses decorativas fetes amb cord\u00f3"},"content":{"rendered":"<p><img decoding=\"async\" src=\"https:\/\/www.manubens.es\/wp-content\/uploads\/2024\/10\/Manubens_mkt_24_9_0536-300x300.jpg\" \/><\/p>\n<h1 id=\"tw-target-text\" class=\"tw-data-text tw-text-large tw-ta\" dir=\"ltr\" data-placeholder=\"Traducci\u00f3n\" data-ved=\"2ahUKEwi7ycCB15eJAxWnRKQEHRVCEt8Q3ewLegQIBxAU\" aria-label=\"Texto traducido: Celebra la tardor amb carbasses decoratives\"><span class=\"Y2IQFc\" lang=\"ca\">Celebra la tardor amb carabasses decoratives<\/span><\/h1>\n<p><span>La tardor \u00e9s una estaci\u00f3 que ens evoca una sensaci\u00f3 d&#8217;inici i de renovaci\u00f3. Per a molts, marca la tornada a la rutina despr\u00e9s de les vacances d&#8217;estiu, amb el comen\u00e7ament del curs escolar i acad\u00e8mic. Per altres, \u00e9s temps de collita, el moment de\u00a0<\/span><span>collir<\/span><span>\u00a0els fruits de la feina de la primavera i l&#8217;estiu i preparar-se per a l&#8217;hivern. Aquesta sensaci\u00f3 d&#8217;un cicle nou s&#8217;entrella\u00e7a amb l&#8217;aire m\u00e9s fresc, els dies m\u00e9s curts i el canvi a l&#8217;entorn. Les fulles dels arbres canvien a una paleta c\u00e0lida de grocs, vermells i taronges deixant enrere els verds vibrants de l&#8217;estiu.<\/span><\/p>\n<h2><strong>1. Materials necessaris per a les\u00a0carabasses\u00a0decoratives de cord\u00f3 encerat<\/strong><\/h2>\n<p><img decoding=\"async\" src=\"https:\/\/www.manubens.es\/wp-content\/uploads\/2024\/10\/Manubens_mkt_24_9_0258-300x300.jpg\" \/><\/p>\n<ul>\n<li><span>Cord\u00f3 encerat\u00a0<\/span><span class=\"hiddenSpellError\" onkeypress=\"MORFOLOGIK_RULE_CA_ES---#---0---#---Possible error ortogr\u00e0fic.---#---Denovens---#---Manubens---#---Cord\u00f3 encerat Manubens en dues amplades, P.396 i P.397, de colors de tardor com el taronja, verd fosc, bordeus i ocre.---#---14\">Manubens<\/span><span>\u00a0en dues amplades, P.396 i P.397, de colors de tardor com el taronja, verd fosc, bordeus i ocre.<\/span><\/li>\n<li>Tisores<\/li>\n<li>Pistola de silicona calenta<\/li>\n<li>Branques de canyella<br \/>\n<span><\/span><\/li>\n<\/ul>\n<h2><strong>2. Pas a pas per a les\u00a0carabasses\u00a0decoratives fetes amb cord\u00f3 encerat<\/strong><\/h2>\n<p><img decoding=\"async\" src=\"https:\/\/www.manubens.es\/wp-content\/uploads\/2024\/10\/Manubens_mkt_24_9_0259-300x300.jpg\" \/><\/p>\n<p><span>Per formar cada\u00a0<\/span><span>carbassa<\/span><span>\u00a0necessitarem sis ramells de cord\u00f3 encerat\u00a0<\/span><span class=\"hiddenSpellError\" onkeypress=\"MORFOLOGIK_RULE_CA_ES---#---0---#---Possible error ortogr\u00e0fic.---#---Denovens---#---Manubens---#---Per formar cada carbassa necessitarem sis ramells de cord\u00f3 encerat Manubens.---#---43\">Manubens<\/span><span>. Comencem tallant sis tires d&#8217;un pam de llarg, m\u00e9s o menys, que ens serviran per nuar els ramells. Les deixem separades.<\/span><\/p>\n<p><img decoding=\"async\" src=\"https:\/\/www.manubens.es\/wp-content\/uploads\/2024\/10\/Manubens_mkt_24_9_0261-300x300.jpg\" \/><\/p>\n<p><span>Ara tallem sis tires m\u00e9s de cot\u00f3 de 2,20 m de cord\u00f3 encerat.<\/span><\/p>\n<p><img decoding=\"async\" src=\"https:\/\/www.manubens.es\/wp-content\/uploads\/2024\/10\/Manubens_mkt_24_9_0263-300x300.jpg\" \/><\/p>\n<p><img decoding=\"async\" src=\"https:\/\/www.manubens.es\/wp-content\/uploads\/2024\/10\/Manubens_mkt_24_9_0262-300x300.jpg\" \/><\/p>\n<p><span>Comencem a fer el ram. Subjectem l&#8217;extrem del cord\u00f3 amb el dit polze i anem enrotllant el cord\u00f3 encerat\u00a0<\/span><span class=\"hiddenSpellError\" onkeypress=\"MORFOLOGIK_RULE_CA_ES---#---0---#---Possible error ortogr\u00e0fic.---#---Denovens---#---Manubens---#---Subjectem l'extrem del cord\u00f3 amb el dit polze i anem enrotllant el cord\u00f3 encerat Manubens a la m\u00e0 fins acabar el llarg del cord\u00f3, tal com pots veure a les imatges.---#---43\">Manubens<\/span><span>\u00a0a la m\u00e0\u00a0<\/span><span>fins a<\/span><span>\u00a0acabar el llarg del cord\u00f3, tal com pots veure a les imatges.<\/span><\/p>\n<p><img decoding=\"async\" src=\"https:\/\/www.manubens.es\/wp-content\/uploads\/2024\/10\/Manubens_mkt_24_9_0264-300x300.jpg\" \/><\/p>\n<p><img decoding=\"async\" src=\"https:\/\/www.manubens.es\/wp-content\/uploads\/2024\/10\/Manubens_mkt_24_9_0265-300x300.jpg\" \/><\/p>\n<p id=\"tw-target-text\" class=\"tw-data-text tw-text-large tw-ta\" dir=\"ltr\" data-placeholder=\"Traducci\u00f3n\" data-ved=\"2ahUKEwi7ycCB15eJAxWnRKQEHRVCEt8Q3ewLegQIBxAU\" aria-label=\"Texto traducido: Agafem una tira de 20 cm per nuar, la passem per sota i fem un doble nus ben apretat.\"><span class=\"Y2IQFc\" lang=\"ca\">Agafem una tira de 20 cm per nuar, la passem per sota i fem un doble nus ben ajustat.<\/span><\/p>\n<p dir=\"ltr\" data-placeholder=\"Traducci\u00f3n\" data-ved=\"2ahUKEwi7ycCB15eJAxWnRKQEHRVCEt8Q3ewLegQIBxAU\" aria-label=\"Texto traducido: Agafem una tira de 20 cm per nuar, la passem per sota i fem un doble nus ben apretat.\"><img decoding=\"async\" src=\"https:\/\/www.manubens.es\/wp-content\/uploads\/2024\/10\/Manubens_mkt_24_9_0266-300x300.jpg\" \/><\/p>\n<p dir=\"ltr\" data-placeholder=\"Traducci\u00f3n\" data-ved=\"2ahUKEwi7ycCB15eJAxWnRKQEHRVCEt8Q3ewLegQIBxAU\" aria-label=\"Texto traducido: Agafem una tira de 20 cm per nuar, la passem per sota i fem un doble nus ben apretat.\"><span>Repetim aquests passos fins a tenir els sis ramells de cord\u00f3 encerat<\/span><span class=\"hiddenGrammarError\" onkeypress=\"DOUBLE_PUNCTUATION---#---0---#---Dos punts consecutius---#---.#\u2026---#---..---#---Repetim aquests passos fins a tenir els sis ramells de cord\u00f3 encerat..---#---43\">.<\/span><\/p>\n<p dir=\"ltr\" data-placeholder=\"Traducci\u00f3n\" data-ved=\"2ahUKEwi7ycCB15eJAxWnRKQEHRVCEt8Q3ewLegQIBxAU\" aria-label=\"Texto traducido: Agafem una tira de 20 cm per nuar, la passem per sota i fem un doble nus ben apretat.\"><img decoding=\"async\" src=\"https:\/\/www.manubens.es\/wp-content\/uploads\/2024\/10\/Manubens_mkt_24_9_0268-300x300.jpg\" \/><\/p>\n<p dir=\"ltr\" data-placeholder=\"Traducci\u00f3n\" data-ved=\"2ahUKEwi7ycCB15eJAxWnRKQEHRVCEt8Q3ewLegQIBxAU\" aria-label=\"Texto traducido: Agafem una tira de 20 cm per nuar, la passem per sota i fem un doble nus ben apretat.\"><img decoding=\"async\" src=\"https:\/\/www.manubens.es\/wp-content\/uploads\/2024\/10\/Manubens_mkt_24_9_0269-300x300.jpg\" \/><\/p>\n<p dir=\"ltr\" data-placeholder=\"Traducci\u00f3n\" data-ved=\"2ahUKEwi7ycCB15eJAxWnRKQEHRVCEt8Q3ewLegQIBxAU\" aria-label=\"Texto traducido: Agafem una tira de 20 cm per nuar, la passem per sota i fem un doble nus ben apretat.\"><span>Amb unes gotes de silicona calenta enganxem dos ramells.<\/span><\/p>\n<p dir=\"ltr\" data-placeholder=\"Traducci\u00f3n\" data-ved=\"2ahUKEwi7ycCB15eJAxWnRKQEHRVCEt8Q3ewLegQIBxAU\" aria-label=\"Texto traducido: Agafem una tira de 20 cm per nuar, la passem per sota i fem un doble nus ben apretat.\"><img decoding=\"async\" src=\"https:\/\/www.manubens.es\/wp-content\/uploads\/2024\/10\/Manubens_mkt_24_9_0270-300x300.jpg\" \/><\/p>\n<p dir=\"ltr\" data-placeholder=\"Traducci\u00f3n\" data-ved=\"2ahUKEwi7ycCB15eJAxWnRKQEHRVCEt8Q3ewLegQIBxAU\" aria-label=\"Texto traducido: Agafem una tira de 20 cm per nuar, la passem per sota i fem un doble nus ben apretat.\"><span>Ara enganxarem un tros de branca de canyella que ens servir\u00e0 com a centre de la\u00a0<\/span><strong>carabassa\u00a0decorativa.<\/strong><\/p>\n<p dir=\"ltr\" data-placeholder=\"Traducci\u00f3n\" data-ved=\"2ahUKEwi7ycCB15eJAxWnRKQEHRVCEt8Q3ewLegQIBxAU\" aria-label=\"Texto traducido: Agafem una tira de 20 cm per nuar, la passem per sota i fem un doble nus ben apretat.\"><img decoding=\"async\" src=\"https:\/\/www.manubens.es\/wp-content\/uploads\/2024\/10\/Manubens_mkt_24_9_0271-300x300.jpg\" \/><\/p>\n<p dir=\"ltr\" data-placeholder=\"Traducci\u00f3n\" data-ved=\"2ahUKEwi7ycCB15eJAxWnRKQEHRVCEt8Q3ewLegQIBxAU\" aria-label=\"Texto traducido: Agafem una tira de 20 cm per nuar, la passem per sota i fem un doble nus ben apretat.\"><span>Anem enganxant la resta de ramells a la branca de canyella<\/span><\/p>\n<p dir=\"ltr\" data-placeholder=\"Traducci\u00f3n\" data-ved=\"2ahUKEwi7ycCB15eJAxWnRKQEHRVCEt8Q3ewLegQIBxAU\" aria-label=\"Texto traducido: Agafem una tira de 20 cm per nuar, la passem per sota i fem un doble nus ben apretat.\"><img decoding=\"async\" src=\"https:\/\/www.manubens.es\/wp-content\/uploads\/2024\/10\/Manubens_mkt_24_9_0273-300x300.jpg\" \/><\/p>\n<p dir=\"ltr\" data-placeholder=\"Traducci\u00f3n\" data-ved=\"2ahUKEwi7ycCB15eJAxWnRKQEHRVCEt8Q3ewLegQIBxAU\" aria-label=\"Texto traducido: Agafem una tira de 20 cm per nuar, la passem per sota i fem un doble nus ben apretat.\"><span>I ja tenim les\u00a0<\/span><strong>carabasses<\/strong><span><strong>\u00a0decoratives<\/strong> llestes per fer un bonic centre de taula o decorar de tardor qualsevol rac\u00f3 de casa nostra<\/span><span class=\"hiddenGrammarError\" onkeypress=\"PUNTUACIO_INCORRECTA---#---2---#---Possible error de puntuaci\u00f3.---#---!---#---!&lt;br\/&gt;.---#---I ja tenim les carbasses decoratives llestes per fer un bonic centre de taula o decorar de tardor qualsevol rac\u00f3 de casa nostra!&lt;br\/&gt;.---#---43\" style=\"padding-bottom: 2px; background-image: url('..\/..\/..\/..\/..\/images\/squiggle.png'); background-repeat: repeat-x; background-position: left bottom; cursor: default; color: #000000; font-family: 'Open Sans', Helvetica, Arial, sans-serif; font-size: 16px; font-style: normal; font-variant-ligatures: normal; font-variant-caps: normal; font-weight: 300; letter-spacing: normal; orphans: 2; text-align: start; text-indent: 0px; text-transform: none; widows: 2; word-spacing: 0px; -webkit-text-stroke-width: 0px; white-space: normal; text-decoration-thickness: initial; text-decoration-style: initial; text-decoration-color: initial;\">!<\/span><\/p>\n<h3 dir=\"ltr\" data-placeholder=\"Traducci\u00f3n\" data-ved=\"2ahUKEwi7ycCB15eJAxWnRKQEHRVCEt8Q3ewLegQIBxAU\" aria-label=\"Texto traducido: Agafem una tira de 20 cm per nuar, la passem per sota i fem un doble nus ben apretat.\"><strong>3. M\u00e9s idees per fer\u00a0carabasses\u00a0decoratives de tardor<\/strong><\/h3>\n<p><span>Necessites idees per entretenir els nens una tarda de dissabte? Hem trobat la manualitat ideal perqu\u00e8 els petits de la fam\u00edlia col\u00b7laborin a la decoraci\u00f3 de tardor de la llar fent\u00a0<\/span><strong>carabasses<\/strong><span><strong>\u00a0decoratives<\/strong> amb un grau de dificultat m\u00ednim.<\/span><\/p>\n<p><span>Nom\u00e9s necessites mitjons desaparellats amb els colors de tardor, una mica de cord\u00f3 i arr\u00f2s. Si us pica la curiositat, descobriu com fer-les en aquesta <a href=\"https:\/\/www.manubens.es\/blog\/decoraciones-de-otono-para-ninos\/\">manualitat decorativa tardorenca.<\/a> T&#8217;encantar\u00e0!<\/span><\/p>\n<p><span>La\u00a0<\/span><span>carabassa<\/span><span>\u00a0\u00e9s un dels fruits que m\u00e9s representen la tardor. No nom\u00e9s pels seus colors c\u00e0lids que evoquen els tons de les fulles que canvien de color, sin\u00f3 perqu\u00e8 es cullen entre el setembre i el novembre, just abans de les primeres gelades.<\/span><\/p>\n<p><span>Decorar amb\u00a0<\/span><strong>carabasses<\/strong><span><strong>\u00a0decoratives<\/strong> \u00e9s rendir tribut a la natura i al canvi d&#8217;estaci\u00f3, connectant els nostres espais personals amb els canvis naturals de la temporada. Celebrem doncs l&#8217;estaci\u00f3 connectant amb les tradicions ancestrals i creant un ambient acollidor i festiu a casa nostra!<\/span><\/p>\n<p><span>T&#8217;agradaria ensenyar les\u00a0<\/span><span>carabasses<\/span><span>? No oblidis compartir les teves fotos a les xarxes socials amb el hashtag #manubens. Tamb\u00e9 et pots subscriure al nostre blog per rebre directament al teu correu les fant\u00e0stiques idees que anem proposant amb les nostres cintes. T&#8217;animes?<\/span><\/p>\n","protected":false},"excerpt":{"rendered":"<p>Celebra la tardor amb carabasses decoratives La tardor \u00e9s una estaci\u00f3 que ens evoca una sensaci\u00f3 d&#8217;inici i de renovaci\u00f3. Per a molts, marca la tornada a la rutina despr\u00e9s de les vacances d&#8217;estiu, amb el comen\u00e7ament del curs escolar i acad\u00e8mic. Per altres, \u00e9s temps de collita, el moment de\u00a0collir\u00a0els fruits de la feina&#8230;<\/p>\n","protected":false},"author":3,"featured_media":17129,"comment_status":"open","ping_status":"open","sticky":false,"template":"","format":"standard","meta":{"footnotes":""},"categories":[62],"tags":[],"class_list":["post-18344","post","type-post","status-publish","format-standard","has-post-thumbnail","hentry","category-ideas-manubens-ca"],"yoast_head":"<!-- This site is optimized with the Yoast SEO plugin v27.5 - https:\/\/yoast.com\/product\/yoast-seo-wordpress\/ -->\n<title>Carabasses decorativas fetes amb cord\u00f3 - Manubens<\/title>\n<meta name=\"description\" content=\"Apr\u00e8n a fer carabasses decoratives molt f\u00e0cils amb cord\u00f3 encerat Manubens. Una forma brillant de decorar casa teva durant aquesta tardor\" \/>\n<meta name=\"robots\" content=\"index, follow, max-snippet:-1, max-image-preview:large, max-video-preview:-1\" \/>\n<link rel=\"canonical\" href=\"https:\/\/www.manubens.es\/ca\/carabasses-decorativas-fetes-amb-cordo-2\/\" \/>\n<meta property=\"og:locale\" content=\"ca_ES\" \/>\n<meta property=\"og:type\" content=\"article\" \/>\n<meta property=\"og:title\" content=\"Carabasses decorativas fetes amb cord\u00f3 - Manubens\" \/>\n<meta property=\"og:description\" content=\"Apr\u00e8n a fer carabasses decoratives molt f\u00e0cils amb cord\u00f3 encerat Manubens. Una forma brillant de decorar casa teva durant aquesta tardor\" \/>\n<meta property=\"og:url\" content=\"https:\/\/www.manubens.es\/ca\/carabasses-decorativas-fetes-amb-cordo-2\/\" \/>\n<meta property=\"og:site_name\" content=\"Manubens\" \/>\n<meta property=\"article:published_time\" content=\"2025-04-03T08:55:35+00:00\" \/>\n<meta property=\"article:modified_time\" content=\"2025-04-03T08:57:58+00:00\" \/>\n<meta property=\"og:image\" content=\"https:\/\/www.manubens.es\/wp-content\/uploads\/2024\/10\/Manubens_mkt_24_9_0258-scaled.jpg\" \/>\n\t<meta property=\"og:image:width\" content=\"2560\" \/>\n\t<meta property=\"og:image:height\" content=\"2560\" \/>\n\t<meta property=\"og:image:type\" content=\"image\/jpeg\" \/>\n<meta name=\"author\" content=\"Manubens\" \/>\n<meta name=\"twitter:card\" content=\"summary_large_image\" \/>\n<meta name=\"twitter:label1\" content=\"Escrit per\" \/>\n\t<meta name=\"twitter:data1\" content=\"Manubens\" \/>\n\t<meta name=\"twitter:label2\" content=\"Temps estimat de lectura\" \/>\n\t<meta name=\"twitter:data2\" content=\"6 minuts\" \/>\n<script type=\"application\/ld+json\" class=\"yoast-schema-graph\">{\"@context\":\"https:\\\/\\\/schema.org\",\"@graph\":[{\"@type\":\"Article\",\"@id\":\"https:\\\/\\\/www.manubens.es\\\/ca\\\/carabasses-decorativas-fetes-amb-cordo-2\\\/#article\",\"isPartOf\":{\"@id\":\"https:\\\/\\\/www.manubens.es\\\/ca\\\/carabasses-decorativas-fetes-amb-cordo-2\\\/\"},\"author\":{\"name\":\"Manubens\",\"@id\":\"https:\\\/\\\/www.manubens.es\\\/ca\\\/#\\\/schema\\\/person\\\/cc83950a2556bd2dd10d3b8624863100\"},\"headline\":\"Carabasses decorativas fetes amb cord\u00f3\",\"datePublished\":\"2025-04-03T08:55:35+00:00\",\"dateModified\":\"2025-04-03T08:57:58+00:00\",\"mainEntityOfPage\":{\"@id\":\"https:\\\/\\\/www.manubens.es\\\/ca\\\/carabasses-decorativas-fetes-amb-cordo-2\\\/\"},\"wordCount\":576,\"commentCount\":0,\"image\":{\"@id\":\"https:\\\/\\\/www.manubens.es\\\/ca\\\/carabasses-decorativas-fetes-amb-cordo-2\\\/#primaryimage\"},\"thumbnailUrl\":\"https:\\\/\\\/www.manubens.es\\\/wp-content\\\/uploads\\\/2024\\\/10\\\/Manubens_mkt_24_9_0258-scaled.jpg\",\"articleSection\":[\"Ideas Manubens\"],\"inLanguage\":\"ca\",\"potentialAction\":[{\"@type\":\"CommentAction\",\"name\":\"Comment\",\"target\":[\"https:\\\/\\\/www.manubens.es\\\/ca\\\/carabasses-decorativas-fetes-amb-cordo-2\\\/#respond\"]}]},{\"@type\":\"WebPage\",\"@id\":\"https:\\\/\\\/www.manubens.es\\\/ca\\\/carabasses-decorativas-fetes-amb-cordo-2\\\/\",\"url\":\"https:\\\/\\\/www.manubens.es\\\/ca\\\/carabasses-decorativas-fetes-amb-cordo-2\\\/\",\"name\":\"Carabasses decorativas fetes amb cord\u00f3 - Manubens\",\"isPartOf\":{\"@id\":\"https:\\\/\\\/www.manubens.es\\\/ca\\\/#website\"},\"primaryImageOfPage\":{\"@id\":\"https:\\\/\\\/www.manubens.es\\\/ca\\\/carabasses-decorativas-fetes-amb-cordo-2\\\/#primaryimage\"},\"image\":{\"@id\":\"https:\\\/\\\/www.manubens.es\\\/ca\\\/carabasses-decorativas-fetes-amb-cordo-2\\\/#primaryimage\"},\"thumbnailUrl\":\"https:\\\/\\\/www.manubens.es\\\/wp-content\\\/uploads\\\/2024\\\/10\\\/Manubens_mkt_24_9_0258-scaled.jpg\",\"datePublished\":\"2025-04-03T08:55:35+00:00\",\"dateModified\":\"2025-04-03T08:57:58+00:00\",\"author\":{\"@id\":\"https:\\\/\\\/www.manubens.es\\\/ca\\\/#\\\/schema\\\/person\\\/cc83950a2556bd2dd10d3b8624863100\"},\"description\":\"Apr\u00e8n a fer carabasses decoratives molt f\u00e0cils amb cord\u00f3 encerat Manubens. Una forma brillant de decorar casa teva durant aquesta tardor\",\"breadcrumb\":{\"@id\":\"https:\\\/\\\/www.manubens.es\\\/ca\\\/carabasses-decorativas-fetes-amb-cordo-2\\\/#breadcrumb\"},\"inLanguage\":\"ca\",\"potentialAction\":[{\"@type\":\"ReadAction\",\"target\":[\"https:\\\/\\\/www.manubens.es\\\/ca\\\/carabasses-decorativas-fetes-amb-cordo-2\\\/\"]}]},{\"@type\":\"ImageObject\",\"inLanguage\":\"ca\",\"@id\":\"https:\\\/\\\/www.manubens.es\\\/ca\\\/carabasses-decorativas-fetes-amb-cordo-2\\\/#primaryimage\",\"url\":\"https:\\\/\\\/www.manubens.es\\\/wp-content\\\/uploads\\\/2024\\\/10\\\/Manubens_mkt_24_9_0258-scaled.jpg\",\"contentUrl\":\"https:\\\/\\\/www.manubens.es\\\/wp-content\\\/uploads\\\/2024\\\/10\\\/Manubens_mkt_24_9_0258-scaled.jpg\",\"width\":2560,\"height\":2560},{\"@type\":\"BreadcrumbList\",\"@id\":\"https:\\\/\\\/www.manubens.es\\\/ca\\\/carabasses-decorativas-fetes-amb-cordo-2\\\/#breadcrumb\",\"itemListElement\":[{\"@type\":\"ListItem\",\"position\":1,\"name\":\"Portada\",\"item\":\"https:\\\/\\\/www.manubens.es\\\/ca\\\/\"},{\"@type\":\"ListItem\",\"position\":2,\"name\":\"Carabasses decorativas fetes amb cord\u00f3\"}]},{\"@type\":\"WebSite\",\"@id\":\"https:\\\/\\\/www.manubens.es\\\/ca\\\/#website\",\"url\":\"https:\\\/\\\/www.manubens.es\\\/ca\\\/\",\"name\":\"Manubens\",\"description\":\"Manubens Cintas\",\"potentialAction\":[{\"@type\":\"SearchAction\",\"target\":{\"@type\":\"EntryPoint\",\"urlTemplate\":\"https:\\\/\\\/www.manubens.es\\\/ca\\\/?s={search_term_string}\"},\"query-input\":{\"@type\":\"PropertyValueSpecification\",\"valueRequired\":true,\"valueName\":\"search_term_string\"}}],\"inLanguage\":\"ca\"},{\"@type\":\"Person\",\"@id\":\"https:\\\/\\\/www.manubens.es\\\/ca\\\/#\\\/schema\\\/person\\\/cc83950a2556bd2dd10d3b8624863100\",\"name\":\"Manubens\",\"image\":{\"@type\":\"ImageObject\",\"inLanguage\":\"ca\",\"@id\":\"https:\\\/\\\/secure.gravatar.com\\\/avatar\\\/15725cf86f411a4448330e45448e709f65acd91917559f0ff679989b0394976e?s=96&d=mm&r=g\",\"url\":\"https:\\\/\\\/secure.gravatar.com\\\/avatar\\\/15725cf86f411a4448330e45448e709f65acd91917559f0ff679989b0394976e?s=96&d=mm&r=g\",\"contentUrl\":\"https:\\\/\\\/secure.gravatar.com\\\/avatar\\\/15725cf86f411a4448330e45448e709f65acd91917559f0ff679989b0394976e?s=96&d=mm&r=g\",\"caption\":\"Manubens\"}}]}<\/script>\n<!-- \/ Yoast SEO plugin. -->","yoast_head_json":{"title":"Carabasses decorativas fetes amb cord\u00f3 - Manubens","description":"Apr\u00e8n a fer carabasses decoratives molt f\u00e0cils amb cord\u00f3 encerat Manubens. Una forma brillant de decorar casa teva durant aquesta tardor","robots":{"index":"index","follow":"follow","max-snippet":"max-snippet:-1","max-image-preview":"max-image-preview:large","max-video-preview":"max-video-preview:-1"},"canonical":"https:\/\/www.manubens.es\/ca\/carabasses-decorativas-fetes-amb-cordo-2\/","og_locale":"ca_ES","og_type":"article","og_title":"Carabasses decorativas fetes amb cord\u00f3 - Manubens","og_description":"Apr\u00e8n a fer carabasses decoratives molt f\u00e0cils amb cord\u00f3 encerat Manubens. Una forma brillant de decorar casa teva durant aquesta tardor","og_url":"https:\/\/www.manubens.es\/ca\/carabasses-decorativas-fetes-amb-cordo-2\/","og_site_name":"Manubens","article_published_time":"2025-04-03T08:55:35+00:00","article_modified_time":"2025-04-03T08:57:58+00:00","og_image":[{"width":2560,"height":2560,"url":"https:\/\/www.manubens.es\/wp-content\/uploads\/2024\/10\/Manubens_mkt_24_9_0258-scaled.jpg","type":"image\/jpeg"}],"author":"Manubens","twitter_card":"summary_large_image","twitter_misc":{"Escrit per":"Manubens","Temps estimat de lectura":"6 minuts"},"schema":{"@context":"https:\/\/schema.org","@graph":[{"@type":"Article","@id":"https:\/\/www.manubens.es\/ca\/carabasses-decorativas-fetes-amb-cordo-2\/#article","isPartOf":{"@id":"https:\/\/www.manubens.es\/ca\/carabasses-decorativas-fetes-amb-cordo-2\/"},"author":{"name":"Manubens","@id":"https:\/\/www.manubens.es\/ca\/#\/schema\/person\/cc83950a2556bd2dd10d3b8624863100"},"headline":"Carabasses decorativas fetes amb cord\u00f3","datePublished":"2025-04-03T08:55:35+00:00","dateModified":"2025-04-03T08:57:58+00:00","mainEntityOfPage":{"@id":"https:\/\/www.manubens.es\/ca\/carabasses-decorativas-fetes-amb-cordo-2\/"},"wordCount":576,"commentCount":0,"image":{"@id":"https:\/\/www.manubens.es\/ca\/carabasses-decorativas-fetes-amb-cordo-2\/#primaryimage"},"thumbnailUrl":"https:\/\/www.manubens.es\/wp-content\/uploads\/2024\/10\/Manubens_mkt_24_9_0258-scaled.jpg","articleSection":["Ideas Manubens"],"inLanguage":"ca","potentialAction":[{"@type":"CommentAction","name":"Comment","target":["https:\/\/www.manubens.es\/ca\/carabasses-decorativas-fetes-amb-cordo-2\/#respond"]}]},{"@type":"WebPage","@id":"https:\/\/www.manubens.es\/ca\/carabasses-decorativas-fetes-amb-cordo-2\/","url":"https:\/\/www.manubens.es\/ca\/carabasses-decorativas-fetes-amb-cordo-2\/","name":"Carabasses decorativas fetes amb cord\u00f3 - Manubens","isPartOf":{"@id":"https:\/\/www.manubens.es\/ca\/#website"},"primaryImageOfPage":{"@id":"https:\/\/www.manubens.es\/ca\/carabasses-decorativas-fetes-amb-cordo-2\/#primaryimage"},"image":{"@id":"https:\/\/www.manubens.es\/ca\/carabasses-decorativas-fetes-amb-cordo-2\/#primaryimage"},"thumbnailUrl":"https:\/\/www.manubens.es\/wp-content\/uploads\/2024\/10\/Manubens_mkt_24_9_0258-scaled.jpg","datePublished":"2025-04-03T08:55:35+00:00","dateModified":"2025-04-03T08:57:58+00:00","author":{"@id":"https:\/\/www.manubens.es\/ca\/#\/schema\/person\/cc83950a2556bd2dd10d3b8624863100"},"description":"Apr\u00e8n a fer carabasses decoratives molt f\u00e0cils amb cord\u00f3 encerat Manubens. Una forma brillant de decorar casa teva durant aquesta tardor","breadcrumb":{"@id":"https:\/\/www.manubens.es\/ca\/carabasses-decorativas-fetes-amb-cordo-2\/#breadcrumb"},"inLanguage":"ca","potentialAction":[{"@type":"ReadAction","target":["https:\/\/www.manubens.es\/ca\/carabasses-decorativas-fetes-amb-cordo-2\/"]}]},{"@type":"ImageObject","inLanguage":"ca","@id":"https:\/\/www.manubens.es\/ca\/carabasses-decorativas-fetes-amb-cordo-2\/#primaryimage","url":"https:\/\/www.manubens.es\/wp-content\/uploads\/2024\/10\/Manubens_mkt_24_9_0258-scaled.jpg","contentUrl":"https:\/\/www.manubens.es\/wp-content\/uploads\/2024\/10\/Manubens_mkt_24_9_0258-scaled.jpg","width":2560,"height":2560},{"@type":"BreadcrumbList","@id":"https:\/\/www.manubens.es\/ca\/carabasses-decorativas-fetes-amb-cordo-2\/#breadcrumb","itemListElement":[{"@type":"ListItem","position":1,"name":"Portada","item":"https:\/\/www.manubens.es\/ca\/"},{"@type":"ListItem","position":2,"name":"Carabasses decorativas fetes amb cord\u00f3"}]},{"@type":"WebSite","@id":"https:\/\/www.manubens.es\/ca\/#website","url":"https:\/\/www.manubens.es\/ca\/","name":"Manubens","description":"Manubens Cintas","potentialAction":[{"@type":"SearchAction","target":{"@type":"EntryPoint","urlTemplate":"https:\/\/www.manubens.es\/ca\/?s={search_term_string}"},"query-input":{"@type":"PropertyValueSpecification","valueRequired":true,"valueName":"search_term_string"}}],"inLanguage":"ca"},{"@type":"Person","@id":"https:\/\/www.manubens.es\/ca\/#\/schema\/person\/cc83950a2556bd2dd10d3b8624863100","name":"Manubens","image":{"@type":"ImageObject","inLanguage":"ca","@id":"https:\/\/secure.gravatar.com\/avatar\/15725cf86f411a4448330e45448e709f65acd91917559f0ff679989b0394976e?s=96&d=mm&r=g","url":"https:\/\/secure.gravatar.com\/avatar\/15725cf86f411a4448330e45448e709f65acd91917559f0ff679989b0394976e?s=96&d=mm&r=g","contentUrl":"https:\/\/secure.gravatar.com\/avatar\/15725cf86f411a4448330e45448e709f65acd91917559f0ff679989b0394976e?s=96&d=mm&r=g","caption":"Manubens"}}]}},"_links":{"self":[{"href":"https:\/\/www.manubens.es\/ca\/wp-json\/wp\/v2\/posts\/18344","targetHints":{"allow":["GET"]}}],"collection":[{"href":"https:\/\/www.manubens.es\/ca\/wp-json\/wp\/v2\/posts"}],"about":[{"href":"https:\/\/www.manubens.es\/ca\/wp-json\/wp\/v2\/types\/post"}],"author":[{"embeddable":true,"href":"https:\/\/www.manubens.es\/ca\/wp-json\/wp\/v2\/users\/3"}],"replies":[{"embeddable":true,"href":"https:\/\/www.manubens.es\/ca\/wp-json\/wp\/v2\/comments?post=18344"}],"version-history":[{"count":0,"href":"https:\/\/www.manubens.es\/ca\/wp-json\/wp\/v2\/posts\/18344\/revisions"}],"wp:featuredmedia":[{"embeddable":true,"href":"https:\/\/www.manubens.es\/ca\/wp-json\/wp\/v2\/media\/17129"}],"wp:attachment":[{"href":"https:\/\/www.manubens.es\/ca\/wp-json\/wp\/v2\/media?parent=18344"}],"wp:term":[{"taxonomy":"category","embeddable":true,"href":"https:\/\/www.manubens.es\/ca\/wp-json\/wp\/v2\/categories?post=18344"},{"taxonomy":"post_tag","embeddable":true,"href":"https:\/\/www.manubens.es\/ca\/wp-json\/wp\/v2\/tags?post=18344"}],"curies":[{"name":"wp","href":"https:\/\/api.w.org\/{rel}","templated":true}]}}