{"id":14271,"date":"2024-04-19T17:22:44","date_gmt":"2024-04-19T15:22:44","guid":{"rendered":"https:\/\/www.manubens.es\/blog\/manubens-participe-au-salon-luxe-pack-de-monaco\/"},"modified":"2024-04-19T17:24:17","modified_gmt":"2024-04-19T15:24:17","slug":"manubens-participe-au-salon-luxe-pack-de-monaco","status":"publish","type":"post","link":"https:\/\/www.manubens.es\/fr\/manubens-participe-au-salon-luxe-pack-de-monaco\/","title":{"rendered":"Manubens participe au salon Luxe Pack de Monaco"},"content":{"rendered":"<p>Chaque ann\u00e9e \u00e0 Monaco se tient le salon Luxe Pack, le salon par excellence de l&#8217;emballage de luxe \u00e0 l&rsquo;\u00e9chelle internationale.<\/p>\n<p>Manubens pr\u00e9sente lors du salon les nouveaut\u00e9s en <a href=\"https:\/\/www.manubens.es\/fr\/produits\/rubans-de-tissu-personnalises\/\" target=\"_blank\" rel=\"noopener\">mati\u00e8re d&#8217;emballage de rubans<\/a> pour cette ann\u00e9e, destin\u00e9es aux diff\u00e9rents march\u00e9s dans lesquels nous sommes pr\u00e9sents, que ce soit dans les secteurs de la cosm\u00e9tique, de la joaillerie, de la mode&#8230;<\/p>\n<p><span style=\"font-weight: 400;\">Le salon est exclusivement r\u00e9serv\u00e9 aux professionnels du secteur, et il r\u00e9unit les d\u00e9partements marketing des grandes marques de luxe du monde entier ainsi que des agences de publicit\u00e9 travaillant pour ces secteurs. Ces acteurs profitent de l&rsquo;occasion pour trouver les meilleures solutions \u00e0 leurs besoins en mati\u00e8re d&#8217;emballage.<\/span><\/p>\n<p><span style=\"font-weight: 400;\">La pr\u00e9sence de Manubens au salon Luxe Pack de Monaco est cruciale pour entretenir les relations avec les clients du monde entier qui se retrouvent \u00e0 cet \u00e9v\u00e9nement majeur dans le domaine de l&#8217;emballage.<\/span><\/p>\n<p><img loading=\"lazy\" decoding=\"async\" class=\"aligncenter wp-image-1689 size-us_768_0\" src=\"https:\/\/www.manubens.es\/wp-content\/uploads\/2019\/09\/LUXEPACK_banniere_2019_FR-768x151.jpg\" alt=\"LUXEPACK_banniere_2019_FR\" width=\"768\" height=\"151\" \/><\/p>\n<p>Depuis le lundi 30 septembre \u00e0 9 heures du matin jusqu&rsquo;au mercredi 2 octobre \u00e0 17 heures, Manubens sera pr\u00e9sent sur le stand num\u00e9ro I8 (Hall Indigo), comme cela est le cas depuis plusieurs ann\u00e9es d\u00e9j\u00e0.<\/p>\n<p>Des journ\u00e9es d&rsquo;apprentissage et de connaissances que nous saurons mettre \u00e0 profit et que nous partagerons avec plaisir avec vous tous<\/p>\n<h4><strong>EMBALLAGE : QU&rsquo;EST-CE QUE C&rsquo;EST ET COMMENT CELA EST G\u00c9R\u00c9 CHEZ MANUBENS<\/strong><\/h4>\n<p>L&#8217;emballage concerne tout ce qui a trait au contenant du produit (ruban, bo\u00eete, pot, bouteille, sac&#8230;), tandis que le contenu est le produit lui-m\u00eame.<\/p>\n<p>De nos jours, le contenant est aussi important que le contenu. Le contenant est ce qui \u00ab\u00a0vend\u00a0\u00bb le produit, il attire notre attention, transmet le message et le positionne dans notre esprit. Il est tr\u00e8s important que les deux parties soient en harmonie. Ainsi, il serait illogique d&rsquo;avoir un produit de grande qualit\u00e9 avec un emballage qui ne serait pas \u00e0 la hauteur, car le r\u00e9sultat final ne serait pas celui souhait\u00e9.<\/p>\n<p>C&rsquo;est ainsi que l&rsquo;on g\u00e9n\u00e8re un travail parfaitement ma\u00eetris\u00e9 \u00e0 chaque \u00e9tape du processus, o\u00f9 l&rsquo;on renforce la marque aupr\u00e8s du client final, et o\u00f9 l&rsquo;on est polyvalent en ce qui concerne les types de finitions que chaque produit n\u00e9cessite dans le domaine de l&#8217;emballage.<\/p>\n<p>Nous examinons chaque d\u00e9tail de chaque ruban de tissu pour que le client qui re\u00e7oit le produit soit pleinement satisfait, et cela est possible car nous prenons en compte le type d&rsquo;impression et de finition qui conviennent le mieux \u00e0 chaque cas, offrant ainsi une grande polyvalence dans le r\u00e9sultat final.<\/p>\n<p><img loading=\"lazy\" decoding=\"async\" class=\"aligncenter wp-image-463 size-us_768_0\" src=\"https:\/\/www.manubens.es\/wp-content\/uploads\/2018\/05\/slider-manubens-01-768x380.jpg\" alt=\"slider-manubens-01\" width=\"768\" height=\"380\" \/><\/p>\n<p>En r\u00e9sum\u00e9, le r\u00e9sultat obtenu est exclusif, et les clients re\u00e7oivent un cadeau de leur marque pr\u00e9f\u00e9r\u00e9e avec un ruban de tissu de premi\u00e8re qualit\u00e9 fabriqu\u00e9 par Manubens dans son usine de Manresa.<\/p>\n<h3><strong>FINITIONS ET IMPRESSIONS DE L&rsquo;EMBALLAGE<\/strong><\/h3>\n<p>Les finitions que nous r\u00e9alisons dans notre usine sont tr\u00e8s vari\u00e9es, allant des extr\u00e9mit\u00e9s m\u00e9talliques ou en plastique des rubans de tissu, id\u00e9ales pour la fabrication de sacs o\u00f9 elles sont utilis\u00e9es comme poign\u00e9es, \u00e0 diff\u00e9rents types de coupes, telles que la coupe droite, la coupe diagonale, la coupe diagonale oppos\u00e9e ou la coupe par enregistrement si le ruban est imprim\u00e9.<\/p>\n<p>On peut \u00e9galement fabriquer des n\u0153uds, appliquer des adh\u00e9sifs, des silicones&#8230; et bien s\u00fbr, le r\u00e9sultat est toujours am\u00e9lior\u00e9 en appliquant des techniques d&rsquo;impression avanc\u00e9es, telles que la s\u00e9rigraphie, les finitions m\u00e9tallis\u00e9es, en relief ou la sublimation.<\/p>\n<p>Sans aucun doute, disposer de ces techniques novatrices en mati\u00e8re de pr\u00e9sentation finale de produits de haute qualit\u00e9 est un atout pour notre marque, car c&rsquo;est le moment o\u00f9 nos produits atteignent leur qualit\u00e9 maximale et leur diffusion maximale dans n&rsquo;importe quel secteur d&rsquo;activit\u00e9.<\/p>\n<p>Tout cela est possible gr\u00e2ce \u00e0 la pr\u00e9sence de Manubens au salon de Monaco du 30 septembre au 2 octobre de cette ann\u00e9e, un lieu unique dont vous serez impatient d&rsquo;en savoir plus de d\u00e9tails. <a href=\"https:\/\/www.manubens.es\/fr\/contact\/\" rel=\"noopener\" target=\"_blank\">Interrogez-nous<\/a> pour obtenir plus d&rsquo;informations.<\/p>\n","protected":false},"excerpt":{"rendered":"<p>Chaque ann\u00e9e \u00e0 Monaco se tient le salon Luxe Pack, le salon par excellence de l&#8217;emballage de luxe \u00e0 l&rsquo;\u00e9chelle internationale. Manubens pr\u00e9sente lors du salon les nouveaut\u00e9s en mati\u00e8re d&#8217;emballage de rubans pour cette ann\u00e9e, destin\u00e9es aux diff\u00e9rents march\u00e9s dans lesquels nous sommes pr\u00e9sents, que ce soit dans les secteurs de la cosm\u00e9tique, de&#8230;<\/p>\n","protected":false},"author":3,"featured_media":3484,"comment_status":"open","ping_status":"open","sticky":false,"template":"","format":"standard","meta":{"footnotes":""},"categories":[11],"tags":[],"class_list":["post-14271","post","type-post","status-publish","format-standard","has-post-thumbnail","hentry","category-non-classifiee"],"yoast_head":"<!-- This site is optimized with the Yoast SEO plugin v27.5 - https:\/\/yoast.com\/product\/yoast-seo-wordpress\/ -->\n<title>Manubens participe au salon Luxe Pack de Monaco<\/title>\n<meta name=\"description\" content=\"Chaque ann\u00e9e \u00e0 Monaco se tient le salon Luxe Pack, le salon par excellence de l&#039;emballage de luxe \u00e0 l&#039;\u00e9chelle internationale.\" \/>\n<meta name=\"robots\" content=\"index, follow, max-snippet:-1, max-image-preview:large, max-video-preview:-1\" \/>\n<link rel=\"canonical\" href=\"https:\/\/www.manubens.es\/fr\/manubens-participe-au-salon-luxe-pack-de-monaco\/\" \/>\n<meta property=\"og:locale\" content=\"fr_FR\" \/>\n<meta property=\"og:type\" content=\"article\" \/>\n<meta property=\"og:title\" content=\"Manubens participe au salon Luxe Pack de Monaco\" \/>\n<meta property=\"og:description\" content=\"Chaque ann\u00e9e \u00e0 Monaco se tient le salon Luxe Pack, le salon par excellence de l&#039;emballage de luxe \u00e0 l&#039;\u00e9chelle internationale.\" \/>\n<meta property=\"og:url\" content=\"https:\/\/www.manubens.es\/fr\/manubens-participe-au-salon-luxe-pack-de-monaco\/\" \/>\n<meta property=\"og:site_name\" content=\"Manubens\" \/>\n<meta property=\"article:published_time\" content=\"2024-04-19T15:22:44+00:00\" \/>\n<meta property=\"article:modified_time\" content=\"2024-04-19T15:24:17+00:00\" \/>\n<meta property=\"og:image\" content=\"https:\/\/www.manubens.es\/wp-content\/uploads\/2019\/09\/LUXEPACK-MANUBENS.jpg\" \/>\n\t<meta property=\"og:image:width\" content=\"1080\" \/>\n\t<meta property=\"og:image:height\" content=\"1080\" \/>\n\t<meta property=\"og:image:type\" content=\"image\/jpeg\" \/>\n<meta name=\"author\" content=\"Manubens\" \/>\n<meta name=\"twitter:card\" content=\"summary_large_image\" \/>\n<meta name=\"twitter:label1\" content=\"\u00c9crit par\" \/>\n\t<meta name=\"twitter:data1\" content=\"Manubens\" \/>\n\t<meta name=\"twitter:label2\" content=\"Dur\u00e9e de lecture estim\u00e9e\" \/>\n\t<meta name=\"twitter:data2\" content=\"3 minutes\" \/>\n<script type=\"application\/ld+json\" class=\"yoast-schema-graph\">{\"@context\":\"https:\\\/\\\/schema.org\",\"@graph\":[{\"@type\":\"Article\",\"@id\":\"https:\\\/\\\/www.manubens.es\\\/fr\\\/manubens-participe-au-salon-luxe-pack-de-monaco\\\/#article\",\"isPartOf\":{\"@id\":\"https:\\\/\\\/www.manubens.es\\\/fr\\\/manubens-participe-au-salon-luxe-pack-de-monaco\\\/\"},\"author\":{\"name\":\"Manubens\",\"@id\":\"https:\\\/\\\/www.manubens.es\\\/fr\\\/#\\\/schema\\\/person\\\/cc83950a2556bd2dd10d3b8624863100\"},\"headline\":\"Manubens participe au salon Luxe Pack de Monaco\",\"datePublished\":\"2024-04-19T15:22:44+00:00\",\"dateModified\":\"2024-04-19T15:24:17+00:00\",\"mainEntityOfPage\":{\"@id\":\"https:\\\/\\\/www.manubens.es\\\/fr\\\/manubens-participe-au-salon-luxe-pack-de-monaco\\\/\"},\"wordCount\":705,\"commentCount\":0,\"image\":{\"@id\":\"https:\\\/\\\/www.manubens.es\\\/fr\\\/manubens-participe-au-salon-luxe-pack-de-monaco\\\/#primaryimage\"},\"thumbnailUrl\":\"https:\\\/\\\/www.manubens.es\\\/wp-content\\\/uploads\\\/2019\\\/09\\\/LUXEPACK-MANUBENS.jpg\",\"articleSection\":[\"Non classifi\u00e9(e)\"],\"inLanguage\":\"fr-FR\",\"potentialAction\":[{\"@type\":\"CommentAction\",\"name\":\"Comment\",\"target\":[\"https:\\\/\\\/www.manubens.es\\\/fr\\\/manubens-participe-au-salon-luxe-pack-de-monaco\\\/#respond\"]}]},{\"@type\":\"WebPage\",\"@id\":\"https:\\\/\\\/www.manubens.es\\\/fr\\\/manubens-participe-au-salon-luxe-pack-de-monaco\\\/\",\"url\":\"https:\\\/\\\/www.manubens.es\\\/fr\\\/manubens-participe-au-salon-luxe-pack-de-monaco\\\/\",\"name\":\"Manubens participe au salon Luxe Pack de Monaco\",\"isPartOf\":{\"@id\":\"https:\\\/\\\/www.manubens.es\\\/fr\\\/#website\"},\"primaryImageOfPage\":{\"@id\":\"https:\\\/\\\/www.manubens.es\\\/fr\\\/manubens-participe-au-salon-luxe-pack-de-monaco\\\/#primaryimage\"},\"image\":{\"@id\":\"https:\\\/\\\/www.manubens.es\\\/fr\\\/manubens-participe-au-salon-luxe-pack-de-monaco\\\/#primaryimage\"},\"thumbnailUrl\":\"https:\\\/\\\/www.manubens.es\\\/wp-content\\\/uploads\\\/2019\\\/09\\\/LUXEPACK-MANUBENS.jpg\",\"datePublished\":\"2024-04-19T15:22:44+00:00\",\"dateModified\":\"2024-04-19T15:24:17+00:00\",\"author\":{\"@id\":\"https:\\\/\\\/www.manubens.es\\\/fr\\\/#\\\/schema\\\/person\\\/cc83950a2556bd2dd10d3b8624863100\"},\"description\":\"Chaque ann\u00e9e \u00e0 Monaco se tient le salon Luxe Pack, le salon par excellence de l'emballage de luxe \u00e0 l'\u00e9chelle internationale.\",\"breadcrumb\":{\"@id\":\"https:\\\/\\\/www.manubens.es\\\/fr\\\/manubens-participe-au-salon-luxe-pack-de-monaco\\\/#breadcrumb\"},\"inLanguage\":\"fr-FR\",\"potentialAction\":[{\"@type\":\"ReadAction\",\"target\":[\"https:\\\/\\\/www.manubens.es\\\/fr\\\/manubens-participe-au-salon-luxe-pack-de-monaco\\\/\"]}]},{\"@type\":\"ImageObject\",\"inLanguage\":\"fr-FR\",\"@id\":\"https:\\\/\\\/www.manubens.es\\\/fr\\\/manubens-participe-au-salon-luxe-pack-de-monaco\\\/#primaryimage\",\"url\":\"https:\\\/\\\/www.manubens.es\\\/wp-content\\\/uploads\\\/2019\\\/09\\\/LUXEPACK-MANUBENS.jpg\",\"contentUrl\":\"https:\\\/\\\/www.manubens.es\\\/wp-content\\\/uploads\\\/2019\\\/09\\\/LUXEPACK-MANUBENS.jpg\",\"width\":1080,\"height\":1080,\"caption\":\"LUXEPACK-MANUBENS\"},{\"@type\":\"BreadcrumbList\",\"@id\":\"https:\\\/\\\/www.manubens.es\\\/fr\\\/manubens-participe-au-salon-luxe-pack-de-monaco\\\/#breadcrumb\",\"itemListElement\":[{\"@type\":\"ListItem\",\"position\":1,\"name\":\"Portada\",\"item\":\"https:\\\/\\\/www.manubens.es\\\/fr\\\/\"},{\"@type\":\"ListItem\",\"position\":2,\"name\":\"Manubens participe au salon Luxe Pack de Monaco\"}]},{\"@type\":\"WebSite\",\"@id\":\"https:\\\/\\\/www.manubens.es\\\/fr\\\/#website\",\"url\":\"https:\\\/\\\/www.manubens.es\\\/fr\\\/\",\"name\":\"Manubens\",\"description\":\"Manubens Cintas\",\"potentialAction\":[{\"@type\":\"SearchAction\",\"target\":{\"@type\":\"EntryPoint\",\"urlTemplate\":\"https:\\\/\\\/www.manubens.es\\\/fr\\\/?s={search_term_string}\"},\"query-input\":{\"@type\":\"PropertyValueSpecification\",\"valueRequired\":true,\"valueName\":\"search_term_string\"}}],\"inLanguage\":\"fr-FR\"},{\"@type\":\"Person\",\"@id\":\"https:\\\/\\\/www.manubens.es\\\/fr\\\/#\\\/schema\\\/person\\\/cc83950a2556bd2dd10d3b8624863100\",\"name\":\"Manubens\",\"image\":{\"@type\":\"ImageObject\",\"inLanguage\":\"fr-FR\",\"@id\":\"https:\\\/\\\/secure.gravatar.com\\\/avatar\\\/15725cf86f411a4448330e45448e709f65acd91917559f0ff679989b0394976e?s=96&d=mm&r=g\",\"url\":\"https:\\\/\\\/secure.gravatar.com\\\/avatar\\\/15725cf86f411a4448330e45448e709f65acd91917559f0ff679989b0394976e?s=96&d=mm&r=g\",\"contentUrl\":\"https:\\\/\\\/secure.gravatar.com\\\/avatar\\\/15725cf86f411a4448330e45448e709f65acd91917559f0ff679989b0394976e?s=96&d=mm&r=g\",\"caption\":\"Manubens\"}}]}<\/script>\n<!-- \/ Yoast SEO plugin. -->","yoast_head_json":{"title":"Manubens participe au salon Luxe Pack de Monaco","description":"Chaque ann\u00e9e \u00e0 Monaco se tient le salon Luxe Pack, le salon par excellence de l'emballage de luxe \u00e0 l'\u00e9chelle internationale.","robots":{"index":"index","follow":"follow","max-snippet":"max-snippet:-1","max-image-preview":"max-image-preview:large","max-video-preview":"max-video-preview:-1"},"canonical":"https:\/\/www.manubens.es\/fr\/manubens-participe-au-salon-luxe-pack-de-monaco\/","og_locale":"fr_FR","og_type":"article","og_title":"Manubens participe au salon Luxe Pack de Monaco","og_description":"Chaque ann\u00e9e \u00e0 Monaco se tient le salon Luxe Pack, le salon par excellence de l'emballage de luxe \u00e0 l'\u00e9chelle internationale.","og_url":"https:\/\/www.manubens.es\/fr\/manubens-participe-au-salon-luxe-pack-de-monaco\/","og_site_name":"Manubens","article_published_time":"2024-04-19T15:22:44+00:00","article_modified_time":"2024-04-19T15:24:17+00:00","og_image":[{"width":1080,"height":1080,"url":"https:\/\/www.manubens.es\/wp-content\/uploads\/2019\/09\/LUXEPACK-MANUBENS.jpg","type":"image\/jpeg"}],"author":"Manubens","twitter_card":"summary_large_image","twitter_misc":{"\u00c9crit par":"Manubens","Dur\u00e9e de lecture estim\u00e9e":"3 minutes"},"schema":{"@context":"https:\/\/schema.org","@graph":[{"@type":"Article","@id":"https:\/\/www.manubens.es\/fr\/manubens-participe-au-salon-luxe-pack-de-monaco\/#article","isPartOf":{"@id":"https:\/\/www.manubens.es\/fr\/manubens-participe-au-salon-luxe-pack-de-monaco\/"},"author":{"name":"Manubens","@id":"https:\/\/www.manubens.es\/fr\/#\/schema\/person\/cc83950a2556bd2dd10d3b8624863100"},"headline":"Manubens participe au salon Luxe Pack de Monaco","datePublished":"2024-04-19T15:22:44+00:00","dateModified":"2024-04-19T15:24:17+00:00","mainEntityOfPage":{"@id":"https:\/\/www.manubens.es\/fr\/manubens-participe-au-salon-luxe-pack-de-monaco\/"},"wordCount":705,"commentCount":0,"image":{"@id":"https:\/\/www.manubens.es\/fr\/manubens-participe-au-salon-luxe-pack-de-monaco\/#primaryimage"},"thumbnailUrl":"https:\/\/www.manubens.es\/wp-content\/uploads\/2019\/09\/LUXEPACK-MANUBENS.jpg","articleSection":["Non classifi\u00e9(e)"],"inLanguage":"fr-FR","potentialAction":[{"@type":"CommentAction","name":"Comment","target":["https:\/\/www.manubens.es\/fr\/manubens-participe-au-salon-luxe-pack-de-monaco\/#respond"]}]},{"@type":"WebPage","@id":"https:\/\/www.manubens.es\/fr\/manubens-participe-au-salon-luxe-pack-de-monaco\/","url":"https:\/\/www.manubens.es\/fr\/manubens-participe-au-salon-luxe-pack-de-monaco\/","name":"Manubens participe au salon Luxe Pack de Monaco","isPartOf":{"@id":"https:\/\/www.manubens.es\/fr\/#website"},"primaryImageOfPage":{"@id":"https:\/\/www.manubens.es\/fr\/manubens-participe-au-salon-luxe-pack-de-monaco\/#primaryimage"},"image":{"@id":"https:\/\/www.manubens.es\/fr\/manubens-participe-au-salon-luxe-pack-de-monaco\/#primaryimage"},"thumbnailUrl":"https:\/\/www.manubens.es\/wp-content\/uploads\/2019\/09\/LUXEPACK-MANUBENS.jpg","datePublished":"2024-04-19T15:22:44+00:00","dateModified":"2024-04-19T15:24:17+00:00","author":{"@id":"https:\/\/www.manubens.es\/fr\/#\/schema\/person\/cc83950a2556bd2dd10d3b8624863100"},"description":"Chaque ann\u00e9e \u00e0 Monaco se tient le salon Luxe Pack, le salon par excellence de l'emballage de luxe \u00e0 l'\u00e9chelle internationale.","breadcrumb":{"@id":"https:\/\/www.manubens.es\/fr\/manubens-participe-au-salon-luxe-pack-de-monaco\/#breadcrumb"},"inLanguage":"fr-FR","potentialAction":[{"@type":"ReadAction","target":["https:\/\/www.manubens.es\/fr\/manubens-participe-au-salon-luxe-pack-de-monaco\/"]}]},{"@type":"ImageObject","inLanguage":"fr-FR","@id":"https:\/\/www.manubens.es\/fr\/manubens-participe-au-salon-luxe-pack-de-monaco\/#primaryimage","url":"https:\/\/www.manubens.es\/wp-content\/uploads\/2019\/09\/LUXEPACK-MANUBENS.jpg","contentUrl":"https:\/\/www.manubens.es\/wp-content\/uploads\/2019\/09\/LUXEPACK-MANUBENS.jpg","width":1080,"height":1080,"caption":"LUXEPACK-MANUBENS"},{"@type":"BreadcrumbList","@id":"https:\/\/www.manubens.es\/fr\/manubens-participe-au-salon-luxe-pack-de-monaco\/#breadcrumb","itemListElement":[{"@type":"ListItem","position":1,"name":"Portada","item":"https:\/\/www.manubens.es\/fr\/"},{"@type":"ListItem","position":2,"name":"Manubens participe au salon Luxe Pack de Monaco"}]},{"@type":"WebSite","@id":"https:\/\/www.manubens.es\/fr\/#website","url":"https:\/\/www.manubens.es\/fr\/","name":"Manubens","description":"Manubens Cintas","potentialAction":[{"@type":"SearchAction","target":{"@type":"EntryPoint","urlTemplate":"https:\/\/www.manubens.es\/fr\/?s={search_term_string}"},"query-input":{"@type":"PropertyValueSpecification","valueRequired":true,"valueName":"search_term_string"}}],"inLanguage":"fr-FR"},{"@type":"Person","@id":"https:\/\/www.manubens.es\/fr\/#\/schema\/person\/cc83950a2556bd2dd10d3b8624863100","name":"Manubens","image":{"@type":"ImageObject","inLanguage":"fr-FR","@id":"https:\/\/secure.gravatar.com\/avatar\/15725cf86f411a4448330e45448e709f65acd91917559f0ff679989b0394976e?s=96&d=mm&r=g","url":"https:\/\/secure.gravatar.com\/avatar\/15725cf86f411a4448330e45448e709f65acd91917559f0ff679989b0394976e?s=96&d=mm&r=g","contentUrl":"https:\/\/secure.gravatar.com\/avatar\/15725cf86f411a4448330e45448e709f65acd91917559f0ff679989b0394976e?s=96&d=mm&r=g","caption":"Manubens"}}]}},"_links":{"self":[{"href":"https:\/\/www.manubens.es\/fr\/wp-json\/wp\/v2\/posts\/14271","targetHints":{"allow":["GET"]}}],"collection":[{"href":"https:\/\/www.manubens.es\/fr\/wp-json\/wp\/v2\/posts"}],"about":[{"href":"https:\/\/www.manubens.es\/fr\/wp-json\/wp\/v2\/types\/post"}],"author":[{"embeddable":true,"href":"https:\/\/www.manubens.es\/fr\/wp-json\/wp\/v2\/users\/3"}],"replies":[{"embeddable":true,"href":"https:\/\/www.manubens.es\/fr\/wp-json\/wp\/v2\/comments?post=14271"}],"version-history":[{"count":0,"href":"https:\/\/www.manubens.es\/fr\/wp-json\/wp\/v2\/posts\/14271\/revisions"}],"wp:featuredmedia":[{"embeddable":true,"href":"https:\/\/www.manubens.es\/fr\/wp-json\/wp\/v2\/media\/3484"}],"wp:attachment":[{"href":"https:\/\/www.manubens.es\/fr\/wp-json\/wp\/v2\/media?parent=14271"}],"wp:term":[{"taxonomy":"category","embeddable":true,"href":"https:\/\/www.manubens.es\/fr\/wp-json\/wp\/v2\/categories?post=14271"},{"taxonomy":"post_tag","embeddable":true,"href":"https:\/\/www.manubens.es\/fr\/wp-json\/wp\/v2\/tags?post=14271"}],"curies":[{"name":"wp","href":"https:\/\/api.w.org\/{rel}","templated":true}]}}