{"id":14684,"date":"2024-05-07T11:30:16","date_gmt":"2024-05-07T09:30:16","guid":{"rendered":"https:\/\/www.manubens.es\/blog\/decoration-de-noel-faite-maison-calendrier-de-lavent\/"},"modified":"2024-10-08T13:53:46","modified_gmt":"2024-10-08T11:53:46","slug":"decoration-de-noel-faite-maison-calendrier-de-lavent","status":"publish","type":"post","link":"https:\/\/www.manubens.es\/fr\/decoration-de-noel-faite-maison-calendrier-de-lavent\/","title":{"rendered":"D\u00e9coration de No\u00ebl faite maison : Calendrier de l&rsquo;Avent"},"content":{"rendered":"<section class=\"l-section wpb_row height_large\"><div class=\"l-section-h i-cf\"><div class=\"g-cols vc_row via_grid cols_1 laptops-cols_inherit tablets-cols_inherit mobiles-cols_1 valign_top type_default stacking_default\"><div class=\"wpb_column vc_column_container\"><div class=\"vc_column-inner\"><div class=\"wpb_text_column\"><div class=\"wpb_wrapper\"><p><span style=\"font-weight: 400;\">L&rsquo;esprit de No\u00ebl emplit de magie tout le mois de d\u00e9cembre : d\u00e9corer le sapin, monter la cr\u00e8che et accrocher le calendrier de l&rsquo;Avent avec le compte \u00e0 rebours jusqu&rsquo;au jour de No\u00ebl. Rien n&rsquo;est plus excitant pour une fille ou un gar\u00e7on que de se lever chaque matin et de d\u00e9couvrir le petit cadeau du jour ! Ce calendrier de l&rsquo;Avent est tr\u00e8s facile \u00e0 r\u00e9aliser. Les enfants pourront avoir leur propre d\u00e9coration de No\u00ebl faite \u00e0 la main. <\/span><\/p>\n<p><strong>Tout est pr\u00eat pour fabriquer votre propre d\u00e9coration en tissu pour No\u00ebl ? Commen\u00e7ons !<\/strong><\/p>\n<\/div><\/div><\/div><\/div><\/div><\/div><\/section><section class=\"l-section wpb_row height_large\"><div class=\"l-section-h i-cf\"><div class=\"g-cols vc_row via_grid cols_1 laptops-cols_inherit tablets-cols_inherit mobiles-cols_1 valign_top type_default stacking_default\"><div class=\"wpb_column vc_column_container\"><div class=\"vc_column-inner\"><div class=\"w-image align_none\"><div class=\"w-image-h\"><img decoding=\"async\" width=\"600\" height=\"430\" src=\"https:\/\/www.manubens.es\/wp-content\/uploads\/2020\/11\/Manubens_Calendari_202010_001-1024x734.jpg\" class=\"attachment-large size-large\" alt=\"\u00c9tape 1 : D\u00e9coration de No\u00ebl DIY\" loading=\"lazy\" srcset=\"https:\/\/www.manubens.es\/wp-content\/uploads\/2020\/11\/Manubens_Calendari_202010_001-1024x734.jpg 1024w, https:\/\/www.manubens.es\/wp-content\/uploads\/2020\/11\/Manubens_Calendari_202010_001-300x215.jpg 300w, https:\/\/www.manubens.es\/wp-content\/uploads\/2020\/11\/Manubens_Calendari_202010_001-600x430.jpg 600w, https:\/\/www.manubens.es\/wp-content\/uploads\/2020\/11\/Manubens_Calendari_202010_001-768x551.jpg 768w\" sizes=\"auto, (max-width: 600px) 100vw, 600px\" \/><\/div><\/div><\/div><\/div><\/div><\/div><\/section><section class=\"l-section wpb_row height_large\"><div class=\"l-section-h i-cf\"><div class=\"g-cols vc_row via_grid cols_1 laptops-cols_inherit tablets-cols_inherit mobiles-cols_1 valign_top type_default stacking_default\"><div class=\"wpb_column vc_column_container\"><div class=\"vc_column-inner\"><div class=\"wpb_text_column\"><div class=\"wpb_wrapper\"><h2><strong>Mat\u00e9riaux pour cette activit\u00e9 manuelle de No\u00ebl :<\/strong><\/h2>\n<ul>\n<li><span style=\"font-weight: 400;\">Toile de lin en deux couleurs, naturelle et grise, pour cr\u00e9er un contraste avec le rouge.<\/span><\/li>\n<li><span style=\"font-weight: 400;\">Fil blanc et rouge<\/span><\/li>\n<li><span style=\"font-weight: 400;\">\u00c9pingles et aiguilles<\/span><\/li>\n<li><span style=\"font-weight: 400;\">2 grelots<\/span><\/li>\n<li><span style=\"font-weight: 400;\">Deux dentelles<\/span><\/li>\n<li><span style=\"font-weight: 400;\"><strong>Rubans en tissu Manubens<\/strong> des r\u00e9f\u00e9rences suivantes :<\/span>\n<ul>\n<li><span style=\"font-weight: 400;\">Ruban de No\u00ebl P.152\/16mm couleur 2<\/span><\/li>\n<li><span style=\"font-weight: 400;\">Cordon acrylique P.200 couleur rouge 45<\/span><\/li>\n<li><span style=\"font-weight: 400;\">Ruban Vichy P.4600\/16 couleur rouge 46<\/span><\/li>\n<li><span style=\"font-weight: 400;\">Ruban Vichy P.4600\/16 couleur gris 8<\/span><\/li>\n<li><span style=\"font-weight: 400;\">Ruban Vichy P.4600\/16 couleur noir 1<\/span><\/li>\n<li><span style=\"font-weight: 400;\">Ruban Vichy P.4600\/25 couleur noir 1<\/span><\/li>\n<li><span style=\"font-weight: 400;\">Onduline P.5500\/2 couleur blanc 2<\/span><\/li>\n<li><span style=\"font-weight: 400;\">Onduline P.5500\/2 couleur rouge 45<\/span><\/li>\n<li><span style=\"font-weight: 400;\">Onduline P.5500\/3 couleur rouge 45<\/span><\/li>\n<li><span style=\"font-weight: 400;\">Taffetas taupe P.1410\/10mm couleur rouge 145<\/span><\/li>\n<li><span style=\"font-weight: 400;\">Taffetas taupe P.1410\/16mm couleur rouge 145<\/span><\/li>\n<li><span style=\"font-weight: 400;\">Taffetas taupe P.1410\/38mm couleur rouge 145<\/span><\/li>\n<li><span style=\"font-weight: 400;\">Fil chenille P.750 couleur blanc 2<\/span><\/li>\n<\/ul>\n<\/li>\n<\/ul>\n<p><strong>Ceci est notre proposition, mais ce n&rsquo;est pas obligatoire. Amusez-vous avec votre cr\u00e9ativit\u00e9 !<\/strong><\/p>\n<h3><strong>\u00c9tape 1 :<\/strong><\/h3>\n<\/div><\/div><\/div><\/div><\/div><\/div><\/section><section class=\"l-section wpb_row height_large\"><div class=\"l-section-h i-cf\"><div class=\"g-cols vc_row via_grid cols_1 laptops-cols_inherit tablets-cols_inherit mobiles-cols_1 valign_top type_default stacking_default\"><div class=\"wpb_column vc_column_container\"><div class=\"vc_column-inner\"><div class=\"w-image align_center\"><div class=\"w-image-h\"><img decoding=\"async\" width=\"600\" height=\"430\" src=\"https:\/\/www.manubens.es\/wp-content\/uploads\/2020\/11\/Manubens_Calendari_202010_004-1024x734.jpg\" class=\"attachment-large size-large\" alt=\"\u00c9tape 1 : D\u00e9coration de No\u00ebl DIY\" loading=\"lazy\" srcset=\"https:\/\/www.manubens.es\/wp-content\/uploads\/2020\/11\/Manubens_Calendari_202010_004-1024x734.jpg 1024w, https:\/\/www.manubens.es\/wp-content\/uploads\/2020\/11\/Manubens_Calendari_202010_004-300x215.jpg 300w, https:\/\/www.manubens.es\/wp-content\/uploads\/2020\/11\/Manubens_Calendari_202010_004-600x430.jpg 600w, https:\/\/www.manubens.es\/wp-content\/uploads\/2020\/11\/Manubens_Calendari_202010_004-768x551.jpg 768w\" sizes=\"auto, (max-width: 600px) 100vw, 600px\" \/><\/div><\/div><\/div><\/div><\/div><\/div><\/section><section class=\"l-section wpb_row height_large\"><div class=\"l-section-h i-cf\"><div class=\"g-cols vc_row via_grid cols_1 laptops-cols_inherit tablets-cols_inherit mobiles-cols_1 valign_top type_default stacking_default\"><div class=\"wpb_column vc_column_container\"><div class=\"vc_column-inner\"><div class=\"wpb_text_column\"><div class=\"wpb_wrapper\"><p><span style=\"font-weight: 400;\">Coupez un morceau de toile de lin naturel de 60 x 60 cm pour le support. Coupez \u00e9galement 4 bandes de 6 x 60 cm de toile de lin grise pour lui donner de la rigidit\u00e9 et cousez-les \u00e0 l&rsquo;arri\u00e8re de la toile naturelle comme si c&rsquo;\u00e9tait un cadre. (Pour avoir une id\u00e9e, regardez la photo de l&rsquo;\u00e9tape 5 ci-dessous). Profitez-en pour coudre le ruban qui tiendra le calendrier de l&rsquo;Avent DIY entre l&rsquo;une des bandes du cadre et l&rsquo;avant. Cette fois, nous avons utilis\u00e9 du ruban en organza, mais vous pouvez choisir celui que vous pr\u00e9f\u00e9rez.<\/span><\/p>\n<\/div><\/div><\/div><\/div><\/div><\/div><\/section><section class=\"l-section wpb_row height_large\"><div class=\"l-section-h i-cf\"><div class=\"g-cols vc_row via_grid cols_1 laptops-cols_inherit tablets-cols_inherit mobiles-cols_1 valign_top type_default stacking_default\"><div class=\"wpb_column vc_column_container\"><div class=\"vc_column-inner\"><div class=\"w-image align_center\"><div class=\"w-image-h\"><img decoding=\"async\" width=\"600\" height=\"380\" src=\"https:\/\/www.manubens.es\/wp-content\/uploads\/2020\/11\/Foto-22-ampliada-gran.jpg\" class=\"attachment-large size-large\" alt=\"\u00c9tape 1 D\u00e9coration de No\u00ebl DIY 2\" loading=\"lazy\" srcset=\"https:\/\/www.manubens.es\/wp-content\/uploads\/2020\/11\/Foto-22-ampliada-gran.jpg 860w, https:\/\/www.manubens.es\/wp-content\/uploads\/2020\/11\/Foto-22-ampliada-gran-300x190.jpg 300w, https:\/\/www.manubens.es\/wp-content\/uploads\/2020\/11\/Foto-22-ampliada-gran-600x380.jpg 600w, https:\/\/www.manubens.es\/wp-content\/uploads\/2020\/11\/Foto-22-ampliada-gran-768x486.jpg 768w\" sizes=\"auto, (max-width: 600px) 100vw, 600px\" \/><\/div><\/div><\/div><\/div><\/div><\/div><\/section><section class=\"l-section wpb_row height_large\"><div class=\"l-section-h i-cf\"><div class=\"g-cols vc_row via_grid cols_1 laptops-cols_inherit tablets-cols_inherit mobiles-cols_1 valign_top type_default stacking_default\"><div class=\"wpb_column vc_column_container\"><div class=\"vc_column-inner\"><div class=\"wpb_text_column\"><div class=\"wpb_wrapper\"><p><span style=\"font-weight: 400;\">Avec les morceaux de tissu restants (naturel et gris), coupez des carr\u00e9s ou des rectangles pour les poches, en combinant les deux tissus selon votre go\u00fbt. Vous pouvez \u00e9galement cr\u00e9er des poches avec deux triangles combin\u00e9s, comme vous pouvez le voir sur la photo num\u00e9ro 1 et num\u00e9ro 2. R\u00e9partissez les poches sur le calendrier et ajustez les mesures.<\/span><\/p>\n<\/div><\/div><div class=\"w-image align_center\"><div class=\"w-image-h\"><img decoding=\"async\" width=\"1\" height=\"1\" src=\"https:\/\/www.manubens.es\/wp-content\/uploads\/2024\/10\/foto-x-22.jpg\" class=\"attachment-large size-large\" alt=\"\" loading=\"lazy\" \/><\/div><\/div><div class=\"w-separator size_medium\"><\/div><div class=\"wpb_text_column\"><div class=\"wpb_wrapper\"><h3><strong>\u00c9tape 2 :<\/strong><\/h3>\n<\/div><\/div><\/div><\/div><\/div><\/div><\/section><section class=\"l-section wpb_row height_large\"><div class=\"l-section-h i-cf\"><div class=\"g-cols vc_row via_grid cols_1 laptops-cols_inherit tablets-cols_inherit mobiles-cols_1 valign_top type_default stacking_default\"><div class=\"wpb_column vc_column_container\"><div class=\"vc_column-inner\"><div class=\"w-image align_center\"><div class=\"w-image-h\"><img decoding=\"async\" width=\"600\" height=\"430\" src=\"https:\/\/www.manubens.es\/wp-content\/uploads\/2020\/11\/Manubens_Calendari_202010_005-1024x734.jpg\" class=\"attachment-large size-large\" alt=\"\u00c9tape 4 : D\u00e9coration de No\u00ebl DIY\" loading=\"lazy\" srcset=\"https:\/\/www.manubens.es\/wp-content\/uploads\/2020\/11\/Manubens_Calendari_202010_005-1024x734.jpg 1024w, https:\/\/www.manubens.es\/wp-content\/uploads\/2020\/11\/Manubens_Calendari_202010_005-300x215.jpg 300w, https:\/\/www.manubens.es\/wp-content\/uploads\/2020\/11\/Manubens_Calendari_202010_005-600x430.jpg 600w, https:\/\/www.manubens.es\/wp-content\/uploads\/2020\/11\/Manubens_Calendari_202010_005-768x551.jpg 768w\" sizes=\"auto, (max-width: 600px) 100vw, 600px\" \/><\/div><\/div><\/div><\/div><\/div><\/div><\/section><section class=\"l-section wpb_row height_large\"><div class=\"l-section-h i-cf\"><div class=\"g-cols vc_row via_grid cols_1 laptops-cols_inherit tablets-cols_inherit mobiles-cols_1 valign_top type_default stacking_default\"><div class=\"wpb_column vc_column_container\"><div class=\"vc_column-inner\"><div class=\"wpb_text_column\"><div class=\"wpb_wrapper\"><p><span style=\"font-weight: 400;\">S\u00e9lectionnez les rubans qui d\u00e9coreront votre activit\u00e9 manuelle de No\u00ebl et cousez-les sur les poches.<\/span><\/p>\n<h3><strong>\u00c9tape 3 :<\/strong><\/h3>\n<\/div><\/div><\/div><\/div><\/div><\/div><\/section><section class=\"l-section wpb_row height_large\"><div class=\"l-section-h i-cf\"><div class=\"g-cols vc_row via_grid cols_1 laptops-cols_inherit tablets-cols_inherit mobiles-cols_1 valign_top type_default stacking_default\"><div class=\"wpb_column vc_column_container\"><div class=\"vc_column-inner\"><div class=\"w-image align_center\"><div class=\"w-image-h\"><img decoding=\"async\" width=\"600\" height=\"430\" src=\"https:\/\/www.manubens.es\/wp-content\/uploads\/2020\/11\/Manubens_Calendari_202010_010-1024x734.jpg\" class=\"attachment-large size-large\" alt=\"\u00c9tape 3 : D\u00e9coration de No\u00ebl DIY\" loading=\"lazy\" srcset=\"https:\/\/www.manubens.es\/wp-content\/uploads\/2020\/11\/Manubens_Calendari_202010_010-1024x734.jpg 1024w, https:\/\/www.manubens.es\/wp-content\/uploads\/2020\/11\/Manubens_Calendari_202010_010-300x215.jpg 300w, https:\/\/www.manubens.es\/wp-content\/uploads\/2020\/11\/Manubens_Calendari_202010_010-600x430.jpg 600w, https:\/\/www.manubens.es\/wp-content\/uploads\/2020\/11\/Manubens_Calendari_202010_010-768x551.jpg 768w\" sizes=\"auto, (max-width: 600px) 100vw, 600px\" \/><\/div><\/div><\/div><\/div><\/div><\/div><\/section><section class=\"l-section wpb_row height_large\"><div class=\"l-section-h i-cf\"><div class=\"g-cols vc_row via_grid cols_1 laptops-cols_inherit tablets-cols_inherit mobiles-cols_1 valign_top type_default stacking_default\"><div class=\"wpb_column vc_column_container\"><div class=\"vc_column-inner\"><div class=\"wpb_text_column\"><div class=\"wpb_wrapper\"><p><span style=\"font-weight: 400;\">Cr\u00e9ez les chiffres de 1 \u00e0 25 avec du cordon rouge. Vous pouvez placer un fil \u00e0 l&rsquo;int\u00e9rieur du cordon pour donner forme aux chiffres plus facilement.<\/span><\/p>\n<h3><strong>\u00c9tape 4 :<\/strong><\/h3>\n<\/div><\/div><\/div><\/div><\/div><\/div><\/section><section class=\"l-section wpb_row height_large\"><div class=\"l-section-h i-cf\"><div class=\"g-cols vc_row via_grid cols_1 laptops-cols_inherit tablets-cols_inherit mobiles-cols_1 valign_top type_default stacking_default\"><div class=\"wpb_column vc_column_container\"><div class=\"vc_column-inner\"><div class=\"w-image align_center\"><div class=\"w-image-h\"><img decoding=\"async\" width=\"600\" height=\"430\" src=\"https:\/\/www.manubens.es\/wp-content\/uploads\/2020\/11\/Manubens_Calendari_202010_011-1024x734.jpg\" class=\"attachment-large size-large\" alt=\"\u00c9tape 4 : D\u00e9coration de No\u00ebl DIY\" loading=\"lazy\" srcset=\"https:\/\/www.manubens.es\/wp-content\/uploads\/2020\/11\/Manubens_Calendari_202010_011-1024x734.jpg 1024w, https:\/\/www.manubens.es\/wp-content\/uploads\/2020\/11\/Manubens_Calendari_202010_011-300x215.jpg 300w, https:\/\/www.manubens.es\/wp-content\/uploads\/2020\/11\/Manubens_Calendari_202010_011-600x430.jpg 600w, https:\/\/www.manubens.es\/wp-content\/uploads\/2020\/11\/Manubens_Calendari_202010_011-768x551.jpg 768w\" sizes=\"auto, (max-width: 600px) 100vw, 600px\" \/><\/div><\/div><\/div><\/div><\/div><\/div><\/section><section class=\"l-section wpb_row height_large\"><div class=\"l-section-h i-cf\"><div class=\"g-cols vc_row via_grid cols_1 laptops-cols_inherit tablets-cols_inherit mobiles-cols_1 valign_top type_default stacking_default\"><div class=\"wpb_column vc_column_container\"><div class=\"vc_column-inner\"><div class=\"wpb_text_column\"><div class=\"wpb_wrapper\"><p><span style=\"font-weight: 400;\">Avec le fil rouge, cousez les chiffres sur les morceaux de tissu qui seront les poches. Comment les enfants vivent-ils chaque \u00e9tape jusqu&rsquo;ici ? Ils sont s\u00fbrement impatients ! Il ne reste plus longtemps avant de voir notre calendrier de l&rsquo;Avent en tissu.<\/span><\/p>\n<h3><strong>\u00c9tape 5 :<\/strong><\/h3>\n<\/div><\/div><\/div><\/div><\/div><\/div><\/section><section class=\"l-section wpb_row height_large\"><div class=\"l-section-h i-cf\"><div class=\"g-cols vc_row via_grid cols_1 laptops-cols_inherit tablets-cols_inherit mobiles-cols_1 valign_top type_default stacking_default\"><div class=\"wpb_column vc_column_container\"><div class=\"vc_column-inner\"><div class=\"w-image align_center\"><div class=\"w-image-h\"><img decoding=\"async\" width=\"600\" height=\"430\" src=\"https:\/\/www.manubens.es\/wp-content\/uploads\/2020\/11\/Manubens_Calendari_202010_013-1024x734.jpg\" class=\"attachment-large size-large\" alt=\"\u00c9tape 5 : D\u00e9coration de No\u00ebl DIY\" loading=\"lazy\" srcset=\"https:\/\/www.manubens.es\/wp-content\/uploads\/2020\/11\/Manubens_Calendari_202010_013-1024x734.jpg 1024w, https:\/\/www.manubens.es\/wp-content\/uploads\/2020\/11\/Manubens_Calendari_202010_013-300x215.jpg 300w, https:\/\/www.manubens.es\/wp-content\/uploads\/2020\/11\/Manubens_Calendari_202010_013-600x430.jpg 600w, https:\/\/www.manubens.es\/wp-content\/uploads\/2020\/11\/Manubens_Calendari_202010_013-768x551.jpg 768w\" sizes=\"auto, (max-width: 600px) 100vw, 600px\" \/><\/div><\/div><\/div><\/div><\/div><\/div><\/section><section class=\"l-section wpb_row height_large\"><div class=\"l-section-h i-cf\"><div class=\"g-cols vc_row via_grid cols_1 laptops-cols_inherit tablets-cols_inherit mobiles-cols_1 valign_top type_default stacking_default\"><div class=\"wpb_column vc_column_container\"><div class=\"vc_column-inner\"><div class=\"wpb_text_column\"><div class=\"wpb_wrapper\"><p><span style=\"font-weight: 400;\">R\u00e9partissez les 25 poches sur le rectangle de toile. Vous pouvez les mettre en ordre ou de mani\u00e8re al\u00e9atoire pour rendre la recherche du jour plus amusante.<\/span><\/p>\n<\/div><\/div><\/div><\/div><\/div><\/div><\/section><section class=\"l-section wpb_row height_large\"><div class=\"l-section-h i-cf\"><div class=\"g-cols vc_row via_grid cols_1 laptops-cols_inherit tablets-cols_inherit mobiles-cols_1 valign_top type_default stacking_default\"><div class=\"wpb_column vc_column_container\"><div class=\"vc_column-inner\"><div class=\"w-image align_center\"><div class=\"w-image-h\"><img decoding=\"async\" width=\"600\" height=\"430\" src=\"https:\/\/www.manubens.es\/wp-content\/uploads\/2020\/11\/Manubens_Calendari_202010_018-1024x734.jpg\" class=\"attachment-large size-large\" alt=\"\u00c9tape 5 : D\u00e9coration de No\u00ebl DIY 2\" loading=\"lazy\" srcset=\"https:\/\/www.manubens.es\/wp-content\/uploads\/2020\/11\/Manubens_Calendari_202010_018-1024x734.jpg 1024w, https:\/\/www.manubens.es\/wp-content\/uploads\/2020\/11\/Manubens_Calendari_202010_018-300x215.jpg 300w, https:\/\/www.manubens.es\/wp-content\/uploads\/2020\/11\/Manubens_Calendari_202010_018-600x430.jpg 600w, https:\/\/www.manubens.es\/wp-content\/uploads\/2020\/11\/Manubens_Calendari_202010_018-768x551.jpg 768w\" sizes=\"auto, (max-width: 600px) 100vw, 600px\" \/><\/div><\/div><\/div><\/div><\/div><\/div><\/section><section class=\"l-section wpb_row height_large\"><div class=\"l-section-h i-cf\"><div class=\"g-cols vc_row via_grid cols_1 laptops-cols_inherit tablets-cols_inherit mobiles-cols_1 valign_top type_default stacking_default\"><div class=\"wpb_column vc_column_container\"><div class=\"vc_column-inner\"><div class=\"wpb_text_column\"><div class=\"wpb_wrapper\"><p><span style=\"font-weight: 400;\">Fixez-les avec des \u00e9pingles jusqu&rsquo;\u00e0 ce que vous trouviez la distribution qui vous pla\u00eet le plus. Cousez ensuite les petites poches sur la toile, n&rsquo;oubliez pas de laisser un c\u00f4t\u00e9 ouvert pour les cadeaux !<\/span><\/p>\n<h3><strong>\u00c9tape 6 :<\/strong><\/h3>\n<\/div><\/div><\/div><\/div><\/div><\/div><\/section><section class=\"l-section wpb_row height_large\"><div class=\"l-section-h i-cf\"><div class=\"g-cols vc_row via_grid cols_1 laptops-cols_inherit tablets-cols_inherit mobiles-cols_1 valign_top type_default stacking_default\"><div class=\"wpb_column vc_column_container\"><div class=\"vc_column-inner\"><div class=\"w-image align_center\"><div class=\"w-image-h\"><img decoding=\"async\" width=\"600\" height=\"426\" src=\"https:\/\/www.manubens.es\/wp-content\/uploads\/2020\/11\/Foto-20-ampliada-gran.jpg\" class=\"attachment-large size-large\" alt=\"\u00c9tape 6 : D\u00e9coration de No\u00ebl DIY 2\" loading=\"lazy\" srcset=\"https:\/\/www.manubens.es\/wp-content\/uploads\/2020\/11\/Foto-20-ampliada-gran.jpg 916w, https:\/\/www.manubens.es\/wp-content\/uploads\/2020\/11\/Foto-20-ampliada-gran-300x213.jpg 300w, https:\/\/www.manubens.es\/wp-content\/uploads\/2020\/11\/Foto-20-ampliada-gran-600x426.jpg 600w, https:\/\/www.manubens.es\/wp-content\/uploads\/2020\/11\/Foto-20-ampliada-gran-768x546.jpg 768w\" sizes=\"auto, (max-width: 600px) 100vw, 600px\" \/><\/div><\/div><\/div><\/div><\/div><\/div><\/section><section class=\"l-section wpb_row height_large\"><div class=\"l-section-h i-cf\"><div class=\"g-cols vc_row via_grid cols_1 laptops-cols_inherit tablets-cols_inherit mobiles-cols_1 valign_top type_default stacking_default\"><div class=\"wpb_column vc_column_container\"><div class=\"vc_column-inner\"><div class=\"wpb_text_column\"><div class=\"wpb_wrapper\"><p><span style=\"font-weight: 400;\">Terminez la d\u00e9coration des petites poches avec des n\u0153uds en ruban, des grelots ou les ornements que vous pr\u00e9f\u00e9rez. <\/span><\/p>\n<p><strong>Cette activit\u00e9 de No\u00ebl peut \u00eatre cousue \u00e0 la main ou \u00e0 la machine. Faites ce qui vous semble le plus confortable !<\/strong><\/p>\n<h3><strong>\u00c9tape 7 :<\/strong><\/h3>\n<\/div><\/div><\/div><\/div><\/div><\/div><\/section><section class=\"l-section wpb_row height_large\"><div class=\"l-section-h i-cf\"><div class=\"g-cols vc_row via_grid cols_1 laptops-cols_inherit tablets-cols_inherit mobiles-cols_1 valign_top type_default stacking_default\"><div class=\"wpb_column vc_column_container\"><div class=\"vc_column-inner\"><div class=\"w-image align_center\"><div class=\"w-image-h\"><img decoding=\"async\" width=\"600\" height=\"430\" src=\"https:\/\/www.manubens.es\/wp-content\/uploads\/2020\/11\/Manubens_Calendari_202010_022-1024x734.jpg\" class=\"attachment-large size-large\" alt=\"\u00c9tape 3 : D\u00e9coration de No\u00ebl DIY\" loading=\"lazy\" srcset=\"https:\/\/www.manubens.es\/wp-content\/uploads\/2020\/11\/Manubens_Calendari_202010_022-1024x734.jpg 1024w, https:\/\/www.manubens.es\/wp-content\/uploads\/2020\/11\/Manubens_Calendari_202010_022-300x215.jpg 300w, https:\/\/www.manubens.es\/wp-content\/uploads\/2020\/11\/Manubens_Calendari_202010_022-600x430.jpg 600w, https:\/\/www.manubens.es\/wp-content\/uploads\/2020\/11\/Manubens_Calendari_202010_022-768x551.jpg 768w\" sizes=\"auto, (max-width: 600px) 100vw, 600px\" \/><\/div><\/div><\/div><\/div><\/div><\/div><\/section><section class=\"l-section wpb_row height_large\"><div class=\"l-section-h i-cf\"><div class=\"g-cols vc_row via_grid cols_1 laptops-cols_inherit tablets-cols_inherit mobiles-cols_1 valign_top type_default stacking_default\"><div class=\"wpb_column vc_column_container\"><div class=\"vc_column-inner\"><div class=\"wpb_text_column\"><div class=\"wpb_wrapper\"><p><span style=\"font-weight: 400;\">Et, en suivant ces \u00e9tapes, votre premier Calendrier de l&rsquo;Avent fait main est termin\u00e9 et pr\u00eat \u00e0 \u00eatre rempli de bonbons, de chocolats, de biscuits en pain d&rsquo;\u00e9pice ou de petits cadeaux. Vous pouvez m\u00eame y mettre des notes avec des activit\u00e9s pour toute la famille : lire une histoire de No\u00ebl, regarder un film&#8230; Si vous \u00eates int\u00e9ress\u00e9 par les activit\u00e9s manuelles de No\u00ebl, jetez un coup d&rsquo;\u0153il \u00e0 notre couronne de l&rsquo;Avent fabriqu\u00e9e avec des rubans. <strong>N&rsquo;oubliez pas que vous pouvez \u00e9galement r\u00e9aliser votre calendrier avec d&rsquo;autres couleurs ou rubans. Contactez votre mercerie locale et laissez libre cours \u00e0 votre imagination. Que le plaisir commence !<\/strong><\/span><\/p>\n<blockquote class=\"instagram-media\" style=\"background: #FFF; border: 0; border-radius: 3px; box-shadow: 0 0 1px 0 rgba(0,0,0,0.5),0 1px 10px 0 rgba(0,0,0,0.15); margin: 1px; max-width: 540px; min-width: 326px; padding: 0; width: calc(100% - 2px);\" data-instgrm-captioned=\"\" data-instgrm-permalink=\"https:\/\/www.instagram.com\/p\/CHievWrFMPE\/?utm_source=ig_embed&amp;utm_campaign=loading\" data-instgrm-version=\"14\">\n<div style=\"padding: 16px;\">\n<p>&nbsp;<\/p>\n<div style=\"display: flex; flex-direction: row; align-items: center;\">\n<div style=\"background-color: #f4f4f4; border-radius: 50%; flex-grow: 0; height: 40px; margin-right: 14px; width: 40px;\"><\/div>\n<div style=\"display: flex; flex-direction: column; flex-grow: 1; justify-content: center;\">\n<div style=\"background-color: #f4f4f4; border-radius: 4px; flex-grow: 0; height: 14px; margin-bottom: 6px; width: 100px;\"><\/div>\n<div style=\"background-color: #f4f4f4; border-radius: 4px; flex-grow: 0; height: 14px; width: 60px;\"><\/div>\n<\/div>\n<\/div>\n<div style=\"padding: 19% 0;\"><\/div>\n<div style=\"display: block; height: 50px; margin: 0 auto 12px; width: 50px;\"><\/div>\n<div style=\"padding-top: 8px;\">\n<div style=\"color: #3897f0; font-family: Arial,sans-serif; font-size: 14px; font-style: normal; font-weight: 550; line-height: 18px;\">Ver esta publicaci\u00f3n en Instagram<\/div>\n<\/div>\n<div style=\"padding: 12.5% 0;\"><\/div>\n<div style=\"display: flex; flex-direction: row; margin-bottom: 14px; align-items: center;\">\n<div>\n<div style=\"background-color: #f4f4f4; border-radius: 50%; height: 12.5px; width: 12.5px; transform: translateX(0px) translateY(7px);\"><\/div>\n<div style=\"background-color: #f4f4f4; height: 12.5px; transform: rotate(-45deg) translateX(3px) translateY(1px); width: 12.5px; flex-grow: 0; margin-right: 14px; margin-left: 2px;\"><\/div>\n<div style=\"background-color: #f4f4f4; border-radius: 50%; height: 12.5px; width: 12.5px; transform: translateX(9px) translateY(-18px);\"><\/div>\n<\/div>\n<div style=\"margin-left: 8px;\">\n<div style=\"background-color: #f4f4f4; border-radius: 50%; flex-grow: 0; height: 20px; width: 20px;\"><\/div>\n<div style=\"width: 0; height: 0; border-top: 2px solid transparent; border-left: 6px solid #f4f4f4; border-bottom: 2px solid transparent; transform: translateX(16px) translateY(-4px) rotate(30deg);\"><\/div>\n<\/div>\n<div style=\"margin-left: auto;\">\n<div style=\"width: 0px; border-top: 8px solid #F4F4F4; border-right: 8px solid transparent; transform: translateY(16px);\"><\/div>\n<div style=\"background-color: #f4f4f4; flex-grow: 0; height: 12px; width: 16px; transform: translateY(-4px);\"><\/div>\n<div style=\"width: 0; height: 0; border-top: 8px solid #F4F4F4; border-left: 8px solid transparent; transform: translateY(-4px) translateX(8px);\"><\/div>\n<\/div>\n<\/div>\n<div style=\"display: flex; flex-direction: column; flex-grow: 1; justify-content: center; margin-bottom: 24px;\">\n<div style=\"background-color: #f4f4f4; border-radius: 4px; flex-grow: 0; height: 14px; margin-bottom: 6px; width: 224px;\"><\/div>\n<div style=\"background-color: #f4f4f4; border-radius: 4px; flex-grow: 0; height: 14px; width: 144px;\"><\/div>\n<\/div>\n<p>&nbsp;<\/p>\n<p style=\"color: #c9c8cd; font-family: Arial,sans-serif; font-size: 14px; line-height: 17px; margin-bottom: 0; margin-top: 8px; overflow: hidden; padding: 8px 0 7px; text-align: center; text-overflow: ellipsis; white-space: nowrap;\"><a style=\"color: #c9c8cd; font-family: Arial,sans-serif; font-size: 14px; font-style: normal; font-weight: normal; line-height: 17px; text-decoration: none;\" href=\"https:\/\/www.instagram.com\/p\/CHievWrFMPE\/?utm_source=ig_embed&amp;utm_campaign=loading\" target=\"_blank\" rel=\"noopener\">Una publicaci\u00f3n compartida de Manubens (@manubens.cintas)<\/a><\/p>\n<\/div>\n<\/blockquote>\n<p><script async src=\"\/\/www.instagram.com\/embed.js\"><\/script><\/p>\n<\/div><\/div><\/div><\/div><\/div><\/div><\/section><section class=\"l-section wpb_row height_large\"><div class=\"l-section-h i-cf\"><div class=\"g-cols vc_row via_grid cols_1 laptops-cols_inherit tablets-cols_inherit mobiles-cols_1 valign_top type_default stacking_default\"><div class=\"wpb_column vc_column_container\"><div class=\"vc_column-inner\"><div class=\"w-image align_center\"><div class=\"w-image-h\"><img decoding=\"async\" width=\"1\" height=\"1\" src=\"https:\/\/www.manubens.es\/wp-content\/uploads\/2024\/10\/foto-x-2.jpg\" class=\"attachment-large size-large\" alt=\"\" loading=\"lazy\" \/><\/div><\/div><\/div><\/div><\/div><\/div><\/section>\n","protected":false},"excerpt":{"rendered":"L&rsquo;esprit de No\u00ebl emplit de magie tout le mois de d\u00e9cembre : d\u00e9corer le sapin, monter la cr\u00e8che et accrocher le calendrier de l&rsquo;Avent avec le compte \u00e0 rebours jusqu&rsquo;au jour de No\u00ebl. Rien n&rsquo;est plus excitant pour une fille ou un gar\u00e7on que de se lever chaque matin et de d\u00e9couvrir le petit cadeau...","protected":false},"author":3,"featured_media":16691,"comment_status":"open","ping_status":"open","sticky":false,"template":"","format":"standard","meta":{"footnotes":""},"categories":[64],"tags":[],"class_list":["post-14684","post","type-post","status-publish","format-standard","has-post-thumbnail","hentry","category-ideas-manubens-fr"],"yoast_head":"<!-- This site is optimized with the Yoast SEO plugin v27.5 - https:\/\/yoast.com\/product\/yoast-seo-wordpress\/ -->\n<title>D\u00e9coration de No\u00ebl faite maison : Calendrier de l&#039;Avent - Manubens<\/title>\n<meta name=\"description\" content=\"Bricolage de No\u00ebl facile \u00e0 faire avec les enfants. Tutoriel simple avec tout le mat\u00e9riel n\u00e9cessaire pour cr\u00e9er ce DIY \u00e9tape par \u00e9tape.\" \/>\n<meta name=\"robots\" content=\"index, follow, max-snippet:-1, max-image-preview:large, max-video-preview:-1\" \/>\n<link rel=\"canonical\" href=\"https:\/\/www.manubens.es\/fr\/decoration-de-noel-faite-maison-calendrier-de-lavent\/\" \/>\n<meta property=\"og:locale\" content=\"fr_FR\" \/>\n<meta property=\"og:type\" content=\"article\" \/>\n<meta property=\"og:title\" content=\"D\u00e9coration de No\u00ebl faite maison : Calendrier de l&#039;Avent - Manubens\" \/>\n<meta property=\"og:description\" content=\"Bricolage de No\u00ebl facile \u00e0 faire avec les enfants. Tutoriel simple avec tout le mat\u00e9riel n\u00e9cessaire pour cr\u00e9er ce DIY \u00e9tape par \u00e9tape.\" \/>\n<meta property=\"og:url\" content=\"https:\/\/www.manubens.es\/fr\/decoration-de-noel-faite-maison-calendrier-de-lavent\/\" \/>\n<meta property=\"og:site_name\" content=\"Manubens\" \/>\n<meta property=\"article:published_time\" content=\"2024-05-07T09:30:16+00:00\" \/>\n<meta property=\"article:modified_time\" content=\"2024-10-08T11:53:46+00:00\" \/>\n<meta property=\"og:image\" content=\"https:\/\/www.manubens.es\/wp-content\/uploads\/2024\/06\/4.png\" \/>\n\t<meta property=\"og:image:width\" content=\"419\" \/>\n\t<meta property=\"og:image:height\" content=\"384\" \/>\n\t<meta property=\"og:image:type\" content=\"image\/png\" \/>\n<meta name=\"author\" content=\"Manubens\" \/>\n<meta name=\"twitter:card\" content=\"summary_large_image\" \/>\n<meta name=\"twitter:label1\" content=\"\u00c9crit par\" \/>\n\t<meta name=\"twitter:data1\" content=\"Manubens\" \/>\n\t<meta name=\"twitter:label2\" content=\"Dur\u00e9e de lecture estim\u00e9e\" \/>\n\t<meta name=\"twitter:data2\" content=\"4 minutes\" \/>\n<script type=\"application\/ld+json\" class=\"yoast-schema-graph\">{\"@context\":\"https:\\\/\\\/schema.org\",\"@graph\":[{\"@type\":\"Article\",\"@id\":\"https:\\\/\\\/www.manubens.es\\\/fr\\\/decoration-de-noel-faite-maison-calendrier-de-lavent\\\/#article\",\"isPartOf\":{\"@id\":\"https:\\\/\\\/www.manubens.es\\\/fr\\\/decoration-de-noel-faite-maison-calendrier-de-lavent\\\/\"},\"author\":{\"name\":\"Manubens\",\"@id\":\"https:\\\/\\\/www.manubens.es\\\/fr\\\/#\\\/schema\\\/person\\\/cc83950a2556bd2dd10d3b8624863100\"},\"headline\":\"D\u00e9coration de No\u00ebl faite maison : Calendrier de l&rsquo;Avent\",\"datePublished\":\"2024-05-07T09:30:16+00:00\",\"dateModified\":\"2024-10-08T11:53:46+00:00\",\"mainEntityOfPage\":{\"@id\":\"https:\\\/\\\/www.manubens.es\\\/fr\\\/decoration-de-noel-faite-maison-calendrier-de-lavent\\\/\"},\"wordCount\":1107,\"commentCount\":0,\"image\":{\"@id\":\"https:\\\/\\\/www.manubens.es\\\/fr\\\/decoration-de-noel-faite-maison-calendrier-de-lavent\\\/#primaryimage\"},\"thumbnailUrl\":\"https:\\\/\\\/www.manubens.es\\\/wp-content\\\/uploads\\\/2024\\\/06\\\/4.png\",\"articleSection\":[\"Ideas Manubens\"],\"inLanguage\":\"fr-FR\",\"potentialAction\":[{\"@type\":\"CommentAction\",\"name\":\"Comment\",\"target\":[\"https:\\\/\\\/www.manubens.es\\\/fr\\\/decoration-de-noel-faite-maison-calendrier-de-lavent\\\/#respond\"]}]},{\"@type\":\"WebPage\",\"@id\":\"https:\\\/\\\/www.manubens.es\\\/fr\\\/decoration-de-noel-faite-maison-calendrier-de-lavent\\\/\",\"url\":\"https:\\\/\\\/www.manubens.es\\\/fr\\\/decoration-de-noel-faite-maison-calendrier-de-lavent\\\/\",\"name\":\"D\u00e9coration de No\u00ebl faite maison : Calendrier de l'Avent - Manubens\",\"isPartOf\":{\"@id\":\"https:\\\/\\\/www.manubens.es\\\/fr\\\/#website\"},\"primaryImageOfPage\":{\"@id\":\"https:\\\/\\\/www.manubens.es\\\/fr\\\/decoration-de-noel-faite-maison-calendrier-de-lavent\\\/#primaryimage\"},\"image\":{\"@id\":\"https:\\\/\\\/www.manubens.es\\\/fr\\\/decoration-de-noel-faite-maison-calendrier-de-lavent\\\/#primaryimage\"},\"thumbnailUrl\":\"https:\\\/\\\/www.manubens.es\\\/wp-content\\\/uploads\\\/2024\\\/06\\\/4.png\",\"datePublished\":\"2024-05-07T09:30:16+00:00\",\"dateModified\":\"2024-10-08T11:53:46+00:00\",\"author\":{\"@id\":\"https:\\\/\\\/www.manubens.es\\\/fr\\\/#\\\/schema\\\/person\\\/cc83950a2556bd2dd10d3b8624863100\"},\"description\":\"Bricolage de No\u00ebl facile \u00e0 faire avec les enfants. Tutoriel simple avec tout le mat\u00e9riel n\u00e9cessaire pour cr\u00e9er ce DIY \u00e9tape par \u00e9tape.\",\"breadcrumb\":{\"@id\":\"https:\\\/\\\/www.manubens.es\\\/fr\\\/decoration-de-noel-faite-maison-calendrier-de-lavent\\\/#breadcrumb\"},\"inLanguage\":\"fr-FR\",\"potentialAction\":[{\"@type\":\"ReadAction\",\"target\":[\"https:\\\/\\\/www.manubens.es\\\/fr\\\/decoration-de-noel-faite-maison-calendrier-de-lavent\\\/\"]}]},{\"@type\":\"ImageObject\",\"inLanguage\":\"fr-FR\",\"@id\":\"https:\\\/\\\/www.manubens.es\\\/fr\\\/decoration-de-noel-faite-maison-calendrier-de-lavent\\\/#primaryimage\",\"url\":\"https:\\\/\\\/www.manubens.es\\\/wp-content\\\/uploads\\\/2024\\\/06\\\/4.png\",\"contentUrl\":\"https:\\\/\\\/www.manubens.es\\\/wp-content\\\/uploads\\\/2024\\\/06\\\/4.png\",\"width\":419,\"height\":384,\"caption\":\"Calendario-De-Adviento-Facil-Ni\u00f1os\"},{\"@type\":\"BreadcrumbList\",\"@id\":\"https:\\\/\\\/www.manubens.es\\\/fr\\\/decoration-de-noel-faite-maison-calendrier-de-lavent\\\/#breadcrumb\",\"itemListElement\":[{\"@type\":\"ListItem\",\"position\":1,\"name\":\"Portada\",\"item\":\"https:\\\/\\\/www.manubens.es\\\/fr\\\/\"},{\"@type\":\"ListItem\",\"position\":2,\"name\":\"D\u00e9coration de No\u00ebl faite maison : Calendrier de l&#8217;Avent\"}]},{\"@type\":\"WebSite\",\"@id\":\"https:\\\/\\\/www.manubens.es\\\/fr\\\/#website\",\"url\":\"https:\\\/\\\/www.manubens.es\\\/fr\\\/\",\"name\":\"Manubens\",\"description\":\"Manubens Cintas\",\"potentialAction\":[{\"@type\":\"SearchAction\",\"target\":{\"@type\":\"EntryPoint\",\"urlTemplate\":\"https:\\\/\\\/www.manubens.es\\\/fr\\\/?s={search_term_string}\"},\"query-input\":{\"@type\":\"PropertyValueSpecification\",\"valueRequired\":true,\"valueName\":\"search_term_string\"}}],\"inLanguage\":\"fr-FR\"},{\"@type\":\"Person\",\"@id\":\"https:\\\/\\\/www.manubens.es\\\/fr\\\/#\\\/schema\\\/person\\\/cc83950a2556bd2dd10d3b8624863100\",\"name\":\"Manubens\",\"image\":{\"@type\":\"ImageObject\",\"inLanguage\":\"fr-FR\",\"@id\":\"https:\\\/\\\/secure.gravatar.com\\\/avatar\\\/15725cf86f411a4448330e45448e709f65acd91917559f0ff679989b0394976e?s=96&d=mm&r=g\",\"url\":\"https:\\\/\\\/secure.gravatar.com\\\/avatar\\\/15725cf86f411a4448330e45448e709f65acd91917559f0ff679989b0394976e?s=96&d=mm&r=g\",\"contentUrl\":\"https:\\\/\\\/secure.gravatar.com\\\/avatar\\\/15725cf86f411a4448330e45448e709f65acd91917559f0ff679989b0394976e?s=96&d=mm&r=g\",\"caption\":\"Manubens\"}}]}<\/script>\n<!-- \/ Yoast SEO plugin. -->","yoast_head_json":{"title":"D\u00e9coration de No\u00ebl faite maison : Calendrier de l'Avent - Manubens","description":"Bricolage de No\u00ebl facile \u00e0 faire avec les enfants. Tutoriel simple avec tout le mat\u00e9riel n\u00e9cessaire pour cr\u00e9er ce DIY \u00e9tape par \u00e9tape.","robots":{"index":"index","follow":"follow","max-snippet":"max-snippet:-1","max-image-preview":"max-image-preview:large","max-video-preview":"max-video-preview:-1"},"canonical":"https:\/\/www.manubens.es\/fr\/decoration-de-noel-faite-maison-calendrier-de-lavent\/","og_locale":"fr_FR","og_type":"article","og_title":"D\u00e9coration de No\u00ebl faite maison : Calendrier de l'Avent - Manubens","og_description":"Bricolage de No\u00ebl facile \u00e0 faire avec les enfants. Tutoriel simple avec tout le mat\u00e9riel n\u00e9cessaire pour cr\u00e9er ce DIY \u00e9tape par \u00e9tape.","og_url":"https:\/\/www.manubens.es\/fr\/decoration-de-noel-faite-maison-calendrier-de-lavent\/","og_site_name":"Manubens","article_published_time":"2024-05-07T09:30:16+00:00","article_modified_time":"2024-10-08T11:53:46+00:00","og_image":[{"width":419,"height":384,"url":"https:\/\/www.manubens.es\/wp-content\/uploads\/2024\/06\/4.png","type":"image\/png"}],"author":"Manubens","twitter_card":"summary_large_image","twitter_misc":{"\u00c9crit par":"Manubens","Dur\u00e9e de lecture estim\u00e9e":"4 minutes"},"schema":{"@context":"https:\/\/schema.org","@graph":[{"@type":"Article","@id":"https:\/\/www.manubens.es\/fr\/decoration-de-noel-faite-maison-calendrier-de-lavent\/#article","isPartOf":{"@id":"https:\/\/www.manubens.es\/fr\/decoration-de-noel-faite-maison-calendrier-de-lavent\/"},"author":{"name":"Manubens","@id":"https:\/\/www.manubens.es\/fr\/#\/schema\/person\/cc83950a2556bd2dd10d3b8624863100"},"headline":"D\u00e9coration de No\u00ebl faite maison : Calendrier de l&rsquo;Avent","datePublished":"2024-05-07T09:30:16+00:00","dateModified":"2024-10-08T11:53:46+00:00","mainEntityOfPage":{"@id":"https:\/\/www.manubens.es\/fr\/decoration-de-noel-faite-maison-calendrier-de-lavent\/"},"wordCount":1107,"commentCount":0,"image":{"@id":"https:\/\/www.manubens.es\/fr\/decoration-de-noel-faite-maison-calendrier-de-lavent\/#primaryimage"},"thumbnailUrl":"https:\/\/www.manubens.es\/wp-content\/uploads\/2024\/06\/4.png","articleSection":["Ideas Manubens"],"inLanguage":"fr-FR","potentialAction":[{"@type":"CommentAction","name":"Comment","target":["https:\/\/www.manubens.es\/fr\/decoration-de-noel-faite-maison-calendrier-de-lavent\/#respond"]}]},{"@type":"WebPage","@id":"https:\/\/www.manubens.es\/fr\/decoration-de-noel-faite-maison-calendrier-de-lavent\/","url":"https:\/\/www.manubens.es\/fr\/decoration-de-noel-faite-maison-calendrier-de-lavent\/","name":"D\u00e9coration de No\u00ebl faite maison : Calendrier de l'Avent - Manubens","isPartOf":{"@id":"https:\/\/www.manubens.es\/fr\/#website"},"primaryImageOfPage":{"@id":"https:\/\/www.manubens.es\/fr\/decoration-de-noel-faite-maison-calendrier-de-lavent\/#primaryimage"},"image":{"@id":"https:\/\/www.manubens.es\/fr\/decoration-de-noel-faite-maison-calendrier-de-lavent\/#primaryimage"},"thumbnailUrl":"https:\/\/www.manubens.es\/wp-content\/uploads\/2024\/06\/4.png","datePublished":"2024-05-07T09:30:16+00:00","dateModified":"2024-10-08T11:53:46+00:00","author":{"@id":"https:\/\/www.manubens.es\/fr\/#\/schema\/person\/cc83950a2556bd2dd10d3b8624863100"},"description":"Bricolage de No\u00ebl facile \u00e0 faire avec les enfants. Tutoriel simple avec tout le mat\u00e9riel n\u00e9cessaire pour cr\u00e9er ce DIY \u00e9tape par \u00e9tape.","breadcrumb":{"@id":"https:\/\/www.manubens.es\/fr\/decoration-de-noel-faite-maison-calendrier-de-lavent\/#breadcrumb"},"inLanguage":"fr-FR","potentialAction":[{"@type":"ReadAction","target":["https:\/\/www.manubens.es\/fr\/decoration-de-noel-faite-maison-calendrier-de-lavent\/"]}]},{"@type":"ImageObject","inLanguage":"fr-FR","@id":"https:\/\/www.manubens.es\/fr\/decoration-de-noel-faite-maison-calendrier-de-lavent\/#primaryimage","url":"https:\/\/www.manubens.es\/wp-content\/uploads\/2024\/06\/4.png","contentUrl":"https:\/\/www.manubens.es\/wp-content\/uploads\/2024\/06\/4.png","width":419,"height":384,"caption":"Calendario-De-Adviento-Facil-Ni\u00f1os"},{"@type":"BreadcrumbList","@id":"https:\/\/www.manubens.es\/fr\/decoration-de-noel-faite-maison-calendrier-de-lavent\/#breadcrumb","itemListElement":[{"@type":"ListItem","position":1,"name":"Portada","item":"https:\/\/www.manubens.es\/fr\/"},{"@type":"ListItem","position":2,"name":"D\u00e9coration de No\u00ebl faite maison : Calendrier de l&#8217;Avent"}]},{"@type":"WebSite","@id":"https:\/\/www.manubens.es\/fr\/#website","url":"https:\/\/www.manubens.es\/fr\/","name":"Manubens","description":"Manubens Cintas","potentialAction":[{"@type":"SearchAction","target":{"@type":"EntryPoint","urlTemplate":"https:\/\/www.manubens.es\/fr\/?s={search_term_string}"},"query-input":{"@type":"PropertyValueSpecification","valueRequired":true,"valueName":"search_term_string"}}],"inLanguage":"fr-FR"},{"@type":"Person","@id":"https:\/\/www.manubens.es\/fr\/#\/schema\/person\/cc83950a2556bd2dd10d3b8624863100","name":"Manubens","image":{"@type":"ImageObject","inLanguage":"fr-FR","@id":"https:\/\/secure.gravatar.com\/avatar\/15725cf86f411a4448330e45448e709f65acd91917559f0ff679989b0394976e?s=96&d=mm&r=g","url":"https:\/\/secure.gravatar.com\/avatar\/15725cf86f411a4448330e45448e709f65acd91917559f0ff679989b0394976e?s=96&d=mm&r=g","contentUrl":"https:\/\/secure.gravatar.com\/avatar\/15725cf86f411a4448330e45448e709f65acd91917559f0ff679989b0394976e?s=96&d=mm&r=g","caption":"Manubens"}}]}},"_links":{"self":[{"href":"https:\/\/www.manubens.es\/fr\/wp-json\/wp\/v2\/posts\/14684","targetHints":{"allow":["GET"]}}],"collection":[{"href":"https:\/\/www.manubens.es\/fr\/wp-json\/wp\/v2\/posts"}],"about":[{"href":"https:\/\/www.manubens.es\/fr\/wp-json\/wp\/v2\/types\/post"}],"author":[{"embeddable":true,"href":"https:\/\/www.manubens.es\/fr\/wp-json\/wp\/v2\/users\/3"}],"replies":[{"embeddable":true,"href":"https:\/\/www.manubens.es\/fr\/wp-json\/wp\/v2\/comments?post=14684"}],"version-history":[{"count":0,"href":"https:\/\/www.manubens.es\/fr\/wp-json\/wp\/v2\/posts\/14684\/revisions"}],"wp:featuredmedia":[{"embeddable":true,"href":"https:\/\/www.manubens.es\/fr\/wp-json\/wp\/v2\/media\/16691"}],"wp:attachment":[{"href":"https:\/\/www.manubens.es\/fr\/wp-json\/wp\/v2\/media?parent=14684"}],"wp:term":[{"taxonomy":"category","embeddable":true,"href":"https:\/\/www.manubens.es\/fr\/wp-json\/wp\/v2\/categories?post=14684"},{"taxonomy":"post_tag","embeddable":true,"href":"https:\/\/www.manubens.es\/fr\/wp-json\/wp\/v2\/tags?post=14684"}],"curies":[{"name":"wp","href":"https:\/\/api.w.org\/{rel}","templated":true}]}}