{"id":16399,"date":"2024-09-09T13:30:06","date_gmt":"2024-09-09T11:30:06","guid":{"rendered":"https:\/\/www.manubens.es\/blog\/comment-personnaliser-un-sac-dete-avec-des-rubans-ou-des-lacets\/"},"modified":"2025-08-19T09:32:09","modified_gmt":"2025-08-19T07:32:09","slug":"comment-personnaliser-un-sac-dete-avec-des-rubans-ou-des-lacets","status":"publish","type":"post","link":"https:\/\/www.manubens.es\/fr\/comment-personnaliser-un-sac-dete-avec-des-rubans-ou-des-lacets\/","title":{"rendered":"Comment personnaliser un sac d&rsquo;\u00e9t\u00e9 avec des rubans ou des lacets"},"content":{"rendered":"<section class=\"l-section wpb_row height_large\"><div class=\"l-section-h i-cf\"><div class=\"g-cols vc_row via_grid cols_1 laptops-cols_inherit tablets-cols_inherit mobiles-cols_1 valign_top type_default stacking_default\"><div class=\"wpb_column vc_column_container\"><div class=\"vc_column-inner\"><div class=\"w-image align_center\"><div class=\"w-image-h\"><img decoding=\"async\" width=\"600\" height=\"597\" src=\"https:\/\/www.manubens.es\/wp-content\/uploads\/2023\/06\/como-hacer-bolso-de-verano-con-cordon-600x597.png\" class=\"attachment-large size-large\" alt=\"\" loading=\"lazy\" srcset=\"https:\/\/www.manubens.es\/wp-content\/uploads\/2023\/06\/como-hacer-bolso-de-verano-con-cordon-600x597.png 600w, https:\/\/www.manubens.es\/wp-content\/uploads\/2023\/06\/como-hacer-bolso-de-verano-con-cordon-300x298.png 300w, https:\/\/www.manubens.es\/wp-content\/uploads\/2023\/06\/como-hacer-bolso-de-verano-con-cordon-150x150.png 150w, https:\/\/www.manubens.es\/wp-content\/uploads\/2023\/06\/como-hacer-bolso-de-verano-con-cordon-200x200.png 200w, https:\/\/www.manubens.es\/wp-content\/uploads\/2023\/06\/como-hacer-bolso-de-verano-con-cordon-115x115.png 115w, https:\/\/www.manubens.es\/wp-content\/uploads\/2023\/06\/como-hacer-bolso-de-verano-con-cordon-250x250.png 250w, https:\/\/www.manubens.es\/wp-content\/uploads\/2023\/06\/como-hacer-bolso-de-verano-con-cordon.png 948w\" sizes=\"auto, (max-width: 600px) 100vw, 600px\" \/><\/div><\/div><div class=\"w-separator size_medium\"><\/div><div class=\"wpb_text_column\" id=\"#como-hacer-lazos\"><div class=\"wpb_wrapper\"><div id=\"tw-container\" class=\"\" data-cp=\"1\" data-ddp=\"true\" data-drd=\"1700\" data-drt=\"10000\" data-is-rde=\"false\" data-is-ver=\"false\" data-nnttsvi=\"1\" data-sletp=\"false\" data-sm=\"1\" data-ssbp=\"false\" data-sugg-time=\"500\" data-sugg-url=\"https:\/\/clients1.google.com\/complete\/search\" data-tcp=\"geluk met jou verjaarsdag,gelukkige verjaarsdag,awoda pa,\u1218\u120d\u12ab\u121d \u120d\u12f0\u1275,\u0639\u064a\u062f \u0645\u064a\u0644\u0627\u062f \u0633\u0639\u064a\u062f,\u099c\u09a8\u09cd\u09ae\u09a6\u09bf\u09a8\u09f0 \u0993\u09b2\u0997 \u099c\u09a8\u09be\u09b2\u09cb\u0981,aski mara phuqhawi,do\u011fum g\u00fcn\u00fcn m\u00fcbar\u0259k,ad g\u00fcn\u00fcn m\u00fcbar\u0259k,\u0437 \u0434\u043d\u0451\u043c \u043d\u0430\u0440\u0430\u0434\u0436\u044d\u043d\u043d\u044f,\u0447\u0435\u0441\u0442\u0438\u0442 \u0440\u043e\u0436\u0434\u0435\u043d \u0434\u0435\u043d,\u091c\u0928\u094d\u092e \u0926\u093f\u0928 \u0915\u0947 \u0936\u0941\u092d \u0915\u093e\u092e\u0928\u093e,sanb\u03b5 sanb\u03b5,\u09b6\u09c1\u09ad \u099c\u09a8\u09cd\u09ae\u09a6\u09bf\u09a8,sretan ro\u0111endan,per molts anys,feli\u00e7 aniversari,malipayong adlawng natawhan,\u06cc\u0627\u062f\u06cc \u0644\u06d5\u062f\u0627\u06cc\u06a9 \u0628\u0648\u0648\u0646\u062a \u067e\u06cc\u0631\u06c6\u0632 \u0628\u06ce\u062a,felice anniversariu,v\u0161echno nejlep\u0161\u00ed k narozenin\u00e1m,pen-blwydd hapus,penblwydd hapus,tillykke med f\u00f8dselsdagen,alles gute zum geburtstag,\u0938\u093e\u0932\u0917\u093f\u0930\u0939\u094d \u092e\u092c\u093e\u0930\u0915,\u0787\u07aa\u078a\u07a7\u0788\u07ac\u0783\u07a8 \u0787\u07aa\u078a\u07a6\u0782\u07b0\u078b\u07aa\u0788\u07a6\u0780\u07ac\u0787\u07b0,dzigbe z\u00e3 nyuie na w\u00f2,\u03c7\u03b1\u03c1\u03bf\u03cd\u03bc\u03b5\u03bd\u03b1 \u03b3\u03b5\u03bd\u03ad\u03b8\u03bb\u03b9\u03b1,happy birthday,feli\u0109an naski\u011dtagon,feliz cumplea\u00f1os,palju \u00f5nne s\u00fcnnip\u00e4evaks,zorionak,\u062a\u0648\u0644\u062f\u062a \u0645\u0628\u0627\u0631\u06a9,hyv\u00e4\u00e4 syntym\u00e4p\u00e4iv\u00e4\u00e4,joyeux anniversaire,lokkige jierdei,l\u00e1 breithe sona,l\u00e1 breithe shona duit,co-l\u00e0-breith math,feliz aniversario,vy'apav\u1ebd,\u091c\u0932\u094d\u092e\u0926\u093f\u0938\u093e\u091a\u0940 \u092a\u0930\u092c\u0940,\u0a9c\u0aa8\u0acd\u0aae\u0aa6\u0abf\u0ab5\u0ab8\u0aa8\u0ac0 \u0ab6\u0ac1\u0aad\u0ac7\u0a9a\u0acd\u0a9b\u0abe,\u0a9c\u0aa8\u0acd\u0aae\u0aa6\u0abf\u0ab5\u0ab8 \u0aa8\u0ac0 \u0ab6\u0ac1\u0aad\u0a95\u0abe\u0aae\u0aa8\u0abe,barka da ranar haihuwa,hau\u02bboli l\u0101 h\u0101nau,\u091c\u0928\u094d\u092e\u0926\u093f\u0928 \u0915\u0940 \u0936\u0941\u092d\u0915\u093e\u092e\u0928\u093e\u090f\u0902,\u091c\u0928\u094d\u092e\u0926\u093f\u0928 \u0915\u0940 \u0936\u0941\u092d\u0915\u093e\u092e\u0928\u093e\u090f\u0901,sretan ro\u0111endan,b\u00f2n f\u00e8t,boldog sz\u00fclet\u00e9snapot,\u056e\u0576\u0578\u0582\u0576\u0564\u0564 \u0577\u0576\u0578\u0580\u0570\u0561\u057e\u0578\u0580,selamat ulang tahun,ezi ncheta \u1ee5b\u1ecdch\u1ecb \u1ecdm\u1ee5m\u1ee5,ezi ncheta \u1ecdm\u1ee5m\u1ee5,naragsak a panagkasangay,til hamingju me\u00f0 afm\u00e6li\u00f0,buon compleanno,\u05d9\u05d5\u05dd \u05d4\u05d5\u05dc\u05d3\u05ea \u05e9\u05de\u05d7,\u8a95\u751f\u65e5\u304a\u3081\u3067\u3068\u3046,\u304a\u8a95\u751f\u65e5\u304a\u3081\u3067\u3068\u3046,sugeng ambal warsa,sugeng tanggap warsa,\u10d2\u10d8\u10da\u10dd\u10ea\u10d0\u10d5\u10d7 \u10d3\u10d0\u10d1\u10d0\u10d3\u10d4\u10d1\u10d8\u10e1 \u10d3\u10e6\u10d4\u10e1,\u10d2\u10d8\u10da\u10dd\u10ea\u10d0\u10d5 \u10d3\u10d0\u10d1\u10d0\u10d3\u10d4\u10d1\u10d8\u10e1 \u10d3\u10e6\u10d4\u10e1,\u0442\u0443\u0493\u0430\u043d \u043a\u04af\u043d \u049b\u04b1\u0442\u0442\u044b \u0431\u043e\u043b\u0441\u044b\u043d,\u0442\u0443\u044b\u043b\u0493\u0430\u043d \u043a\u04af\u043d\u0456\u04a3\u043c\u0435\u043d,\u179a\u17b8\u1780\u179a\u17b6\u1799\u1790\u17d2\u1784\u17c3\u1781\u17bd\u1794\u1780\u17c6\u178e\u17be\u178f,\u179a\u17b8\u1780\u179a\u17b6\u1799\u200b\u1790\u17d2\u1784\u17c3\u200b\u1780\u17c6\u178e\u17be\u178f,\u0cb9\u0cc1\u0c9f\u0ccd\u0c9f\u0cc1\u0cb9\u0cac\u0ccd\u0cac\u0ca6 \u0cb6\u0cc1\u0cad\u0cbe\u0cb6\u0caf\u0c97\u0cb3\u0cc1,\u0c9c\u0ca8\u0ccd\u0cae\u0ca6\u0cbf\u0ca8\u0ca6 \u0cb6\u0cc1\u0cad\u0cbe\u0cb6\u0caf\u0c97\u0cb3\u0cc1,\uc0dd\uc77c \ucd95\ud558\ud569\ub2c8\ub2e4,\uc0dd\uc77c \ucd95\ud558\ud574\uc694,api batde,rojb\u00fbna te p\u00eeroz be,\u0442\u0443\u0443\u043b\u0433\u0430\u043d \u043a\u04af\u043d\u04af\u04a3\u04af\u0437 \u043c\u0435\u043d\u0435\u043d,\u0442\u0443\u0443\u043b\u0433\u0430\u043d \u043a\u0443\u043d\u0443\u04a3\u0443\u0437 \u043c\u0435\u043d\u0435\u043d \u043a\u0443\u0442\u0442\u0443\u043a\u0442\u0430\u0439\u043c,felix natalis,alles guddes fir de gebuertsdag,amazaalibwa amalungi,mbotama elamu,\u0eaa\u0eb8\u0e81\u0eaa\u0eb1\u0e99\u0ea7\u0eb1\u0e99\u0ec0\u0e81\u0eb5\u0e94,\u0eaa\u0eb8\u0e81\u200b\u0eaa\u0eb1\u0e99\u200b\u0ea7\u0eb1\u0e99\u200b\u0ec0\u0e81\u0eb5\u0e94,su gimtadieniu,piancham chibai,daudz laimes dzim\u0161anas dien\u0101,\u091c\u0928\u094d\u092e\u0926\u093f\u0928\u0915 \u0936\u0941\u092d\u0915\u093e\u092e\u0928\u093e,tratry ny tsingerin-taona,tratry ny tsingerintaona nahaterahana,\u0441\u0440\u0435\u045c\u0435\u043d \u0440\u043e\u0434\u0435\u043d\u0434\u0435\u043d,\u0d1c\u0d28\u0d4d\u0d2e\u0d26\u0d3f\u0d28\u0d3e\u0d36\u0d02\u0d38\u0d15\u0d7e,\u0442\u04e9\u0440\u0441\u04e9\u043d \u04e9\u0434\u0440\u0438\u0439\u043d \u043c\u044d\u043d\u0434 \u0445\u04af\u0440\u0433\u044d\u0435,\u0442\u04e9\u0440\u0441\u04e9\u043d \u04e9\u0434\u0440\u0438\u0439\u043d \u043c\u044d\u043d\u0434,\uabc5\uabe8\uabe1\uabc9\uabe5\uabcf\uabd4\uabd5 \uabc4\uabe3\uabdb\uabc4 \uabc5\uabe8\uabc3\uabe4\uabe0,\u0935\u093e\u0922\u0926\u093f\u0935\u0938\u093e\u091a\u094d\u092f\u093e \u0936\u0941\u092d\u0947\u091a\u094d\u091b\u093e,\u0935\u093e\u0922\u0926\u093f\u0935\u0938\u093e\u091a\u094d\u092f\u093e \u0939\u093e\u0930\u094d\u0926\u093f\u0915 \u0936\u0941\u092d\u0947\u091a\u094d\u091b\u093e,selamat hari lahir,xewqat sbie\u0127 f'g\u0127eluq sninek,\u1015\u103b\u1031\u102c\u103a\u101b\u103d\u103e\u1004\u103a\u1016\u103d\u101a\u103a \u1019\u103d\u1031\u1038\u1014\u1031\u1037\u1016\u103c\u1005\u103a\u1015\u102b\u1005\u1031,\u1015\u103b\u1031\u102c\u103a\u101b\u103d\u103e\u1004\u103a\u1005\u101b\u102c\u1019\u103d\u1031\u1038\u1014\u1031\u1037\u1016\u103c\u1005\u103a\u1015\u102b\u1005\u1031,\u091c\u0928\u094d\u092e \u0926\u093f\u0928\u0915\u094b \u0936\u0941\u092d\u0915\u093e\u092e\u0928\u093e,gefeliciteerd met je verjaardag,gefeliciteerd,gratulerer med dagen,matswalo a mabotse,tsiku labwino lobadwa,baga guyyaa dhaloota kee geesse,\u0b1c\u0b28\u0b4d\u0b2e\u0b26\u0b3f\u0b28\u0b30 \u0b36\u0b41\u0b2d\u0b47\u0b1a\u0b4d\u0b1b\u0b3e,\u0b1c\u0b28\u0b4d\u0b2e\u0b26\u0b3f\u0b28\u0b30 \u0b05\u0b2d\u0b3f\u0b28\u0b28\u0b4d\u0b26\u0b28,\u0a1c\u0a28\u0a2e\u0a26\u0a3f\u0a28 \u0a26\u0a40\u0a06\u0a02 \u0a35\u0a27\u0a3e\u0a08\u0a06\u0a02,\u0a1c\u0a28\u0a2e\u0a26\u0a3f\u0a28 \u0a2e\u0a41\u0a2c\u0a3e\u0a30\u0a15,wszystkiego najlepszego z okazji urodzin,\u06a9\u0644\u06cc\u0632\u0647 \u062f\u06cc \u0646\u06cc\u06a9\u0645\u0631\u063a\u0647,feliz anivers\u00e1rio,punchawniykipi kusikuni,la mul\u021bi ani,\u0441 \u0434\u043d\u0435\u043c \u0440\u043e\u0436\u0434\u0435\u043d\u0438\u044f,isabukuru nziza,\u0936\u0941\u092d\u0902 \u091c\u0928\u094d\u092e\u0926\u093f\u0928\u092e\u094d\u200c,\u062c\u0646\u0645 \u068f\u064a\u0646\u0647\u0646 \u0645\u0628\u0627\u0631\u06aa,\u0dc3\u0dd4\u0db6 \u0d8b\u0db4\u0db1\u0dca \u0daf\u0dd2\u0db1\u0dba\u0d9a\u0dca,v\u0161etko najlep\u0161ie k narodenin\u00e1m,\u0161\u0165astn\u00e9 narodeniny,vse najbolj\u0161e,manuia asofanau,bhavhadhe rinofadza,maalin dhalasheed farxad leh,dhalasho wacan,g\u00ebzuar dit\u00eblindjen,\u0441\u0440\u0435\u045b\u0430\u043d \u0440\u043e\u0452\u0435\u043d\u0434\u0430\u043d,letsatsi le monate la tsoalo,wilujeung milangkala,wilujeung tepang taun,grattis p\u00e5 f\u00f6delsedagen,heri ya siku ya kuzaliwa,\u0baa\u0bbf\u0bb1\u0ba8\u0bcd\u0ba4\u0ba8\u0bbe\u0bb3\u0bcd \u0bb5\u0bbe\u0bb4\u0bcd\u0ba4\u0bcd\u0ba4\u0bc1\u0b95\u0bb3\u0bcd,\u0baa\u0bbf\u0bb1\u0ba8\u0bcd\u0ba4\u0ba8\u0bbe\u0bb3\u0bcd \u0bb5\u0bbe\u0bb4\u0bcd\u0ba4\u0bcd\u0ba4\u0bc1\u0b95\u0bcd\u0b95\u0bb3\u0bcd,\u0c2a\u0c41\u0c1f\u0c4d\u0c1f\u0c3f\u0c28\u0c30\u0c4b\u0c1c\u0c41 \u0c36\u0c41\u0c2d\u0c3e\u0c15\u0c3e\u0c02\u0c15\u0c4d\u0c37\u0c32\u0c41,\u0437\u043e\u0434\u0440\u04ef\u0437 \u043c\u0443\u0431\u043e\u0440\u0430\u043a,\u0e2a\u0e38\u0e02\u0e2a\u0e31\u0e19\u0e15\u0e4c\u0e27\u0e31\u0e19\u0e40\u0e01\u0e34\u0e14,\u12a5\u1295\u12b3\u12d5 \u1270\u12c8\u1208\u12f5\u12ab,doglan g\u00fcn\u00fc\u0148 bilen,maligayang kaarawan,do\u011fum g\u00fcn\u00fcn\u00fcz kutlu olsun,do\u011fum g\u00fcn\u00fcn kutlu olsun,siku lerinene ro velekiwa,\u0442\u0443\u0433\u0430\u043d \u043a\u04e9\u043d \u0431\u0435\u043b\u04d9\u043d,\u0437 \u0434\u043d\u0435\u043c \u043d\u0430\u0440\u043e\u0434\u0436\u0435\u043d\u043d\u044f,\u0633\u0627\u0644\u06af\u0631\u06c1 \u0645\u0628\u0627\u0631\u06a9,\u0633\u0627\u0644\u06af\u0631\u06c1 \u0645\u0628\u0627\u0631\u06a9 \u06c1\u0648,tug\u02bbilgan kuningiz bilan,tug'ilgan kun muborak bo'lsin,ch\u00fac m\u1eebng sinh nh\u1eadt,mini emnandi,nwabela usuku lwakho owaqala ngalo,o ku\u0301 a\u0300ya\u0301j\u1ecd\u0301 \u1ecdj\u1ecd\u0301 i\u0300bi\u0301,o ku ojo ibi,\u751f\u65e5\u5feb\u4e50,\u751f\u65e5\u5feb\u6a02,sikufisela usuku lokuzalwa oluhle,usuku olumnandi lokuzalwa\" data-uilc=\"es\" data-vil=\",af,af-ZA,am,am-ET,ar-EG,ar-AE,ar-KW,ar-QA,ar,ar-IL,ar-JO,ar-LB,ar-PS,az,az-AZ,bg,bg-BG,bn,bn-BD,bn-IN,ca,ca-es,cs,cs-CZ,de,de-DE,de-CH,de-AT,de-LI,en,en-US,en-CA,en-AU,en-NZ,en-GB,en-IN,en-KE,en-TZ,en-NG,en-GH,en-PH,en-ZA,es,es-ES,es-AR,es-UY,es-419,es-BO,es-CL,es-CR,es-CO,es-DO,es-EC,es-GT,es-HN,es-NI,es-PA,es-PE,es-PR,es-PY,es-SV,es-VE,es-MX,es-US,eu,eu-ES,fi,fi-FI,fr,fr-FR,fr-CH,fr-BE,gl,gl-ES,gu,gu-IN,he,he-IL,iw,iw-IL,hu,hu-HU,hy,hy-AM,id,id-ID,is,is-IS,it,it-IT,it-CH,ja,ja-JP,jv,jv-ID,ka,ka-GE,km,km-KH,kn,kn-IN,ko,ko-KR,la,lo,lo-LA,lv,lv-LV,ml,ml-IN,mr,mr-IN,ms,ms-MY,nl,nl-NL,nb,nb-NO,ne,ne-NP,pl,pl-PL,pt,pt-BR,pt-PT,ro,ro-RO,ru,ru-RU,si-LK,sk,sk-SK,sr,sr-RS,su,su-ID,sv,sv-SE,sw,sw-TZ,sw-KE,ta,ta-IN,ta-SG,ta-LK,ta-MY,te,te-IN,tr,tr-TR,ur,ur-PK,ur-IN,yue,yue-HK,yue-Hant-HK,zh-HK,zh,zh-CN,zh-cmn,zh-cmn-CN,zh-Hans,zh-Hans-CN,zh-cmn-Hans,zh-cmn-Hans-CN,cmn-CN,cmn-Hans,cmn-Hans-CN,zh-TW,zh-Hant-TW,cmn-TW,cmn-Hant-TW,zh-cmn-TW,zh-cmn-Hant-TW,zu,zu-ZA,hi,hi-IN,tl,tl-PH,pa,pa-IN\">\n<div id=\"tw-ob\" class=\"tw-src-ltr\">\n<div class=\"oSioSc\">\n<div id=\"tw-target\">\n<div id=\"kAz1tf\" class=\"g9WsWb PZPZlf\" data-attrid=\"tw-targetArea\" data-entityname=\"Google Translate\">\n<div id=\"tw-target-text-container\" class=\"tw-ta-container F0azHf tw-nfl\" tabindex=\"0\">\n<h1 id=\"tw-target-text\" class=\"tw-data-text tw-text-large tw-ta\" dir=\"ltr\" data-placeholder=\"Traducci\u00f3n\" aria-label=\"Texto traducido\" data-ved=\"2ahUKEwiinsPo2rWIAxXCSvEDHV7tKjQQ3ewLegQIBxAU\"><strong><span class=\"Y2IQFc\" lang=\"fr\">Soyez tendance avec ce sac d&rsquo;\u00e9t\u00e9 DIY <\/span><\/strong><\/h1>\n<p class=\"tw-data-text tw-text-large tw-ta\" dir=\"ltr\" data-placeholder=\"Traducci\u00f3n\" aria-label=\"Texto traducido\" data-ved=\"2ahUKEwiinsPo2rWIAxXCSvEDHV7tKjQQ3ewLegQIBxAU\"><span class=\"Y2IQFc\" lang=\"fr\">Les nacelles en raphia ne se d\u00e9modent jamais. Ils sont l&rsquo;accessoire id\u00e9al pour l&rsquo;\u00e9t\u00e9 car ils se combinent parfaitement avec <strong>les looks les plus informels et cool.<\/strong> Pourquoi ne pas les d\u00e9corer avec nos couleurs pr\u00e9f\u00e9r\u00e9es et leur donner une touche diff\u00e9rente ? Aujourd&rsquo;hui, nous vous montrons comment r\u00e9aliser un sac d&rsquo;\u00e9t\u00e9 avec des rubans ou des cordons et le personnaliser avec vos couleurs pr\u00e9f\u00e9r\u00e9es. <\/span><\/p>\n<p class=\"tw-data-text tw-text-large tw-ta\" dir=\"ltr\" data-placeholder=\"Traducci\u00f3n\" aria-label=\"Texto traducido\" data-ved=\"2ahUKEwiinsPo2rWIAxXCSvEDHV7tKjQQ3ewLegQIBxAU\"><span class=\"Y2IQFc\" lang=\"fr\">D\u00e9corer des sacs avec des rubans et des cordons est la chose la plus simple au monde et vous le verrez dans ce bricolage que nous allons vous apprendre aujourd&rsquo;hui. Nous avons choisi <strong>une combinaison de couleurs qui ne se d\u00e9ment pas, le beige et le noir<\/strong>. Ils se combinent avec presque tout et constituent une valeur s\u00fbre. Et si vous n&rsquo;aimez pas la couleur noire ? Aucun probl\u00e8me. Vous le remplacez par un ton fonc\u00e9 de votre couleur pr\u00e9f\u00e9r\u00e9e et vous aurez le sac selon vos go\u00fbts et tendances couleurs. Et maintenant, nous allons voir \u00e9tape par \u00e9tape comment d\u00e9corer le sac d\u2019\u00e9t\u00e9 avec des rubans et des cordons. Vous verrez \u00e0 quel point c&rsquo;est facile et comme vous pouvez le voir sur la photo, comme c&rsquo;est beau ! Mais avant de continuer, <strong>notez le mat\u00e9riel dont vous avez besoin<\/strong>. Tr\u00e8s facile \u00e0 trouver et tr\u00e8s, tr\u00e8s \u00e9conomique.<\/span><\/p>\n<p class=\"tw-data-text tw-text-large tw-ta\" dir=\"ltr\" data-placeholder=\"Traducci\u00f3n\" aria-label=\"Texto traducido\" data-ved=\"2ahUKEwiinsPo2rWIAxXCSvEDHV7tKjQQ3ewLegQIBxAU\"><span class=\"Y2IQFc\" lang=\"fr\">Que trouverez-vous dans cet article ? <\/span><\/p>\n<ol>\n<li class=\"tw-data-text tw-text-large tw-ta\" dir=\"ltr\" data-placeholder=\"Traducci\u00f3n\" aria-label=\"Texto traducido\" data-ved=\"2ahUKEwiinsPo2rWIAxXCSvEDHV7tKjQQ3ewLegQIBxAU\"><a href=\"#mat\u00e9riel\"><span class=\"Y2IQFc\" lang=\"fr\">Mat\u00e9riel n\u00e9cessaire pour r\u00e9aliser le sac d&rsquo;\u00e9t\u00e9 avec rubans et cordons<\/span><\/a><\/li>\n<li class=\"tw-data-text tw-text-large tw-ta\" dir=\"ltr\" data-placeholder=\"Traducci\u00f3n\" aria-label=\"Texto traducido\" data-ved=\"2ahUKEwiinsPo2rWIAxXCSvEDHV7tKjQQ3ewLegQIBxAU\"><a href=\"#comment\"><span class=\"Y2IQFc\" lang=\"fr\">Comment personnaliser le sac d&rsquo;\u00e9t\u00e9 avec des rubans et des cordons \u00e9tape par \u00e9tape <\/span><\/a><\/li>\n<li class=\"tw-data-text tw-text-large tw-ta\" dir=\"ltr\" data-placeholder=\"Traducci\u00f3n\" aria-label=\"Texto traducido\" data-ved=\"2ahUKEwiinsPo2rWIAxXCSvEDHV7tKjQQ3ewLegQIBxAU\"><a href=\"#plus\"><span class=\"Y2IQFc\" lang=\"fr\">Plus d&rsquo;id\u00e9es pour fabriquer des sacs d&rsquo;\u00e9t\u00e9 DIY<\/span><\/a><\/li>\n<\/ol>\n<\/div>\n<div class=\"iYB33c\">\n<div class=\"dlJLJe\"><\/div>\n<\/div>\n<\/div>\n<\/div>\n<\/div>\n<\/div>\n<\/div>\n<\/div><\/div><div class=\"w-separator size_medium\"><\/div><div class=\"w-image align_center\"><div class=\"w-image-h\"><img decoding=\"async\" width=\"1\" height=\"1\" src=\"https:\/\/www.manubens.es\/wp-content\/uploads\/2024\/10\/foto-x-22.jpg\" class=\"attachment-large size-large\" alt=\"\" loading=\"lazy\" \/><\/div><\/div><div class=\"w-separator size_medium\"><\/div><div class=\"w-separator size_medium\"><\/div><div class=\"wpb_text_column\" id=\"materialesbolso\"><div class=\"wpb_wrapper\"><h2 id=\"mat\u00e9riel\" id=\"tw-target-text\" class=\"tw-data-text tw-text-large tw-ta\" dir=\"ltr\" data-placeholder=\"Traducci\u00f3n\" aria-label=\"Texto traducido\" data-ved=\"2ahUKEwiinsPo2rWIAxXCSvEDHV7tKjQQ3ewLegQIBxAU\"><strong><span class=\"Y2IQFc\" lang=\"fr\">1. Mat\u00e9riel n\u00e9cessaire pour fabriquer le sac d&rsquo;\u00e9t\u00e9 avec des rubans et des cordons<\/span><\/strong><\/h2>\n<\/div><\/div><div class=\"w-separator size_medium\"><\/div><div class=\"wpb_text_column\"><div class=\"wpb_wrapper\"><ul>\n<li id=\"tw-target-text\" class=\"tw-data-text tw-text-large tw-ta\" dir=\"ltr\" data-placeholder=\"Traducci\u00f3n\" aria-label=\"Texto traducido\" data-ved=\"2ahUKEwiinsPo2rWIAxXCSvEDHV7tKjQQ3ewLegQIBxAU\"><span class=\"Y2IQFc\" lang=\"fr\">Cordon Manubens P.200 en deux couleurs :<\/span><\/li>\n<li class=\"tw-data-text tw-text-large tw-ta\" dir=\"ltr\" data-placeholder=\"Traducci\u00f3n\" aria-label=\"Texto traducido\" data-ved=\"2ahUKEwiinsPo2rWIAxXCSvEDHV7tKjQQ3ewLegQIBxAU\"><span class=\"Y2IQFc\" lang=\"fr\">001\u00a0: noir <\/span><\/li>\n<li class=\"tw-data-text tw-text-large tw-ta\" dir=\"ltr\" data-placeholder=\"Traducci\u00f3n\" aria-label=\"Texto traducido\" data-ved=\"2ahUKEwiinsPo2rWIAxXCSvEDHV7tKjQQ3ewLegQIBxAU\"><span class=\"Y2IQFc\" lang=\"fr\">002 : beige <\/span><\/li>\n<li class=\"tw-data-text tw-text-large tw-ta\" dir=\"ltr\" data-placeholder=\"Traducci\u00f3n\" aria-label=\"Texto traducido\" data-ved=\"2ahUKEwiinsPo2rWIAxXCSvEDHV7tKjQQ3ewLegQIBxAU\"><span class=\"Y2IQFc\" lang=\"fr\">Crochet de mesure de dentelle <\/span><\/li>\n<li class=\"tw-data-text tw-text-large tw-ta\" dir=\"ltr\" data-placeholder=\"Traducci\u00f3n\" aria-label=\"Texto traducido\" data-ved=\"2ahUKEwiinsPo2rWIAxXCSvEDHV7tKjQQ3ewLegQIBxAU\"><span class=\"Y2IQFc\" lang=\"fr\">Ciseaux <\/span><\/li>\n<li class=\"tw-data-text tw-text-large tw-ta\" dir=\"ltr\" data-placeholder=\"Traducci\u00f3n\" aria-label=\"Texto traducido\" data-ved=\"2ahUKEwiinsPo2rWIAxXCSvEDHV7tKjQQ3ewLegQIBxAU\"><span class=\"Y2IQFc\" lang=\"fr\">M\u00e8tre \u00e0 ruban <\/span><\/li>\n<li class=\"tw-data-text tw-text-large tw-ta\" dir=\"ltr\" data-placeholder=\"Traducci\u00f3n\" aria-label=\"Texto traducido\" data-ved=\"2ahUKEwiinsPo2rWIAxXCSvEDHV7tKjQQ3ewLegQIBxAU\"><span class=\"Y2IQFc\" lang=\"fr\">Sac ou nacelle type raphia <\/span><\/li>\n<\/ul>\n<p class=\"tw-data-text tw-text-large tw-ta\" dir=\"ltr\" data-placeholder=\"Traducci\u00f3n\" aria-label=\"Texto traducido\" data-ved=\"2ahUKEwiinsPo2rWIAxXCSvEDHV7tKjQQ3ewLegQIBxAU\"><span class=\"Y2IQFc\" lang=\"fr\">Maintenant que tout est pr\u00eat sur la table, commen\u00e7ons.<\/span><\/p>\n<\/div><\/div><div class=\"w-separator size_medium\"><\/div><div class=\"w-separator size_medium\"><\/div><div class=\"wpb_text_column\" id=\"comohacerbolso\"><div class=\"wpb_wrapper\"><h3 id=\"comment\" id=\"tw-target-text\" class=\"tw-data-text tw-text-large tw-ta\" dir=\"ltr\" data-placeholder=\"Traducci\u00f3n\" aria-label=\"Texto traducido\" data-ved=\"2ahUKEwiinsPo2rWIAxXCSvEDHV7tKjQQ3ewLegQIBxAU\"><strong><span class=\"Y2IQFc\" lang=\"fr\">2. Comment personnaliser le sac d&rsquo;\u00e9t\u00e9 avec des rubans et des cordons \u00e9tape par \u00e9tape<\/span><\/strong><\/h3>\n<\/div><\/div><div class=\"w-separator size_medium\"><\/div><div class=\"w-image align_center\"><div class=\"w-image-h\"><img decoding=\"async\" width=\"600\" height=\"597\" src=\"https:\/\/www.manubens.es\/wp-content\/uploads\/2023\/06\/bolso-veraniego-artesanal-600x597.png\" class=\"attachment-large size-large\" alt=\"\" loading=\"lazy\" srcset=\"https:\/\/www.manubens.es\/wp-content\/uploads\/2023\/06\/bolso-veraniego-artesanal-600x597.png 600w, https:\/\/www.manubens.es\/wp-content\/uploads\/2023\/06\/bolso-veraniego-artesanal-300x298.png 300w, https:\/\/www.manubens.es\/wp-content\/uploads\/2023\/06\/bolso-veraniego-artesanal-150x150.png 150w, https:\/\/www.manubens.es\/wp-content\/uploads\/2023\/06\/bolso-veraniego-artesanal-200x200.png 200w, https:\/\/www.manubens.es\/wp-content\/uploads\/2023\/06\/bolso-veraniego-artesanal-115x115.png 115w, https:\/\/www.manubens.es\/wp-content\/uploads\/2023\/06\/bolso-veraniego-artesanal-250x250.png 250w, https:\/\/www.manubens.es\/wp-content\/uploads\/2023\/06\/bolso-veraniego-artesanal.png 967w\" sizes=\"auto, (max-width: 600px) 100vw, 600px\" \/><\/div><\/div><div class=\"w-separator size_medium\"><\/div><div class=\"wpb_text_column\"><div class=\"wpb_wrapper\"><p id=\"tw-target-text\" class=\"tw-data-text tw-text-large tw-ta\" dir=\"ltr\" data-placeholder=\"Traducci\u00f3n\" aria-label=\"Texto traducido\" data-ved=\"2ahUKEwiinsPo2rWIAxXCSvEDHV7tKjQQ3ewLegQIBxAU\"><span class=\"Y2IQFc\" lang=\"fr\">Commencez <strong>par couper 25 cm de cordon<\/strong> dont vous avez besoin. Nous avons utilis\u00e9 environ 8 ou 9 pi\u00e8ces pour chaque couleur, bien que la quantit\u00e9 d\u00e9pende de la taille de la nacelle. Si vous constatez qu&rsquo;il vous en manque, vous pouvez toujours en couper davantage au fur et \u00e0 mesure que vous les placez.<\/span><\/p>\n<\/div><\/div><div class=\"w-separator size_medium\"><\/div><div class=\"w-image align_center\"><div class=\"w-image-h\"><img decoding=\"async\" width=\"598\" height=\"600\" src=\"https:\/\/www.manubens.es\/wp-content\/uploads\/2023\/06\/primer-paso-para-bolso-veraniego-598x600.png\" class=\"attachment-large size-large\" alt=\"\" loading=\"lazy\" srcset=\"https:\/\/www.manubens.es\/wp-content\/uploads\/2023\/06\/primer-paso-para-bolso-veraniego-598x600.png 598w, https:\/\/www.manubens.es\/wp-content\/uploads\/2023\/06\/primer-paso-para-bolso-veraniego-300x300.png 300w, https:\/\/www.manubens.es\/wp-content\/uploads\/2023\/06\/primer-paso-para-bolso-veraniego-150x150.png 150w, https:\/\/www.manubens.es\/wp-content\/uploads\/2023\/06\/primer-paso-para-bolso-veraniego-350x350.png 350w, https:\/\/www.manubens.es\/wp-content\/uploads\/2023\/06\/primer-paso-para-bolso-veraniego-200x200.png 200w, https:\/\/www.manubens.es\/wp-content\/uploads\/2023\/06\/primer-paso-para-bolso-veraniego-115x115.png 115w, https:\/\/www.manubens.es\/wp-content\/uploads\/2023\/06\/primer-paso-para-bolso-veraniego-250x250.png 250w, https:\/\/www.manubens.es\/wp-content\/uploads\/2023\/06\/primer-paso-para-bolso-veraniego.png 961w\" sizes=\"auto, (max-width: 598px) 100vw, 598px\" \/><\/div><\/div><div class=\"w-separator size_medium\"><\/div><div class=\"w-image align_center\"><div class=\"w-image-h\"><img decoding=\"async\" width=\"592\" height=\"600\" src=\"https:\/\/www.manubens.es\/wp-content\/uploads\/2023\/06\/como-poner-los-cordones-de-tu-bolso-de-verano-592x600.png\" class=\"attachment-large size-large\" alt=\"\" loading=\"lazy\" srcset=\"https:\/\/www.manubens.es\/wp-content\/uploads\/2023\/06\/como-poner-los-cordones-de-tu-bolso-de-verano-592x600.png 592w, https:\/\/www.manubens.es\/wp-content\/uploads\/2023\/06\/como-poner-los-cordones-de-tu-bolso-de-verano-296x300.png 296w, https:\/\/www.manubens.es\/wp-content\/uploads\/2023\/06\/como-poner-los-cordones-de-tu-bolso-de-verano-148x150.png 148w, https:\/\/www.manubens.es\/wp-content\/uploads\/2023\/06\/como-poner-los-cordones-de-tu-bolso-de-verano-197x200.png 197w, https:\/\/www.manubens.es\/wp-content\/uploads\/2023\/06\/como-poner-los-cordones-de-tu-bolso-de-verano-113x115.png 113w, https:\/\/www.manubens.es\/wp-content\/uploads\/2023\/06\/como-poner-los-cordones-de-tu-bolso-de-verano-247x250.png 247w, https:\/\/www.manubens.es\/wp-content\/uploads\/2023\/06\/como-poner-los-cordones-de-tu-bolso-de-verano.png 963w\" sizes=\"auto, (max-width: 592px) 100vw, 592px\" \/><\/div><\/div><div class=\"w-separator size_medium\"><\/div><div class=\"w-image align_center\"><div class=\"w-image-h\"><img decoding=\"async\" width=\"594\" height=\"600\" src=\"https:\/\/www.manubens.es\/wp-content\/uploads\/2023\/06\/como-poner-el-cordon-en-el-capazo-veraniego-594x600.png\" class=\"attachment-large size-large\" alt=\"\" loading=\"lazy\" srcset=\"https:\/\/www.manubens.es\/wp-content\/uploads\/2023\/06\/como-poner-el-cordon-en-el-capazo-veraniego-594x600.png 594w, https:\/\/www.manubens.es\/wp-content\/uploads\/2023\/06\/como-poner-el-cordon-en-el-capazo-veraniego-297x300.png 297w, https:\/\/www.manubens.es\/wp-content\/uploads\/2023\/06\/como-poner-el-cordon-en-el-capazo-veraniego-198x200.png 198w, https:\/\/www.manubens.es\/wp-content\/uploads\/2023\/06\/como-poner-el-cordon-en-el-capazo-veraniego-115x115.png 115w, https:\/\/www.manubens.es\/wp-content\/uploads\/2023\/06\/como-poner-el-cordon-en-el-capazo-veraniego-248x250.png 248w, https:\/\/www.manubens.es\/wp-content\/uploads\/2023\/06\/como-poner-el-cordon-en-el-capazo-veraniego.png 960w\" sizes=\"auto, (max-width: 594px) 100vw, 594px\" \/><\/div><\/div><div class=\"w-separator size_medium\"><\/div><div class=\"w-separator size_medium\"><\/div><div class=\"wpb_text_column\"><div class=\"wpb_wrapper\"><p id=\"tw-target-text\" class=\"tw-data-text tw-text-large tw-ta\" dir=\"ltr\" data-placeholder=\"Traducci\u00f3n\" aria-label=\"Texto traducido\" data-ved=\"2ahUKEwiinsPo2rWIAxXCSvEDHV7tKjQQ3ewLegQIBxAU\"><span class=\"Y2IQFc\" lang=\"fr\">Commencez \u00e0 enfiler les morceaux de cordon dans les trous les plus proches du bord du sac. Pour vous faciliter la t\u00e2che, <strong>pliez le cordon, passez le crochet<\/strong> dans le trou, attrapez-le avec l&#8217;embout et tirez-le.<\/span><\/p>\n<\/div><\/div><div class=\"w-separator size_medium\"><\/div><div class=\"wpb_text_column\"><div class=\"wpb_wrapper\"><p id=\"tw-target-text\" class=\"tw-data-text tw-text-large tw-ta\" dir=\"ltr\" data-placeholder=\"Traducci\u00f3n\" aria-label=\"Texto traducido\" data-ved=\"2ahUKEwiinsPo2rWIAxXCSvEDHV7tKjQQ3ewLegQIBxAU\"><span class=\"Y2IQFc\" lang=\"fr\">Pour faire le n\u0153ud il vous suffit de<strong> passer l&rsquo;extr\u00e9mit\u00e9 des cordes dans le trou<\/strong> et de serrer.<\/span><\/p>\n<\/div><\/div><div class=\"w-separator size_medium\"><\/div><div class=\"w-separator size_medium\"><\/div><div class=\"w-image align_center\"><div class=\"w-image-h\"><img decoding=\"async\" width=\"600\" height=\"598\" src=\"https:\/\/www.manubens.es\/wp-content\/uploads\/2023\/06\/como-alternar-colores-del-bolso-capazo-veraniego-600x598.png\" class=\"attachment-large size-large\" alt=\"\" loading=\"lazy\" srcset=\"https:\/\/www.manubens.es\/wp-content\/uploads\/2023\/06\/como-alternar-colores-del-bolso-capazo-veraniego-600x598.png 600w, https:\/\/www.manubens.es\/wp-content\/uploads\/2023\/06\/como-alternar-colores-del-bolso-capazo-veraniego-300x300.png 300w, https:\/\/www.manubens.es\/wp-content\/uploads\/2023\/06\/como-alternar-colores-del-bolso-capazo-veraniego-150x150.png 150w, https:\/\/www.manubens.es\/wp-content\/uploads\/2023\/06\/como-alternar-colores-del-bolso-capazo-veraniego-350x350.png 350w, https:\/\/www.manubens.es\/wp-content\/uploads\/2023\/06\/como-alternar-colores-del-bolso-capazo-veraniego-200x200.png 200w, https:\/\/www.manubens.es\/wp-content\/uploads\/2023\/06\/como-alternar-colores-del-bolso-capazo-veraniego-115x115.png 115w, https:\/\/www.manubens.es\/wp-content\/uploads\/2023\/06\/como-alternar-colores-del-bolso-capazo-veraniego-250x250.png 250w, https:\/\/www.manubens.es\/wp-content\/uploads\/2023\/06\/como-alternar-colores-del-bolso-capazo-veraniego.png 968w\" sizes=\"auto, (max-width: 600px) 100vw, 600px\" \/><\/div><\/div><div class=\"w-separator size_medium\"><\/div><div class=\"wpb_text_column\"><div class=\"wpb_wrapper\"><p id=\"tw-target-text\" class=\"tw-data-text tw-text-large tw-ta\" dir=\"ltr\" data-placeholder=\"Traducci\u00f3n\" aria-label=\"Texto traducido\" data-ved=\"2ahUKEwiinsPo2rWIAxXCSvEDHV7tKjQQ3ewLegQIBxAU\"><span class=\"Y2IQFc\" lang=\"fr\"><strong>Vous alternez les deux couleurs<\/strong> pour cr\u00e9er la frange et vous l&rsquo;aurez termin\u00e9e presque sans vous en rendre compte !<\/span><\/p>\n<\/div><\/div><div class=\"w-separator size_medium\"><\/div><div class=\"w-separator size_medium\"><\/div><div class=\"w-image align_center\"><div class=\"w-image-h\"><img decoding=\"async\" width=\"600\" height=\"600\" src=\"https:\/\/www.manubens.es\/wp-content\/uploads\/2023\/06\/paso-final-bolso-veraniego-capazo-con-los-cordones-en-beige-y-negro-600x600.png\" class=\"attachment-large size-large\" alt=\"\" loading=\"lazy\" srcset=\"https:\/\/www.manubens.es\/wp-content\/uploads\/2023\/06\/paso-final-bolso-veraniego-capazo-con-los-cordones-en-beige-y-negro-600x600.png 600w, https:\/\/www.manubens.es\/wp-content\/uploads\/2023\/06\/paso-final-bolso-veraniego-capazo-con-los-cordones-en-beige-y-negro-300x300.png 300w, https:\/\/www.manubens.es\/wp-content\/uploads\/2023\/06\/paso-final-bolso-veraniego-capazo-con-los-cordones-en-beige-y-negro-150x150.png 150w, https:\/\/www.manubens.es\/wp-content\/uploads\/2023\/06\/paso-final-bolso-veraniego-capazo-con-los-cordones-en-beige-y-negro-350x350.png 350w, https:\/\/www.manubens.es\/wp-content\/uploads\/2023\/06\/paso-final-bolso-veraniego-capazo-con-los-cordones-en-beige-y-negro-200x200.png 200w, https:\/\/www.manubens.es\/wp-content\/uploads\/2023\/06\/paso-final-bolso-veraniego-capazo-con-los-cordones-en-beige-y-negro-115x115.png 115w, https:\/\/www.manubens.es\/wp-content\/uploads\/2023\/06\/paso-final-bolso-veraniego-capazo-con-los-cordones-en-beige-y-negro-250x250.png 250w, https:\/\/www.manubens.es\/wp-content\/uploads\/2023\/06\/paso-final-bolso-veraniego-capazo-con-los-cordones-en-beige-y-negro.png 964w\" sizes=\"auto, (max-width: 600px) 100vw, 600px\" \/><\/div><\/div><div class=\"w-separator size_medium\"><\/div><div class=\"wpb_text_column\"><div class=\"wpb_wrapper\"><p id=\"tw-target-text\" class=\"tw-data-text tw-text-large tw-ta\" dir=\"ltr\" data-placeholder=\"Traducci\u00f3n\" aria-label=\"Texto traducido\" data-ved=\"2ahUKEwiinsPo2rWIAxXCSvEDHV7tKjQQ3ewLegQIBxAU\"><span class=\"Y2IQFc\" lang=\"fr\">Beau, facile, unique et tr\u00e8s, tr\u00e8s attrayant, n&rsquo;est-ce pas ?<\/span><\/p>\n<\/div><\/div><div class=\"w-separator size_medium\"><\/div><div class=\"w-separator size_medium\"><\/div><div class=\"w-image align_center\"><div class=\"w-image-h\"><img decoding=\"async\" width=\"600\" height=\"595\" src=\"https:\/\/www.manubens.es\/wp-content\/uploads\/2023\/06\/bolso-de-verano-tipo-caparazon-600x595.png\" class=\"attachment-large size-large\" alt=\"\" loading=\"lazy\" srcset=\"https:\/\/www.manubens.es\/wp-content\/uploads\/2023\/06\/bolso-de-verano-tipo-caparazon-600x595.png 600w, https:\/\/www.manubens.es\/wp-content\/uploads\/2023\/06\/bolso-de-verano-tipo-caparazon-300x298.png 300w, https:\/\/www.manubens.es\/wp-content\/uploads\/2023\/06\/bolso-de-verano-tipo-caparazon-150x150.png 150w, https:\/\/www.manubens.es\/wp-content\/uploads\/2023\/06\/bolso-de-verano-tipo-caparazon-200x198.png 200w, https:\/\/www.manubens.es\/wp-content\/uploads\/2023\/06\/bolso-de-verano-tipo-caparazon-115x115.png 115w, https:\/\/www.manubens.es\/wp-content\/uploads\/2023\/06\/bolso-de-verano-tipo-caparazon-250x248.png 250w, https:\/\/www.manubens.es\/wp-content\/uploads\/2023\/06\/bolso-de-verano-tipo-caparazon.png 968w\" sizes=\"auto, (max-width: 600px) 100vw, 600px\" \/><\/div><\/div><div class=\"w-separator size_medium\"><\/div><div class=\"wpb_text_column\"><div class=\"wpb_wrapper\"><p id=\"tw-target-text\" class=\"tw-data-text tw-text-large tw-ta\" dir=\"ltr\" data-placeholder=\"Traducci\u00f3n\" aria-label=\"Texto traducido\" data-ved=\"2ahUKEwiinsPo2rWIAxXCSvEDHV7tKjQQ3ewLegQIBxAU\"><span class=\"Y2IQFc\" lang=\"fr\">Comme vous pouvez le voir sur ces deux derni\u00e8res photos, n<strong>ous avons personnalis\u00e9 deux types de nacelles diff\u00e9rents<\/strong> afin que vous puissiez voir \u00e0 quel point notre proposition est belle, aussi bien dans des sacs rigides que flexibles. <\/span><\/p>\n<p class=\"tw-data-text tw-text-large tw-ta\" dir=\"ltr\" data-placeholder=\"Traducci\u00f3n\" aria-label=\"Texto traducido\" data-ved=\"2ahUKEwiinsPo2rWIAxXCSvEDHV7tKjQQ3ewLegQIBxAU\"><span class=\"Y2IQFc\" lang=\"fr\">Avez-vous aim\u00e9 cette id\u00e9e ? Bien s\u00fbr oui. Et puisque nous savons que vous aimez le bricolage, profitons-en pour rappeler d&rsquo;autres id\u00e9es de sacs d&rsquo;\u00e9t\u00e9 que nous vous proposons sur le blog. Vous pouvez avoir une belle collection de sacs exclusifs pour cet \u00e9t\u00e9 !<\/span><\/p>\n<\/div><\/div><div class=\"w-separator size_medium\"><\/div><div class=\"w-separator size_medium\"><\/div><div class=\"wpb_text_column\" id=\"ideabolso\"><div class=\"wpb_wrapper\"><h3 id=\"plus\" id=\"tw-target-text\" class=\"tw-data-text tw-text-large tw-ta\" dir=\"ltr\" data-placeholder=\"Traducci\u00f3n\" aria-label=\"Texto traducido\" data-ved=\"2ahUKEwiinsPo2rWIAxXCSvEDHV7tKjQQ3ewLegQIBxAU\"><strong><span class=\"Y2IQFc\" lang=\"fr\">3. Plus d&rsquo;id\u00e9es pour fabriquer des sacs d&rsquo;\u00e9t\u00e9 DIY<\/span><\/strong><\/h3>\n<\/div><\/div><div class=\"w-separator size_medium\"><\/div><div class=\"wpb_text_column\"><div class=\"wpb_wrapper\"><div id=\"tw-container\" class=\"\" data-cp=\"1\" data-ddp=\"true\" data-drd=\"1700\" data-drt=\"10000\" data-is-rde=\"false\" data-is-ver=\"false\" data-nnttsvi=\"1\" data-sletp=\"false\" data-sm=\"1\" data-ssbp=\"false\" data-sugg-time=\"500\" data-sugg-url=\"https:\/\/clients1.google.com\/complete\/search\" data-tcp=\"geluk met jou verjaarsdag,gelukkige verjaarsdag,awoda pa,\u1218\u120d\u12ab\u121d \u120d\u12f0\u1275,\u0639\u064a\u062f \u0645\u064a\u0644\u0627\u062f \u0633\u0639\u064a\u062f,\u099c\u09a8\u09cd\u09ae\u09a6\u09bf\u09a8\u09f0 \u0993\u09b2\u0997 \u099c\u09a8\u09be\u09b2\u09cb\u0981,aski mara phuqhawi,do\u011fum g\u00fcn\u00fcn m\u00fcbar\u0259k,ad g\u00fcn\u00fcn m\u00fcbar\u0259k,\u0437 \u0434\u043d\u0451\u043c \u043d\u0430\u0440\u0430\u0434\u0436\u044d\u043d\u043d\u044f,\u0447\u0435\u0441\u0442\u0438\u0442 \u0440\u043e\u0436\u0434\u0435\u043d \u0434\u0435\u043d,\u091c\u0928\u094d\u092e \u0926\u093f\u0928 \u0915\u0947 \u0936\u0941\u092d \u0915\u093e\u092e\u0928\u093e,sanb\u03b5 sanb\u03b5,\u09b6\u09c1\u09ad \u099c\u09a8\u09cd\u09ae\u09a6\u09bf\u09a8,sretan ro\u0111endan,per molts anys,feli\u00e7 aniversari,malipayong adlawng natawhan,\u06cc\u0627\u062f\u06cc \u0644\u06d5\u062f\u0627\u06cc\u06a9 \u0628\u0648\u0648\u0646\u062a \u067e\u06cc\u0631\u06c6\u0632 \u0628\u06ce\u062a,felice anniversariu,v\u0161echno nejlep\u0161\u00ed k narozenin\u00e1m,pen-blwydd hapus,penblwydd hapus,tillykke med f\u00f8dselsdagen,alles gute zum geburtstag,\u0938\u093e\u0932\u0917\u093f\u0930\u0939\u094d \u092e\u092c\u093e\u0930\u0915,\u0787\u07aa\u078a\u07a7\u0788\u07ac\u0783\u07a8 \u0787\u07aa\u078a\u07a6\u0782\u07b0\u078b\u07aa\u0788\u07a6\u0780\u07ac\u0787\u07b0,dzigbe z\u00e3 nyuie na w\u00f2,\u03c7\u03b1\u03c1\u03bf\u03cd\u03bc\u03b5\u03bd\u03b1 \u03b3\u03b5\u03bd\u03ad\u03b8\u03bb\u03b9\u03b1,happy birthday,feli\u0109an naski\u011dtagon,feliz cumplea\u00f1os,palju \u00f5nne s\u00fcnnip\u00e4evaks,zorionak,\u062a\u0648\u0644\u062f\u062a \u0645\u0628\u0627\u0631\u06a9,hyv\u00e4\u00e4 syntym\u00e4p\u00e4iv\u00e4\u00e4,joyeux anniversaire,lokkige jierdei,l\u00e1 breithe sona,l\u00e1 breithe shona duit,co-l\u00e0-breith math,feliz aniversario,vy'apav\u1ebd,\u091c\u0932\u094d\u092e\u0926\u093f\u0938\u093e\u091a\u0940 \u092a\u0930\u092c\u0940,\u0a9c\u0aa8\u0acd\u0aae\u0aa6\u0abf\u0ab5\u0ab8\u0aa8\u0ac0 \u0ab6\u0ac1\u0aad\u0ac7\u0a9a\u0acd\u0a9b\u0abe,\u0a9c\u0aa8\u0acd\u0aae\u0aa6\u0abf\u0ab5\u0ab8 \u0aa8\u0ac0 \u0ab6\u0ac1\u0aad\u0a95\u0abe\u0aae\u0aa8\u0abe,barka da ranar haihuwa,hau\u02bboli l\u0101 h\u0101nau,\u091c\u0928\u094d\u092e\u0926\u093f\u0928 \u0915\u0940 \u0936\u0941\u092d\u0915\u093e\u092e\u0928\u093e\u090f\u0902,\u091c\u0928\u094d\u092e\u0926\u093f\u0928 \u0915\u0940 \u0936\u0941\u092d\u0915\u093e\u092e\u0928\u093e\u090f\u0901,sretan ro\u0111endan,b\u00f2n f\u00e8t,boldog sz\u00fclet\u00e9snapot,\u056e\u0576\u0578\u0582\u0576\u0564\u0564 \u0577\u0576\u0578\u0580\u0570\u0561\u057e\u0578\u0580,selamat ulang tahun,ezi ncheta \u1ee5b\u1ecdch\u1ecb \u1ecdm\u1ee5m\u1ee5,ezi ncheta \u1ecdm\u1ee5m\u1ee5,naragsak a panagkasangay,til hamingju me\u00f0 afm\u00e6li\u00f0,buon compleanno,\u05d9\u05d5\u05dd \u05d4\u05d5\u05dc\u05d3\u05ea \u05e9\u05de\u05d7,\u8a95\u751f\u65e5\u304a\u3081\u3067\u3068\u3046,\u304a\u8a95\u751f\u65e5\u304a\u3081\u3067\u3068\u3046,sugeng ambal warsa,sugeng tanggap warsa,\u10d2\u10d8\u10da\u10dd\u10ea\u10d0\u10d5\u10d7 \u10d3\u10d0\u10d1\u10d0\u10d3\u10d4\u10d1\u10d8\u10e1 \u10d3\u10e6\u10d4\u10e1,\u10d2\u10d8\u10da\u10dd\u10ea\u10d0\u10d5 \u10d3\u10d0\u10d1\u10d0\u10d3\u10d4\u10d1\u10d8\u10e1 \u10d3\u10e6\u10d4\u10e1,\u0442\u0443\u0493\u0430\u043d \u043a\u04af\u043d \u049b\u04b1\u0442\u0442\u044b \u0431\u043e\u043b\u0441\u044b\u043d,\u0442\u0443\u044b\u043b\u0493\u0430\u043d \u043a\u04af\u043d\u0456\u04a3\u043c\u0435\u043d,\u179a\u17b8\u1780\u179a\u17b6\u1799\u1790\u17d2\u1784\u17c3\u1781\u17bd\u1794\u1780\u17c6\u178e\u17be\u178f,\u179a\u17b8\u1780\u179a\u17b6\u1799\u200b\u1790\u17d2\u1784\u17c3\u200b\u1780\u17c6\u178e\u17be\u178f,\u0cb9\u0cc1\u0c9f\u0ccd\u0c9f\u0cc1\u0cb9\u0cac\u0ccd\u0cac\u0ca6 \u0cb6\u0cc1\u0cad\u0cbe\u0cb6\u0caf\u0c97\u0cb3\u0cc1,\u0c9c\u0ca8\u0ccd\u0cae\u0ca6\u0cbf\u0ca8\u0ca6 \u0cb6\u0cc1\u0cad\u0cbe\u0cb6\u0caf\u0c97\u0cb3\u0cc1,\uc0dd\uc77c \ucd95\ud558\ud569\ub2c8\ub2e4,\uc0dd\uc77c \ucd95\ud558\ud574\uc694,api batde,rojb\u00fbna te p\u00eeroz be,\u0442\u0443\u0443\u043b\u0433\u0430\u043d \u043a\u04af\u043d\u04af\u04a3\u04af\u0437 \u043c\u0435\u043d\u0435\u043d,\u0442\u0443\u0443\u043b\u0433\u0430\u043d \u043a\u0443\u043d\u0443\u04a3\u0443\u0437 \u043c\u0435\u043d\u0435\u043d \u043a\u0443\u0442\u0442\u0443\u043a\u0442\u0430\u0439\u043c,felix natalis,alles guddes fir de gebuertsdag,amazaalibwa amalungi,mbotama elamu,\u0eaa\u0eb8\u0e81\u0eaa\u0eb1\u0e99\u0ea7\u0eb1\u0e99\u0ec0\u0e81\u0eb5\u0e94,\u0eaa\u0eb8\u0e81\u200b\u0eaa\u0eb1\u0e99\u200b\u0ea7\u0eb1\u0e99\u200b\u0ec0\u0e81\u0eb5\u0e94,su gimtadieniu,piancham chibai,daudz laimes dzim\u0161anas dien\u0101,\u091c\u0928\u094d\u092e\u0926\u093f\u0928\u0915 \u0936\u0941\u092d\u0915\u093e\u092e\u0928\u093e,tratry ny tsingerin-taona,tratry ny tsingerintaona nahaterahana,\u0441\u0440\u0435\u045c\u0435\u043d \u0440\u043e\u0434\u0435\u043d\u0434\u0435\u043d,\u0d1c\u0d28\u0d4d\u0d2e\u0d26\u0d3f\u0d28\u0d3e\u0d36\u0d02\u0d38\u0d15\u0d7e,\u0442\u04e9\u0440\u0441\u04e9\u043d \u04e9\u0434\u0440\u0438\u0439\u043d \u043c\u044d\u043d\u0434 \u0445\u04af\u0440\u0433\u044d\u0435,\u0442\u04e9\u0440\u0441\u04e9\u043d \u04e9\u0434\u0440\u0438\u0439\u043d \u043c\u044d\u043d\u0434,\uabc5\uabe8\uabe1\uabc9\uabe5\uabcf\uabd4\uabd5 \uabc4\uabe3\uabdb\uabc4 \uabc5\uabe8\uabc3\uabe4\uabe0,\u0935\u093e\u0922\u0926\u093f\u0935\u0938\u093e\u091a\u094d\u092f\u093e \u0936\u0941\u092d\u0947\u091a\u094d\u091b\u093e,\u0935\u093e\u0922\u0926\u093f\u0935\u0938\u093e\u091a\u094d\u092f\u093e \u0939\u093e\u0930\u094d\u0926\u093f\u0915 \u0936\u0941\u092d\u0947\u091a\u094d\u091b\u093e,selamat hari lahir,xewqat sbie\u0127 f'g\u0127eluq sninek,\u1015\u103b\u1031\u102c\u103a\u101b\u103d\u103e\u1004\u103a\u1016\u103d\u101a\u103a \u1019\u103d\u1031\u1038\u1014\u1031\u1037\u1016\u103c\u1005\u103a\u1015\u102b\u1005\u1031,\u1015\u103b\u1031\u102c\u103a\u101b\u103d\u103e\u1004\u103a\u1005\u101b\u102c\u1019\u103d\u1031\u1038\u1014\u1031\u1037\u1016\u103c\u1005\u103a\u1015\u102b\u1005\u1031,\u091c\u0928\u094d\u092e \u0926\u093f\u0928\u0915\u094b \u0936\u0941\u092d\u0915\u093e\u092e\u0928\u093e,gefeliciteerd met je verjaardag,gefeliciteerd,gratulerer med dagen,matswalo a mabotse,tsiku labwino lobadwa,baga guyyaa dhaloota kee geesse,\u0b1c\u0b28\u0b4d\u0b2e\u0b26\u0b3f\u0b28\u0b30 \u0b36\u0b41\u0b2d\u0b47\u0b1a\u0b4d\u0b1b\u0b3e,\u0b1c\u0b28\u0b4d\u0b2e\u0b26\u0b3f\u0b28\u0b30 \u0b05\u0b2d\u0b3f\u0b28\u0b28\u0b4d\u0b26\u0b28,\u0a1c\u0a28\u0a2e\u0a26\u0a3f\u0a28 \u0a26\u0a40\u0a06\u0a02 \u0a35\u0a27\u0a3e\u0a08\u0a06\u0a02,\u0a1c\u0a28\u0a2e\u0a26\u0a3f\u0a28 \u0a2e\u0a41\u0a2c\u0a3e\u0a30\u0a15,wszystkiego najlepszego z okazji urodzin,\u06a9\u0644\u06cc\u0632\u0647 \u062f\u06cc \u0646\u06cc\u06a9\u0645\u0631\u063a\u0647,feliz anivers\u00e1rio,punchawniykipi kusikuni,la mul\u021bi ani,\u0441 \u0434\u043d\u0435\u043c \u0440\u043e\u0436\u0434\u0435\u043d\u0438\u044f,isabukuru nziza,\u0936\u0941\u092d\u0902 \u091c\u0928\u094d\u092e\u0926\u093f\u0928\u092e\u094d\u200c,\u062c\u0646\u0645 \u068f\u064a\u0646\u0647\u0646 \u0645\u0628\u0627\u0631\u06aa,\u0dc3\u0dd4\u0db6 \u0d8b\u0db4\u0db1\u0dca \u0daf\u0dd2\u0db1\u0dba\u0d9a\u0dca,v\u0161etko najlep\u0161ie k narodenin\u00e1m,\u0161\u0165astn\u00e9 narodeniny,vse najbolj\u0161e,manuia asofanau,bhavhadhe rinofadza,maalin dhalasheed farxad leh,dhalasho wacan,g\u00ebzuar dit\u00eblindjen,\u0441\u0440\u0435\u045b\u0430\u043d \u0440\u043e\u0452\u0435\u043d\u0434\u0430\u043d,letsatsi le monate la tsoalo,wilujeung milangkala,wilujeung tepang taun,grattis p\u00e5 f\u00f6delsedagen,heri ya siku ya kuzaliwa,\u0baa\u0bbf\u0bb1\u0ba8\u0bcd\u0ba4\u0ba8\u0bbe\u0bb3\u0bcd \u0bb5\u0bbe\u0bb4\u0bcd\u0ba4\u0bcd\u0ba4\u0bc1\u0b95\u0bb3\u0bcd,\u0baa\u0bbf\u0bb1\u0ba8\u0bcd\u0ba4\u0ba8\u0bbe\u0bb3\u0bcd \u0bb5\u0bbe\u0bb4\u0bcd\u0ba4\u0bcd\u0ba4\u0bc1\u0b95\u0bcd\u0b95\u0bb3\u0bcd,\u0c2a\u0c41\u0c1f\u0c4d\u0c1f\u0c3f\u0c28\u0c30\u0c4b\u0c1c\u0c41 \u0c36\u0c41\u0c2d\u0c3e\u0c15\u0c3e\u0c02\u0c15\u0c4d\u0c37\u0c32\u0c41,\u0437\u043e\u0434\u0440\u04ef\u0437 \u043c\u0443\u0431\u043e\u0440\u0430\u043a,\u0e2a\u0e38\u0e02\u0e2a\u0e31\u0e19\u0e15\u0e4c\u0e27\u0e31\u0e19\u0e40\u0e01\u0e34\u0e14,\u12a5\u1295\u12b3\u12d5 \u1270\u12c8\u1208\u12f5\u12ab,doglan g\u00fcn\u00fc\u0148 bilen,maligayang kaarawan,do\u011fum g\u00fcn\u00fcn\u00fcz kutlu olsun,do\u011fum g\u00fcn\u00fcn kutlu olsun,siku lerinene ro velekiwa,\u0442\u0443\u0433\u0430\u043d \u043a\u04e9\u043d \u0431\u0435\u043b\u04d9\u043d,\u0437 \u0434\u043d\u0435\u043c \u043d\u0430\u0440\u043e\u0434\u0436\u0435\u043d\u043d\u044f,\u0633\u0627\u0644\u06af\u0631\u06c1 \u0645\u0628\u0627\u0631\u06a9,\u0633\u0627\u0644\u06af\u0631\u06c1 \u0645\u0628\u0627\u0631\u06a9 \u06c1\u0648,tug\u02bbilgan kuningiz bilan,tug'ilgan kun muborak bo'lsin,ch\u00fac m\u1eebng sinh nh\u1eadt,mini emnandi,nwabela usuku lwakho owaqala ngalo,o ku\u0301 a\u0300ya\u0301j\u1ecd\u0301 \u1ecdj\u1ecd\u0301 i\u0300bi\u0301,o ku ojo ibi,\u751f\u65e5\u5feb\u4e50,\u751f\u65e5\u5feb\u6a02,sikufisela usuku lokuzalwa oluhle,usuku olumnandi lokuzalwa\" data-uilc=\"es\" data-vil=\",af,af-ZA,am,am-ET,ar-EG,ar-AE,ar-KW,ar-QA,ar,ar-IL,ar-JO,ar-LB,ar-PS,az,az-AZ,bg,bg-BG,bn,bn-BD,bn-IN,ca,ca-es,cs,cs-CZ,de,de-DE,de-CH,de-AT,de-LI,en,en-US,en-CA,en-AU,en-NZ,en-GB,en-IN,en-KE,en-TZ,en-NG,en-GH,en-PH,en-ZA,es,es-ES,es-AR,es-UY,es-419,es-BO,es-CL,es-CR,es-CO,es-DO,es-EC,es-GT,es-HN,es-NI,es-PA,es-PE,es-PR,es-PY,es-SV,es-VE,es-MX,es-US,eu,eu-ES,fi,fi-FI,fr,fr-FR,fr-CH,fr-BE,gl,gl-ES,gu,gu-IN,he,he-IL,iw,iw-IL,hu,hu-HU,hy,hy-AM,id,id-ID,is,is-IS,it,it-IT,it-CH,ja,ja-JP,jv,jv-ID,ka,ka-GE,km,km-KH,kn,kn-IN,ko,ko-KR,la,lo,lo-LA,lv,lv-LV,ml,ml-IN,mr,mr-IN,ms,ms-MY,nl,nl-NL,nb,nb-NO,ne,ne-NP,pl,pl-PL,pt,pt-BR,pt-PT,ro,ro-RO,ru,ru-RU,si-LK,sk,sk-SK,sr,sr-RS,su,su-ID,sv,sv-SE,sw,sw-TZ,sw-KE,ta,ta-IN,ta-SG,ta-LK,ta-MY,te,te-IN,tr,tr-TR,ur,ur-PK,ur-IN,yue,yue-HK,yue-Hant-HK,zh-HK,zh,zh-CN,zh-cmn,zh-cmn-CN,zh-Hans,zh-Hans-CN,zh-cmn-Hans,zh-cmn-Hans-CN,cmn-CN,cmn-Hans,cmn-Hans-CN,zh-TW,zh-Hant-TW,cmn-TW,cmn-Hant-TW,zh-cmn-TW,zh-cmn-Hant-TW,zu,zu-ZA,hi,hi-IN,tl,tl-PH,pa,pa-IN\">\n<div id=\"tw-ob\" class=\"tw-src-ltr\">\n<div class=\"oSioSc\">\n<div id=\"tw-target\">\n<div id=\"kAz1tf\" class=\"g9WsWb PZPZlf\" data-attrid=\"tw-targetArea\" data-entityname=\"Google Translate\">\n<div id=\"tw-target-text-container\" class=\"tw-ta-container F0azHf tw-nfl\" tabindex=\"0\">\n<p id=\"tw-target-text\" class=\"tw-data-text tw-text-large tw-ta\" dir=\"ltr\" data-placeholder=\"Traducci\u00f3n\" aria-label=\"Texto traducido\" data-ved=\"2ahUKEwiinsPo2rWIAxXCSvEDHV7tKjQQ3ewLegQIBxAU\"><span class=\"Y2IQFc\" lang=\"fr\">Les sacs d&rsquo;\u00e9t\u00e9 sont un accessoire informel qui se pr\u00eate \u00e0 d\u00e9velopper toute notre cr\u00e9ativit\u00e9.<strong> Si vous apprenez \u00e0 coudre \u00e0 la machine<\/strong> et avez besoin d&rsquo;id\u00e9es pour vous entra\u00eener, ne manquez pas le sac d&rsquo;\u00e9t\u00e9 que nous avons publi\u00e9 il y a quelque temps. Un sac style tote bag que vous allez adorer, avec les couleurs les plus cool : gris, noir et cr\u00e8me.<\/span><\/p>\n<p class=\"tw-data-text tw-text-large tw-ta\" dir=\"ltr\" data-placeholder=\"Traducci\u00f3n\" aria-label=\"Texto traducido\" data-ved=\"2ahUKEwiinsPo2rWIAxXCSvEDHV7tKjQQ3ewLegQIBxAU\"><span class=\"Y2IQFc\" lang=\"fr\">D\u00e9couvrez dans le pos<a href=\"https:\/\/www.manubens.es\/fr\/blog\/comment-fabriquer-un-sac-en-tissu-style-tote-bag\/\">t Comment r\u00e9aliser un sac en tissu fa\u00e7on tote bag<\/a> et c&rsquo;est parti ! Nous vous expliquons <strong>\u00e9tape par \u00e9tape comment r\u00e9aliser ce sac fait main<\/strong> et vous trouverez \u00e9galement les patrons pour ne pas vous tromper lors de la d\u00e9coupe des tissus. Oserez-vous ?<\/span><\/p>\n<p class=\"tw-data-text tw-text-large tw-ta\" dir=\"ltr\" data-placeholder=\"Traducci\u00f3n\" aria-label=\"Texto traducido\" data-ved=\"2ahUKEwiinsPo2rWIAxXCSvEDHV7tKjQQ3ewLegQIBxAU\"><span class=\"Y2IQFc\" lang=\"fr\">Vous en voulez plus ? Les pochettes restent une solution pour les occasions sp\u00e9ciales. Pourquoi les abandonner en \u00e9t\u00e9 ? Fabriqu\u00e9e en lin et personnalis\u00e9e avec des rubans aux couleurs que vous aimez le plus, vous pouvez avoir une pochette exclusive qui fera l&rsquo;envie de tout le monde. Avec cette proposition,<strong> vous apprendrez non seulement \u00e0 fabriquer des sacs en tissu \u00e0 la machine,<\/strong> mais vous pratiquerez \u00e9galement la couture de fermetures \u00e9clair. Vous verrez que c&rsquo;est plus facile qu&rsquo;il n&rsquo;y para\u00eet.<\/span><\/p>\n<p class=\"tw-data-text tw-text-large tw-ta\" dir=\"ltr\" data-placeholder=\"Traducci\u00f3n\" aria-label=\"Texto traducido\" data-ved=\"2ahUKEwiinsPo2rWIAxXCSvEDHV7tKjQQ3ewLegQIBxAU\"><span class=\"Y2IQFc\" lang=\"fr\">D\u00e9couvrez la pochette artisanale sur notre blog <a href=\"https:\/\/www.manubens.es\/fr\/blog\/pochette-originale-avec-des-rubans-pleine-de-details\/\">Pochette originale avec des rubans pleins de d\u00e9tails.<\/a> Nous l\u2019avons ador\u00e9 et nous sommes s\u00fbrs que vous tomberez amoureux aussi. <\/span><\/p>\n<p class=\"tw-data-text tw-text-large tw-ta\" dir=\"ltr\" data-placeholder=\"Traducci\u00f3n\" aria-label=\"Texto traducido\" data-ved=\"2ahUKEwiinsPo2rWIAxXCSvEDHV7tKjQQ3ewLegQIBxAU\"><span class=\"Y2IQFc\" lang=\"fr\">Suivez-nous sur les r\u00e9seaux sociaux pour ne manquer aucune de nos propositions. Vous trouverez les ic\u00f4nes \u00e0 la fin de cet article. Vous souhaitez partager vos cr\u00e9ations ? Incluez le #manubens dans votre message et faites partie de notre communaut\u00e9 cr\u00e9ative !<\/span><\/p>\n<\/div>\n<\/div>\n<\/div>\n<\/div>\n<\/div>\n<\/div>\n<\/div><\/div><div class=\"w-separator size_medium\"><\/div><div class=\"w-separator size_medium\"><\/div><\/div><\/div><\/div><\/div><\/section><section class=\"l-section wpb_row height_large\"><div class=\"l-section-h i-cf\"><div class=\"g-cols vc_row via_grid cols_1 laptops-cols_inherit tablets-cols_inherit mobiles-cols_1 valign_top type_default stacking_default\"><div class=\"wpb_column vc_column_container\"><div class=\"vc_column-inner\"><div class=\"w-image align_center\"><div class=\"w-image-h\"><img decoding=\"async\" width=\"1\" height=\"1\" src=\"https:\/\/www.manubens.es\/wp-content\/uploads\/2024\/10\/foto-x-2.jpg\" class=\"attachment-large size-large\" alt=\"\" loading=\"lazy\" \/><\/div><\/div><\/div><\/div><div class=\"wpb_column vc_column_container\"><div class=\"vc_column-inner\"><\/div><\/div><\/div><\/div><\/section><section class=\"l-section wpb_row height_large\"><div class=\"l-section-h i-cf\"><div class=\"g-cols vc_row via_grid cols_1 laptops-cols_inherit tablets-cols_inherit mobiles-cols_1 valign_top type_default stacking_default\"><div class=\"wpb_column vc_column_container\"><div class=\"vc_column-inner\"><\/div><\/div><\/div><\/div><\/section>\n","protected":false},"excerpt":{"rendered":"Soyez tendance avec ce sac d&rsquo;\u00e9t\u00e9 DIY Les nacelles en raphia ne se d\u00e9modent jamais. Ils sont l&rsquo;accessoire id\u00e9al pour l&rsquo;\u00e9t\u00e9 car ils se combinent parfaitement avec les looks les plus informels et cool. Pourquoi ne pas les d\u00e9corer avec nos couleurs pr\u00e9f\u00e9r\u00e9es et leur donner une touche diff\u00e9rente ? Aujourd&rsquo;hui, nous vous montrons comment...","protected":false},"author":3,"featured_media":12045,"comment_status":"open","ping_status":"open","sticky":false,"template":"","format":"standard","meta":{"footnotes":""},"categories":[64],"tags":[],"class_list":["post-16399","post","type-post","status-publish","format-standard","has-post-thumbnail","hentry","category-ideas-manubens-fr"],"yoast_head":"<!-- This site is optimized with the Yoast SEO plugin v27.5 - https:\/\/yoast.com\/product\/yoast-seo-wordpress\/ -->\n<title>Comment personnaliser un sac d&#039;\u00e9t\u00e9 avec des rubans ou des lacets - Manubens<\/title>\n<meta name=\"description\" content=\"Apprenez \u00e0 personnaliser un sac d&#039;\u00e9t\u00e9 avec des rubans et des lacets et soyez \u00e9l\u00e9gant cet \u00e9t\u00e9. Facile, beau, unique et tr\u00e8s, tr\u00e8s personnel.\" \/>\n<meta name=\"robots\" content=\"index, follow, max-snippet:-1, max-image-preview:large, max-video-preview:-1\" \/>\n<link rel=\"canonical\" href=\"https:\/\/www.manubens.es\/fr\/comment-personnaliser-un-sac-dete-avec-des-rubans-ou-des-lacets\/\" \/>\n<meta property=\"og:locale\" content=\"fr_FR\" \/>\n<meta property=\"og:type\" content=\"article\" \/>\n<meta property=\"og:title\" content=\"Comment personnaliser un sac d&#039;\u00e9t\u00e9 avec des rubans ou des lacets - Manubens\" \/>\n<meta property=\"og:description\" content=\"Apprenez \u00e0 personnaliser un sac d&#039;\u00e9t\u00e9 avec des rubans et des lacets et soyez \u00e9l\u00e9gant cet \u00e9t\u00e9. Facile, beau, unique et tr\u00e8s, tr\u00e8s personnel.\" \/>\n<meta property=\"og:url\" content=\"https:\/\/www.manubens.es\/fr\/comment-personnaliser-un-sac-dete-avec-des-rubans-ou-des-lacets\/\" \/>\n<meta property=\"og:site_name\" content=\"Manubens\" \/>\n<meta property=\"article:published_time\" content=\"2024-09-09T11:30:06+00:00\" \/>\n<meta property=\"article:modified_time\" content=\"2025-08-19T07:32:09+00:00\" \/>\n<meta property=\"og:image\" content=\"https:\/\/www.manubens.es\/wp-content\/uploads\/2023\/06\/Portada-Blog-Post-Manubens-2.png\" \/>\n\t<meta property=\"og:image:width\" content=\"1090\" \/>\n\t<meta property=\"og:image:height\" content=\"550\" \/>\n\t<meta property=\"og:image:type\" content=\"image\/png\" \/>\n<meta name=\"author\" content=\"Manubens\" \/>\n<meta name=\"twitter:card\" content=\"summary_large_image\" \/>\n<meta name=\"twitter:label1\" content=\"\u00c9crit par\" \/>\n\t<meta name=\"twitter:data1\" content=\"Manubens\" \/>\n\t<meta name=\"twitter:label2\" content=\"Dur\u00e9e de lecture estim\u00e9e\" \/>\n\t<meta name=\"twitter:data2\" content=\"5 minutes\" \/>\n<script type=\"application\/ld+json\" class=\"yoast-schema-graph\">{\"@context\":\"https:\\\/\\\/schema.org\",\"@graph\":[{\"@type\":\"Article\",\"@id\":\"https:\\\/\\\/www.manubens.es\\\/fr\\\/comment-personnaliser-un-sac-dete-avec-des-rubans-ou-des-lacets\\\/#article\",\"isPartOf\":{\"@id\":\"https:\\\/\\\/www.manubens.es\\\/fr\\\/comment-personnaliser-un-sac-dete-avec-des-rubans-ou-des-lacets\\\/\"},\"author\":{\"name\":\"Manubens\",\"@id\":\"https:\\\/\\\/www.manubens.es\\\/fr\\\/#\\\/schema\\\/person\\\/cc83950a2556bd2dd10d3b8624863100\"},\"headline\":\"Comment personnaliser un sac d&rsquo;\u00e9t\u00e9 avec des rubans ou des lacets\",\"datePublished\":\"2024-09-09T11:30:06+00:00\",\"dateModified\":\"2025-08-19T07:32:09+00:00\",\"mainEntityOfPage\":{\"@id\":\"https:\\\/\\\/www.manubens.es\\\/fr\\\/comment-personnaliser-un-sac-dete-avec-des-rubans-ou-des-lacets\\\/\"},\"wordCount\":1168,\"commentCount\":0,\"image\":{\"@id\":\"https:\\\/\\\/www.manubens.es\\\/fr\\\/comment-personnaliser-un-sac-dete-avec-des-rubans-ou-des-lacets\\\/#primaryimage\"},\"thumbnailUrl\":\"https:\\\/\\\/www.manubens.es\\\/wp-content\\\/uploads\\\/2023\\\/06\\\/Portada-Blog-Post-Manubens-2.png\",\"articleSection\":[\"Ideas Manubens\"],\"inLanguage\":\"fr-FR\",\"potentialAction\":[{\"@type\":\"CommentAction\",\"name\":\"Comment\",\"target\":[\"https:\\\/\\\/www.manubens.es\\\/fr\\\/comment-personnaliser-un-sac-dete-avec-des-rubans-ou-des-lacets\\\/#respond\"]}]},{\"@type\":\"WebPage\",\"@id\":\"https:\\\/\\\/www.manubens.es\\\/fr\\\/comment-personnaliser-un-sac-dete-avec-des-rubans-ou-des-lacets\\\/\",\"url\":\"https:\\\/\\\/www.manubens.es\\\/fr\\\/comment-personnaliser-un-sac-dete-avec-des-rubans-ou-des-lacets\\\/\",\"name\":\"Comment personnaliser un sac d'\u00e9t\u00e9 avec des rubans ou des lacets - Manubens\",\"isPartOf\":{\"@id\":\"https:\\\/\\\/www.manubens.es\\\/fr\\\/#website\"},\"primaryImageOfPage\":{\"@id\":\"https:\\\/\\\/www.manubens.es\\\/fr\\\/comment-personnaliser-un-sac-dete-avec-des-rubans-ou-des-lacets\\\/#primaryimage\"},\"image\":{\"@id\":\"https:\\\/\\\/www.manubens.es\\\/fr\\\/comment-personnaliser-un-sac-dete-avec-des-rubans-ou-des-lacets\\\/#primaryimage\"},\"thumbnailUrl\":\"https:\\\/\\\/www.manubens.es\\\/wp-content\\\/uploads\\\/2023\\\/06\\\/Portada-Blog-Post-Manubens-2.png\",\"datePublished\":\"2024-09-09T11:30:06+00:00\",\"dateModified\":\"2025-08-19T07:32:09+00:00\",\"author\":{\"@id\":\"https:\\\/\\\/www.manubens.es\\\/fr\\\/#\\\/schema\\\/person\\\/cc83950a2556bd2dd10d3b8624863100\"},\"description\":\"Apprenez \u00e0 personnaliser un sac d'\u00e9t\u00e9 avec des rubans et des lacets et soyez \u00e9l\u00e9gant cet \u00e9t\u00e9. Facile, beau, unique et tr\u00e8s, tr\u00e8s personnel.\",\"breadcrumb\":{\"@id\":\"https:\\\/\\\/www.manubens.es\\\/fr\\\/comment-personnaliser-un-sac-dete-avec-des-rubans-ou-des-lacets\\\/#breadcrumb\"},\"inLanguage\":\"fr-FR\",\"potentialAction\":[{\"@type\":\"ReadAction\",\"target\":[\"https:\\\/\\\/www.manubens.es\\\/fr\\\/comment-personnaliser-un-sac-dete-avec-des-rubans-ou-des-lacets\\\/\"]}]},{\"@type\":\"ImageObject\",\"inLanguage\":\"fr-FR\",\"@id\":\"https:\\\/\\\/www.manubens.es\\\/fr\\\/comment-personnaliser-un-sac-dete-avec-des-rubans-ou-des-lacets\\\/#primaryimage\",\"url\":\"https:\\\/\\\/www.manubens.es\\\/wp-content\\\/uploads\\\/2023\\\/06\\\/Portada-Blog-Post-Manubens-2.png\",\"contentUrl\":\"https:\\\/\\\/www.manubens.es\\\/wp-content\\\/uploads\\\/2023\\\/06\\\/Portada-Blog-Post-Manubens-2.png\",\"width\":1090,\"height\":550},{\"@type\":\"BreadcrumbList\",\"@id\":\"https:\\\/\\\/www.manubens.es\\\/fr\\\/comment-personnaliser-un-sac-dete-avec-des-rubans-ou-des-lacets\\\/#breadcrumb\",\"itemListElement\":[{\"@type\":\"ListItem\",\"position\":1,\"name\":\"Portada\",\"item\":\"https:\\\/\\\/www.manubens.es\\\/fr\\\/\"},{\"@type\":\"ListItem\",\"position\":2,\"name\":\"Comment personnaliser un sac d&rsquo;\u00e9t\u00e9 avec des rubans ou des lacets\"}]},{\"@type\":\"WebSite\",\"@id\":\"https:\\\/\\\/www.manubens.es\\\/fr\\\/#website\",\"url\":\"https:\\\/\\\/www.manubens.es\\\/fr\\\/\",\"name\":\"Manubens\",\"description\":\"Manubens Cintas\",\"potentialAction\":[{\"@type\":\"SearchAction\",\"target\":{\"@type\":\"EntryPoint\",\"urlTemplate\":\"https:\\\/\\\/www.manubens.es\\\/fr\\\/?s={search_term_string}\"},\"query-input\":{\"@type\":\"PropertyValueSpecification\",\"valueRequired\":true,\"valueName\":\"search_term_string\"}}],\"inLanguage\":\"fr-FR\"},{\"@type\":\"Person\",\"@id\":\"https:\\\/\\\/www.manubens.es\\\/fr\\\/#\\\/schema\\\/person\\\/cc83950a2556bd2dd10d3b8624863100\",\"name\":\"Manubens\",\"image\":{\"@type\":\"ImageObject\",\"inLanguage\":\"fr-FR\",\"@id\":\"https:\\\/\\\/secure.gravatar.com\\\/avatar\\\/15725cf86f411a4448330e45448e709f65acd91917559f0ff679989b0394976e?s=96&d=mm&r=g\",\"url\":\"https:\\\/\\\/secure.gravatar.com\\\/avatar\\\/15725cf86f411a4448330e45448e709f65acd91917559f0ff679989b0394976e?s=96&d=mm&r=g\",\"contentUrl\":\"https:\\\/\\\/secure.gravatar.com\\\/avatar\\\/15725cf86f411a4448330e45448e709f65acd91917559f0ff679989b0394976e?s=96&d=mm&r=g\",\"caption\":\"Manubens\"}}]}<\/script>\n<!-- \/ Yoast SEO plugin. -->","yoast_head_json":{"title":"Comment personnaliser un sac d'\u00e9t\u00e9 avec des rubans ou des lacets - Manubens","description":"Apprenez \u00e0 personnaliser un sac d'\u00e9t\u00e9 avec des rubans et des lacets et soyez \u00e9l\u00e9gant cet \u00e9t\u00e9. Facile, beau, unique et tr\u00e8s, tr\u00e8s personnel.","robots":{"index":"index","follow":"follow","max-snippet":"max-snippet:-1","max-image-preview":"max-image-preview:large","max-video-preview":"max-video-preview:-1"},"canonical":"https:\/\/www.manubens.es\/fr\/comment-personnaliser-un-sac-dete-avec-des-rubans-ou-des-lacets\/","og_locale":"fr_FR","og_type":"article","og_title":"Comment personnaliser un sac d'\u00e9t\u00e9 avec des rubans ou des lacets - Manubens","og_description":"Apprenez \u00e0 personnaliser un sac d'\u00e9t\u00e9 avec des rubans et des lacets et soyez \u00e9l\u00e9gant cet \u00e9t\u00e9. Facile, beau, unique et tr\u00e8s, tr\u00e8s personnel.","og_url":"https:\/\/www.manubens.es\/fr\/comment-personnaliser-un-sac-dete-avec-des-rubans-ou-des-lacets\/","og_site_name":"Manubens","article_published_time":"2024-09-09T11:30:06+00:00","article_modified_time":"2025-08-19T07:32:09+00:00","og_image":[{"width":1090,"height":550,"url":"https:\/\/www.manubens.es\/wp-content\/uploads\/2023\/06\/Portada-Blog-Post-Manubens-2.png","type":"image\/png"}],"author":"Manubens","twitter_card":"summary_large_image","twitter_misc":{"\u00c9crit par":"Manubens","Dur\u00e9e de lecture estim\u00e9e":"5 minutes"},"schema":{"@context":"https:\/\/schema.org","@graph":[{"@type":"Article","@id":"https:\/\/www.manubens.es\/fr\/comment-personnaliser-un-sac-dete-avec-des-rubans-ou-des-lacets\/#article","isPartOf":{"@id":"https:\/\/www.manubens.es\/fr\/comment-personnaliser-un-sac-dete-avec-des-rubans-ou-des-lacets\/"},"author":{"name":"Manubens","@id":"https:\/\/www.manubens.es\/fr\/#\/schema\/person\/cc83950a2556bd2dd10d3b8624863100"},"headline":"Comment personnaliser un sac d&rsquo;\u00e9t\u00e9 avec des rubans ou des lacets","datePublished":"2024-09-09T11:30:06+00:00","dateModified":"2025-08-19T07:32:09+00:00","mainEntityOfPage":{"@id":"https:\/\/www.manubens.es\/fr\/comment-personnaliser-un-sac-dete-avec-des-rubans-ou-des-lacets\/"},"wordCount":1168,"commentCount":0,"image":{"@id":"https:\/\/www.manubens.es\/fr\/comment-personnaliser-un-sac-dete-avec-des-rubans-ou-des-lacets\/#primaryimage"},"thumbnailUrl":"https:\/\/www.manubens.es\/wp-content\/uploads\/2023\/06\/Portada-Blog-Post-Manubens-2.png","articleSection":["Ideas Manubens"],"inLanguage":"fr-FR","potentialAction":[{"@type":"CommentAction","name":"Comment","target":["https:\/\/www.manubens.es\/fr\/comment-personnaliser-un-sac-dete-avec-des-rubans-ou-des-lacets\/#respond"]}]},{"@type":"WebPage","@id":"https:\/\/www.manubens.es\/fr\/comment-personnaliser-un-sac-dete-avec-des-rubans-ou-des-lacets\/","url":"https:\/\/www.manubens.es\/fr\/comment-personnaliser-un-sac-dete-avec-des-rubans-ou-des-lacets\/","name":"Comment personnaliser un sac d'\u00e9t\u00e9 avec des rubans ou des lacets - Manubens","isPartOf":{"@id":"https:\/\/www.manubens.es\/fr\/#website"},"primaryImageOfPage":{"@id":"https:\/\/www.manubens.es\/fr\/comment-personnaliser-un-sac-dete-avec-des-rubans-ou-des-lacets\/#primaryimage"},"image":{"@id":"https:\/\/www.manubens.es\/fr\/comment-personnaliser-un-sac-dete-avec-des-rubans-ou-des-lacets\/#primaryimage"},"thumbnailUrl":"https:\/\/www.manubens.es\/wp-content\/uploads\/2023\/06\/Portada-Blog-Post-Manubens-2.png","datePublished":"2024-09-09T11:30:06+00:00","dateModified":"2025-08-19T07:32:09+00:00","author":{"@id":"https:\/\/www.manubens.es\/fr\/#\/schema\/person\/cc83950a2556bd2dd10d3b8624863100"},"description":"Apprenez \u00e0 personnaliser un sac d'\u00e9t\u00e9 avec des rubans et des lacets et soyez \u00e9l\u00e9gant cet \u00e9t\u00e9. Facile, beau, unique et tr\u00e8s, tr\u00e8s personnel.","breadcrumb":{"@id":"https:\/\/www.manubens.es\/fr\/comment-personnaliser-un-sac-dete-avec-des-rubans-ou-des-lacets\/#breadcrumb"},"inLanguage":"fr-FR","potentialAction":[{"@type":"ReadAction","target":["https:\/\/www.manubens.es\/fr\/comment-personnaliser-un-sac-dete-avec-des-rubans-ou-des-lacets\/"]}]},{"@type":"ImageObject","inLanguage":"fr-FR","@id":"https:\/\/www.manubens.es\/fr\/comment-personnaliser-un-sac-dete-avec-des-rubans-ou-des-lacets\/#primaryimage","url":"https:\/\/www.manubens.es\/wp-content\/uploads\/2023\/06\/Portada-Blog-Post-Manubens-2.png","contentUrl":"https:\/\/www.manubens.es\/wp-content\/uploads\/2023\/06\/Portada-Blog-Post-Manubens-2.png","width":1090,"height":550},{"@type":"BreadcrumbList","@id":"https:\/\/www.manubens.es\/fr\/comment-personnaliser-un-sac-dete-avec-des-rubans-ou-des-lacets\/#breadcrumb","itemListElement":[{"@type":"ListItem","position":1,"name":"Portada","item":"https:\/\/www.manubens.es\/fr\/"},{"@type":"ListItem","position":2,"name":"Comment personnaliser un sac d&rsquo;\u00e9t\u00e9 avec des rubans ou des lacets"}]},{"@type":"WebSite","@id":"https:\/\/www.manubens.es\/fr\/#website","url":"https:\/\/www.manubens.es\/fr\/","name":"Manubens","description":"Manubens Cintas","potentialAction":[{"@type":"SearchAction","target":{"@type":"EntryPoint","urlTemplate":"https:\/\/www.manubens.es\/fr\/?s={search_term_string}"},"query-input":{"@type":"PropertyValueSpecification","valueRequired":true,"valueName":"search_term_string"}}],"inLanguage":"fr-FR"},{"@type":"Person","@id":"https:\/\/www.manubens.es\/fr\/#\/schema\/person\/cc83950a2556bd2dd10d3b8624863100","name":"Manubens","image":{"@type":"ImageObject","inLanguage":"fr-FR","@id":"https:\/\/secure.gravatar.com\/avatar\/15725cf86f411a4448330e45448e709f65acd91917559f0ff679989b0394976e?s=96&d=mm&r=g","url":"https:\/\/secure.gravatar.com\/avatar\/15725cf86f411a4448330e45448e709f65acd91917559f0ff679989b0394976e?s=96&d=mm&r=g","contentUrl":"https:\/\/secure.gravatar.com\/avatar\/15725cf86f411a4448330e45448e709f65acd91917559f0ff679989b0394976e?s=96&d=mm&r=g","caption":"Manubens"}}]}},"_links":{"self":[{"href":"https:\/\/www.manubens.es\/fr\/wp-json\/wp\/v2\/posts\/16399","targetHints":{"allow":["GET"]}}],"collection":[{"href":"https:\/\/www.manubens.es\/fr\/wp-json\/wp\/v2\/posts"}],"about":[{"href":"https:\/\/www.manubens.es\/fr\/wp-json\/wp\/v2\/types\/post"}],"author":[{"embeddable":true,"href":"https:\/\/www.manubens.es\/fr\/wp-json\/wp\/v2\/users\/3"}],"replies":[{"embeddable":true,"href":"https:\/\/www.manubens.es\/fr\/wp-json\/wp\/v2\/comments?post=16399"}],"version-history":[{"count":0,"href":"https:\/\/www.manubens.es\/fr\/wp-json\/wp\/v2\/posts\/16399\/revisions"}],"wp:featuredmedia":[{"embeddable":true,"href":"https:\/\/www.manubens.es\/fr\/wp-json\/wp\/v2\/media\/12045"}],"wp:attachment":[{"href":"https:\/\/www.manubens.es\/fr\/wp-json\/wp\/v2\/media?parent=16399"}],"wp:term":[{"taxonomy":"category","embeddable":true,"href":"https:\/\/www.manubens.es\/fr\/wp-json\/wp\/v2\/categories?post=16399"},{"taxonomy":"post_tag","embeddable":true,"href":"https:\/\/www.manubens.es\/fr\/wp-json\/wp\/v2\/tags?post=16399"}],"curies":[{"name":"wp","href":"https:\/\/api.w.org\/{rel}","templated":true}]}}