{"id":14689,"date":"2024-05-07T11:54:08","date_gmt":"2024-05-07T09:54:08","guid":{"rendered":"https:\/\/www.manubens.es\/blog\/homemade-christmas-decoration-advent-calendar\/"},"modified":"2024-10-08T12:47:20","modified_gmt":"2024-10-08T10:47:20","slug":"homemade-christmas-decoration-advent-calendar","status":"publish","type":"post","link":"https:\/\/www.manubens.es\/it\/homemade-christmas-decoration-advent-calendar\/","title":{"rendered":"Homemade Christmas Decoration: Advent Calendar"},"content":{"rendered":"<section class=\"l-section wpb_row height_large\"><div class=\"l-section-h i-cf\"><div class=\"g-cols vc_row via_grid cols_1 laptops-cols_inherit tablets-cols_inherit mobiles-cols_1 valign_top type_default stacking_default\"><div class=\"wpb_column vc_column_container\"><div class=\"vc_column-inner\"><div class=\"wpb_text_column\"><div class=\"wpb_wrapper\"><p>Lo spirito del Natale riempie di magia tutto il mese di dicembre: addobbare l&#8217;albero, allestire il presepe e appendere il calendario dell&#8217;Avvento con il conto alla rovescia fino al giorno di Natale. Non c&#8217;\u00e8 niente di pi\u00f9 emozionante per una ragazza o un ragazzo che svegliarsi ogni mattina e scoprire il piccolo regalo della giornata!<br \/>\nQuesto calendario dell&#8217;Avvento \u00e8 molto semplice da realizzare. I bambini possono avere la propria decorazione natalizia fatta a mano.<\/p>\n<p><strong>\u00c8 tutto pronto per realizzare il tuo ornamento in stoffa per questo Natale?<\/strong><br \/>\n<strong>Iniziamo!<\/strong><\/p>\n<\/div><\/div><\/div><\/div><\/div><\/div><\/section><section class=\"l-section wpb_row height_large\"><div class=\"l-section-h i-cf\"><div class=\"g-cols vc_row via_grid cols_1 laptops-cols_inherit tablets-cols_inherit mobiles-cols_1 valign_top type_default stacking_default\"><div class=\"wpb_column vc_column_container\"><div class=\"vc_column-inner\"><div class=\"w-image align_none\"><div class=\"w-image-h\"><img decoding=\"async\" width=\"600\" height=\"430\" src=\"https:\/\/www.manubens.es\/wp-content\/uploads\/2020\/11\/Manubens_Calendari_202010_001-600x430.jpg\" class=\"attachment-large size-large\" alt=\"Materiali per ornamenti natalizi fai-da-te\" loading=\"lazy\" srcset=\"https:\/\/www.manubens.es\/wp-content\/uploads\/2020\/11\/Manubens_Calendari_202010_001-600x430.jpg 600w, https:\/\/www.manubens.es\/wp-content\/uploads\/2020\/11\/Manubens_Calendari_202010_001-300x215.jpg 300w, https:\/\/www.manubens.es\/wp-content\/uploads\/2020\/11\/Manubens_Calendari_202010_001-150x108.jpg 150w, https:\/\/www.manubens.es\/wp-content\/uploads\/2020\/11\/Manubens_Calendari_202010_001-200x143.jpg 200w, https:\/\/www.manubens.es\/wp-content\/uploads\/2020\/11\/Manubens_Calendari_202010_001-115x82.jpg 115w, https:\/\/www.manubens.es\/wp-content\/uploads\/2020\/11\/Manubens_Calendari_202010_001-250x179.jpg 250w\" sizes=\"auto, (max-width: 600px) 100vw, 600px\" \/><\/div><\/div><\/div><\/div><\/div><\/div><\/section><section class=\"l-section wpb_row height_large\"><div class=\"l-section-h i-cf\"><div class=\"g-cols vc_row via_grid cols_1 laptops-cols_inherit tablets-cols_inherit mobiles-cols_1 valign_top type_default stacking_default\"><div class=\"wpb_column vc_column_container\"><div class=\"vc_column-inner\"><div class=\"wpb_text_column\"><div class=\"wpb_wrapper\"><h2>Materiali per questo lavoretto di Natale:<\/h2>\n<ul>\n<li>Tessuto di lino in due colori, naturale e grigio, in contrasto con il rosso.<\/li>\n<li>Filo bianco e rosso<\/li>\n<li>Formicolio<\/li>\n<li>2 campanelli<\/li>\n<li>Due finiture in pizzo<\/li>\n<li>Nastri in <strong>tessuto Manubens<\/strong> con le seguenti referenze:\n<ul>\n<li>Nastro natalizio P.152\/16mm colore 2<\/li>\n<li>Cordone acrilico P.200 colore rosso 45<\/li>\n<li>Nastro vichy P.4600\/16 colore rosso 46<\/li>\n<li>Nastro vichy P.4600\/16 colore grigio 8<\/li>\n<li>Nastro vichy P.4600\/16 colore nero 1<\/li>\n<li>Nastro vichy P.4600\/25 colore nero 1<\/li>\n<li>Cartone ondulato P.5500\/2 colore bianco 2<\/li>\n<li>Cartone ondulato P.5500\/2 colore rosso 45<\/li>\n<li>Cartone ondulato P.5500\/3 colore rosso 45<\/li>\n<li>Piano in taffet\u00e0 P.1410\/10mm colore rosso 145<\/li>\n<li>Piano in taffet\u00e0 P.1410\/16mm colore rosso 145<\/li>\n<li>Piano in taffet\u00e0 P.1410\/38mm colore rosso 145<\/li>\n<li>Cordoncino coda di topo P.750 colore bianco 2<\/li>\n<\/ul>\n<\/li>\n<\/ul>\n<p><strong>Questa \u00e8 stata la nostra proposta ma non \u00e8 obbligatoria. Gioca con la tua creativit\u00e0!<\/strong><\/p>\n<h3><strong>Passo 1:<\/strong><\/h3>\n<\/div><\/div><\/div><\/div><\/div><\/div><\/section><section class=\"l-section wpb_row height_large\"><div class=\"l-section-h i-cf\"><div class=\"g-cols vc_row via_grid cols_1 laptops-cols_inherit tablets-cols_inherit mobiles-cols_1 valign_top type_default stacking_default\"><div class=\"wpb_column vc_column_container\"><div class=\"vc_column-inner\"><div class=\"w-image align_center\"><div class=\"w-image-h\"><img decoding=\"async\" width=\"600\" height=\"430\" src=\"https:\/\/www.manubens.es\/wp-content\/uploads\/2020\/11\/Manubens_Calendari_202010_004-600x430.jpg\" class=\"attachment-large size-large\" alt=\"Passaggio 1: ornamento natalizio fai-da-te\" loading=\"lazy\" srcset=\"https:\/\/www.manubens.es\/wp-content\/uploads\/2020\/11\/Manubens_Calendari_202010_004-600x430.jpg 600w, https:\/\/www.manubens.es\/wp-content\/uploads\/2020\/11\/Manubens_Calendari_202010_004-300x215.jpg 300w, https:\/\/www.manubens.es\/wp-content\/uploads\/2020\/11\/Manubens_Calendari_202010_004-150x108.jpg 150w, https:\/\/www.manubens.es\/wp-content\/uploads\/2020\/11\/Manubens_Calendari_202010_004-200x143.jpg 200w, https:\/\/www.manubens.es\/wp-content\/uploads\/2020\/11\/Manubens_Calendari_202010_004-115x82.jpg 115w, https:\/\/www.manubens.es\/wp-content\/uploads\/2020\/11\/Manubens_Calendari_202010_004-250x179.jpg 250w\" sizes=\"auto, (max-width: 600px) 100vw, 600px\" \/><\/div><\/div><\/div><\/div><\/div><\/div><\/section><section class=\"l-section wpb_row height_large\"><div class=\"l-section-h i-cf\"><div class=\"g-cols vc_row via_grid cols_1 laptops-cols_inherit tablets-cols_inherit mobiles-cols_1 valign_top type_default stacking_default\"><div class=\"wpb_column vc_column_container\"><div class=\"vc_column-inner\"><div class=\"wpb_text_column\"><div class=\"wpb_wrapper\"><p>Taglia un pezzo di lino naturale 60 x 60 cm per la base. Inoltre, taglia 4 strisce di lino grigio di 6 x 60 cm per dargli rigidit\u00e0, e cucile sul retro del tessuto naturale come se fosse una cornice. (Per avere un&#8217;idea, vedere la foto al punto 5 di seguito). Cogli l&#8217;occasione per cucire il nastro che terr\u00e0 fermo il calendario dell&#8217;Avvento fai da te tra una delle strisce della cornice e la parte anteriore. Questa volta abbiamo utilizzato il nastro di organza, ma tu puoi scegliere quello che preferisci.<\/p>\n<\/div><\/div><\/div><\/div><\/div><\/div><\/section><section class=\"l-section wpb_row height_large\"><div class=\"l-section-h i-cf\"><div class=\"g-cols vc_row via_grid cols_1 laptops-cols_inherit tablets-cols_inherit mobiles-cols_1 valign_top type_default stacking_default\"><div class=\"wpb_column vc_column_container\"><div class=\"vc_column-inner\"><div class=\"w-image align_center\"><div class=\"w-image-h\"><img decoding=\"async\" width=\"600\" height=\"380\" src=\"https:\/\/www.manubens.es\/wp-content\/uploads\/2020\/11\/Foto-22-ampliada-gran-600x380.jpg\" class=\"attachment-large size-large\" alt=\"Passo-1-Ornamento-di-Natale-in-dettaglio-fai-da-te-2\" loading=\"lazy\" srcset=\"https:\/\/www.manubens.es\/wp-content\/uploads\/2020\/11\/Foto-22-ampliada-gran-600x380.jpg 600w, https:\/\/www.manubens.es\/wp-content\/uploads\/2020\/11\/Foto-22-ampliada-gran-300x190.jpg 300w, https:\/\/www.manubens.es\/wp-content\/uploads\/2020\/11\/Foto-22-ampliada-gran-150x95.jpg 150w, https:\/\/www.manubens.es\/wp-content\/uploads\/2020\/11\/Foto-22-ampliada-gran-200x127.jpg 200w, https:\/\/www.manubens.es\/wp-content\/uploads\/2020\/11\/Foto-22-ampliada-gran-115x73.jpg 115w, https:\/\/www.manubens.es\/wp-content\/uploads\/2020\/11\/Foto-22-ampliada-gran-250x158.jpg 250w, https:\/\/www.manubens.es\/wp-content\/uploads\/2020\/11\/Foto-22-ampliada-gran.jpg 860w\" sizes=\"auto, (max-width: 600px) 100vw, 600px\" \/><\/div><\/div><\/div><\/div><\/div><\/div><\/section><section class=\"l-section wpb_row height_large\"><div class=\"l-section-h i-cf\"><div class=\"g-cols vc_row via_grid cols_1 laptops-cols_inherit tablets-cols_inherit mobiles-cols_1 valign_top type_default stacking_default\"><div class=\"wpb_column vc_column_container\"><div class=\"vc_column-inner\"><div class=\"wpb_text_column\"><div class=\"wpb_wrapper\"><p>Con i restanti pezzi di stoffa (naturale e grigia), ritaglia dei quadrati o dei rettangoli per le tasche, abbinando i due tessuti a tuo piacimento. Puoi anche realizzare delle tasche con due triangoli combinati, come puoi vedere nelle foto numeri 1 e 2. Distribuisci le tasche sul calendario e aggiusta le misure.<\/p>\n<\/div><\/div><div class=\"w-image align_center\"><div class=\"w-image-h\"><img decoding=\"async\" width=\"1\" height=\"1\" src=\"https:\/\/www.manubens.es\/wp-content\/uploads\/2024\/10\/foto-x-26.jpg\" class=\"attachment-large size-large\" alt=\"\" loading=\"lazy\" \/><\/div><\/div><div class=\"w-separator size_medium\"><\/div><div class=\"wpb_text_column\"><div class=\"wpb_wrapper\"><h3><strong>Passo 2<\/strong>:<\/h3>\n<\/div><\/div><\/div><\/div><\/div><\/div><\/section><section class=\"l-section wpb_row height_large\"><div class=\"l-section-h i-cf\"><div class=\"g-cols vc_row via_grid cols_1 laptops-cols_inherit tablets-cols_inherit mobiles-cols_1 valign_top type_default stacking_default\"><div class=\"wpb_column vc_column_container\"><div class=\"vc_column-inner\"><div class=\"w-image align_center\"><div class=\"w-image-h\"><img decoding=\"async\" width=\"600\" height=\"430\" src=\"https:\/\/www.manubens.es\/wp-content\/uploads\/2020\/11\/Manubens_Calendari_202010_005-600x430.jpg\" class=\"attachment-large size-large\" alt=\"Passaggio 2-Ornamento-Natale-fai-da-te\" loading=\"lazy\" srcset=\"https:\/\/www.manubens.es\/wp-content\/uploads\/2020\/11\/Manubens_Calendari_202010_005-600x430.jpg 600w, https:\/\/www.manubens.es\/wp-content\/uploads\/2020\/11\/Manubens_Calendari_202010_005-300x215.jpg 300w, https:\/\/www.manubens.es\/wp-content\/uploads\/2020\/11\/Manubens_Calendari_202010_005-150x108.jpg 150w, https:\/\/www.manubens.es\/wp-content\/uploads\/2020\/11\/Manubens_Calendari_202010_005-200x143.jpg 200w, https:\/\/www.manubens.es\/wp-content\/uploads\/2020\/11\/Manubens_Calendari_202010_005-115x82.jpg 115w, https:\/\/www.manubens.es\/wp-content\/uploads\/2020\/11\/Manubens_Calendari_202010_005-250x179.jpg 250w\" sizes=\"auto, (max-width: 600px) 100vw, 600px\" \/><\/div><\/div><\/div><\/div><\/div><\/div><\/section><section class=\"l-section wpb_row height_large\"><div class=\"l-section-h i-cf\"><div class=\"g-cols vc_row via_grid cols_1 laptops-cols_inherit tablets-cols_inherit mobiles-cols_1 valign_top type_default stacking_default\"><div class=\"wpb_column vc_column_container\"><div class=\"vc_column-inner\"><div class=\"wpb_text_column\"><div class=\"wpb_wrapper\"><p>Seleziona i nastri che decoreranno la tua creazione natalizia e cucili sulle tasche.<\/p>\n<h3><strong>Passo 3<\/strong>:<\/h3>\n<\/div><\/div><\/div><\/div><\/div><\/div><\/section><section class=\"l-section wpb_row height_large\"><div class=\"l-section-h i-cf\"><div class=\"g-cols vc_row via_grid cols_1 laptops-cols_inherit tablets-cols_inherit mobiles-cols_1 valign_top type_default stacking_default\"><div class=\"wpb_column vc_column_container\"><div class=\"vc_column-inner\"><div class=\"w-image align_center\"><div class=\"w-image-h\"><img decoding=\"async\" width=\"600\" height=\"430\" src=\"https:\/\/www.manubens.es\/wp-content\/uploads\/2020\/11\/Manubens_Calendari_202010_010-600x430.jpg\" class=\"attachment-large size-large\" alt=\"Passaggio 3: ornamento natalizio fai-da-te\" loading=\"lazy\" srcset=\"https:\/\/www.manubens.es\/wp-content\/uploads\/2020\/11\/Manubens_Calendari_202010_010-600x430.jpg 600w, https:\/\/www.manubens.es\/wp-content\/uploads\/2020\/11\/Manubens_Calendari_202010_010-300x215.jpg 300w, https:\/\/www.manubens.es\/wp-content\/uploads\/2020\/11\/Manubens_Calendari_202010_010-150x108.jpg 150w, https:\/\/www.manubens.es\/wp-content\/uploads\/2020\/11\/Manubens_Calendari_202010_010-200x143.jpg 200w, https:\/\/www.manubens.es\/wp-content\/uploads\/2020\/11\/Manubens_Calendari_202010_010-115x82.jpg 115w, https:\/\/www.manubens.es\/wp-content\/uploads\/2020\/11\/Manubens_Calendari_202010_010-250x179.jpg 250w\" sizes=\"auto, (max-width: 600px) 100vw, 600px\" \/><\/div><\/div><\/div><\/div><\/div><\/div><\/section><section class=\"l-section wpb_row height_large\"><div class=\"l-section-h i-cf\"><div class=\"g-cols vc_row via_grid cols_1 laptops-cols_inherit tablets-cols_inherit mobiles-cols_1 valign_top type_default stacking_default\"><div class=\"wpb_column vc_column_container\"><div class=\"vc_column-inner\"><div class=\"wpb_text_column\"><div class=\"wpb_wrapper\"><p>Crea i numeri da 1 a 25 con il cordoncino rosso. Puoi posizionare un filo all&#8217;interno del cordone per modellare i numeri pi\u00f9 facilmente.<\/p>\n<h3><strong>Passo 4<\/strong>:<\/h3>\n<\/div><\/div><\/div><\/div><\/div><\/div><\/section><section class=\"l-section wpb_row height_large\"><div class=\"l-section-h i-cf\"><div class=\"g-cols vc_row via_grid cols_1 laptops-cols_inherit tablets-cols_inherit mobiles-cols_1 valign_top type_default stacking_default\"><div class=\"wpb_column vc_column_container\"><div class=\"vc_column-inner\"><div class=\"w-image align_center\"><div class=\"w-image-h\"><img decoding=\"async\" width=\"600\" height=\"430\" src=\"https:\/\/www.manubens.es\/wp-content\/uploads\/2020\/11\/Manubens_Calendari_202010_011-600x430.jpg\" class=\"attachment-large size-large\" alt=\"Passo 4-Ornamento-Natale-fai-da-te\" loading=\"lazy\" srcset=\"https:\/\/www.manubens.es\/wp-content\/uploads\/2020\/11\/Manubens_Calendari_202010_011-600x430.jpg 600w, https:\/\/www.manubens.es\/wp-content\/uploads\/2020\/11\/Manubens_Calendari_202010_011-300x215.jpg 300w, https:\/\/www.manubens.es\/wp-content\/uploads\/2020\/11\/Manubens_Calendari_202010_011-150x108.jpg 150w, https:\/\/www.manubens.es\/wp-content\/uploads\/2020\/11\/Manubens_Calendari_202010_011-200x143.jpg 200w, https:\/\/www.manubens.es\/wp-content\/uploads\/2020\/11\/Manubens_Calendari_202010_011-115x82.jpg 115w, https:\/\/www.manubens.es\/wp-content\/uploads\/2020\/11\/Manubens_Calendari_202010_011-250x179.jpg 250w\" sizes=\"auto, (max-width: 600px) 100vw, 600px\" \/><\/div><\/div><\/div><\/div><\/div><\/div><\/section><section class=\"l-section wpb_row height_large\"><div class=\"l-section-h i-cf\"><div class=\"g-cols vc_row via_grid cols_1 laptops-cols_inherit tablets-cols_inherit mobiles-cols_1 valign_top type_default stacking_default\"><div class=\"wpb_column vc_column_container\"><div class=\"vc_column-inner\"><div class=\"wpb_text_column\"><div class=\"wpb_wrapper\"><p>Con il filo rosso cuci i numeri sui pezzi di stoffa che costituiranno le tasche. Come stanno andando i bambini passo dopo passo finora? Devono essere impazienti! \u00c8 quasi ora di vedere il nostro calendario dell&#8217;Avvento in tessuto.<\/p>\n<h3><strong>Passo 5:<\/strong><\/h3>\n<\/div><\/div><\/div><\/div><\/div><\/div><\/section><section class=\"l-section wpb_row height_large\"><div class=\"l-section-h i-cf\"><div class=\"g-cols vc_row via_grid cols_1 laptops-cols_inherit tablets-cols_inherit mobiles-cols_1 valign_top type_default stacking_default\"><div class=\"wpb_column vc_column_container\"><div class=\"vc_column-inner\"><div class=\"w-image align_center\"><div class=\"w-image-h\"><img decoding=\"async\" width=\"600\" height=\"430\" src=\"https:\/\/www.manubens.es\/wp-content\/uploads\/2020\/11\/Manubens_Calendari_202010_013-600x430.jpg\" class=\"attachment-large size-large\" alt=\"Passaggio 5-Ornamento-natalizio-fai-da-te\" loading=\"lazy\" srcset=\"https:\/\/www.manubens.es\/wp-content\/uploads\/2020\/11\/Manubens_Calendari_202010_013-600x430.jpg 600w, https:\/\/www.manubens.es\/wp-content\/uploads\/2020\/11\/Manubens_Calendari_202010_013-300x215.jpg 300w, https:\/\/www.manubens.es\/wp-content\/uploads\/2020\/11\/Manubens_Calendari_202010_013-150x108.jpg 150w, https:\/\/www.manubens.es\/wp-content\/uploads\/2020\/11\/Manubens_Calendari_202010_013-200x143.jpg 200w, https:\/\/www.manubens.es\/wp-content\/uploads\/2020\/11\/Manubens_Calendari_202010_013-115x82.jpg 115w, https:\/\/www.manubens.es\/wp-content\/uploads\/2020\/11\/Manubens_Calendari_202010_013-250x179.jpg 250w\" sizes=\"auto, (max-width: 600px) 100vw, 600px\" \/><\/div><\/div><\/div><\/div><\/div><\/div><\/section><section class=\"l-section wpb_row height_large\"><div class=\"l-section-h i-cf\"><div class=\"g-cols vc_row via_grid cols_1 laptops-cols_inherit tablets-cols_inherit mobiles-cols_1 valign_top type_default stacking_default\"><div class=\"wpb_column vc_column_container\"><div class=\"vc_column-inner\"><div class=\"wpb_text_column\"><div class=\"wpb_wrapper\"><p>Distribuisci le 25 tasche sul rettangolo di tessuto. Puoi metterli in ordine o in modo casuale per rendere pi\u00f9 divertente la ricerca del giorno.<\/p>\n<\/div><\/div><\/div><\/div><\/div><\/div><\/section><section class=\"l-section wpb_row height_large\"><div class=\"l-section-h i-cf\"><div class=\"g-cols vc_row via_grid cols_1 laptops-cols_inherit tablets-cols_inherit mobiles-cols_1 valign_top type_default stacking_default\"><div class=\"wpb_column vc_column_container\"><div class=\"vc_column-inner\"><div class=\"w-image align_center\"><div class=\"w-image-h\"><img decoding=\"async\" width=\"600\" height=\"430\" src=\"https:\/\/www.manubens.es\/wp-content\/uploads\/2020\/11\/Manubens_Calendari_202010_018-600x430.jpg\" class=\"attachment-large size-large\" alt=\"Passaggio 5-Ornamento-natalizio-fai-da-te-2\" loading=\"lazy\" srcset=\"https:\/\/www.manubens.es\/wp-content\/uploads\/2020\/11\/Manubens_Calendari_202010_018-600x430.jpg 600w, https:\/\/www.manubens.es\/wp-content\/uploads\/2020\/11\/Manubens_Calendari_202010_018-300x215.jpg 300w, https:\/\/www.manubens.es\/wp-content\/uploads\/2020\/11\/Manubens_Calendari_202010_018-150x108.jpg 150w, https:\/\/www.manubens.es\/wp-content\/uploads\/2020\/11\/Manubens_Calendari_202010_018-200x143.jpg 200w, https:\/\/www.manubens.es\/wp-content\/uploads\/2020\/11\/Manubens_Calendari_202010_018-115x82.jpg 115w, https:\/\/www.manubens.es\/wp-content\/uploads\/2020\/11\/Manubens_Calendari_202010_018-250x179.jpg 250w\" sizes=\"auto, (max-width: 600px) 100vw, 600px\" \/><\/div><\/div><\/div><\/div><\/div><\/div><\/section><section class=\"l-section wpb_row height_large\"><div class=\"l-section-h i-cf\"><div class=\"g-cols vc_row via_grid cols_1 laptops-cols_inherit tablets-cols_inherit mobiles-cols_1 valign_top type_default stacking_default\"><div class=\"wpb_column vc_column_container\"><div class=\"vc_column-inner\"><div class=\"wpb_text_column\"><div class=\"wpb_wrapper\"><p>Fissateli con degli spilli finch\u00e9 non trovate la distribuzione che pi\u00f9 vi piace. Poi cuci le taschine sul tessuto, ricordando di lasciare un lato aperto per i regali!<\/p>\n<h3><strong>Passo 6:<\/strong><\/h3>\n<\/div><\/div><\/div><\/div><\/div><\/div><\/section><section class=\"l-section wpb_row height_large\"><div class=\"l-section-h i-cf\"><div class=\"g-cols vc_row via_grid cols_1 laptops-cols_inherit tablets-cols_inherit mobiles-cols_1 valign_top type_default stacking_default\"><div class=\"wpb_column vc_column_container\"><div class=\"vc_column-inner\"><div class=\"w-image align_center\"><div class=\"w-image-h\"><img decoding=\"async\" width=\"600\" height=\"426\" src=\"https:\/\/www.manubens.es\/wp-content\/uploads\/2020\/11\/Foto-20-ampliada-gran-600x426.jpg\" class=\"attachment-large size-large\" alt=\"Passo 6-Ornamento-Natale-fai-da-te\" loading=\"lazy\" srcset=\"https:\/\/www.manubens.es\/wp-content\/uploads\/2020\/11\/Foto-20-ampliada-gran-600x426.jpg 600w, https:\/\/www.manubens.es\/wp-content\/uploads\/2020\/11\/Foto-20-ampliada-gran-300x213.jpg 300w, https:\/\/www.manubens.es\/wp-content\/uploads\/2020\/11\/Foto-20-ampliada-gran-150x107.jpg 150w, https:\/\/www.manubens.es\/wp-content\/uploads\/2020\/11\/Foto-20-ampliada-gran-200x142.jpg 200w, https:\/\/www.manubens.es\/wp-content\/uploads\/2020\/11\/Foto-20-ampliada-gran-115x82.jpg 115w, https:\/\/www.manubens.es\/wp-content\/uploads\/2020\/11\/Foto-20-ampliada-gran-250x178.jpg 250w, https:\/\/www.manubens.es\/wp-content\/uploads\/2020\/11\/Foto-20-ampliada-gran.jpg 916w\" sizes=\"auto, (max-width: 600px) 100vw, 600px\" \/><\/div><\/div><\/div><\/div><\/div><\/div><\/section><section class=\"l-section wpb_row height_large\"><div class=\"l-section-h i-cf\"><div class=\"g-cols vc_row via_grid cols_1 laptops-cols_inherit tablets-cols_inherit mobiles-cols_1 valign_top type_default stacking_default\"><div class=\"wpb_column vc_column_container\"><div class=\"vc_column-inner\"><div class=\"wpb_text_column\"><div class=\"wpb_wrapper\"><p>Finisci di decorare le tasche con fiocchi di nastro, campanelli tintinnanti o gli ornamenti che preferisci.<\/p>\n<p><strong> Questo lavoretto natalizio pu\u00f2 essere cucito a mano o a macchina. Quello che ti \u00e8 pi\u00f9 comodo!<\/strong><\/p>\n<h3><strong>Passo 7:<\/strong><\/h3>\n<\/div><\/div><\/div><\/div><\/div><\/div><\/section><section class=\"l-section wpb_row height_large\"><div class=\"l-section-h i-cf\"><div class=\"g-cols vc_row via_grid cols_1 laptops-cols_inherit tablets-cols_inherit mobiles-cols_1 valign_top type_default stacking_default\"><div class=\"wpb_column vc_column_container\"><div class=\"vc_column-inner\"><div class=\"w-image align_center\"><div class=\"w-image-h\"><img decoding=\"async\" width=\"600\" height=\"430\" src=\"https:\/\/www.manubens.es\/wp-content\/uploads\/2020\/11\/Manubens_Calendari_202010_022-600x430.jpg\" class=\"attachment-large size-large\" alt=\"Ornamento natalizio fai-da-te fatto a mano\" loading=\"lazy\" srcset=\"https:\/\/www.manubens.es\/wp-content\/uploads\/2020\/11\/Manubens_Calendari_202010_022-600x430.jpg 600w, https:\/\/www.manubens.es\/wp-content\/uploads\/2020\/11\/Manubens_Calendari_202010_022-300x215.jpg 300w, https:\/\/www.manubens.es\/wp-content\/uploads\/2020\/11\/Manubens_Calendari_202010_022-150x108.jpg 150w, https:\/\/www.manubens.es\/wp-content\/uploads\/2020\/11\/Manubens_Calendari_202010_022-200x143.jpg 200w, https:\/\/www.manubens.es\/wp-content\/uploads\/2020\/11\/Manubens_Calendari_202010_022-115x82.jpg 115w, https:\/\/www.manubens.es\/wp-content\/uploads\/2020\/11\/Manubens_Calendari_202010_022-250x179.jpg 250w\" sizes=\"auto, (max-width: 600px) 100vw, 600px\" \/><\/div><\/div><\/div><\/div><\/div><\/div><\/section><section class=\"l-section wpb_row height_large\"><div class=\"l-section-h i-cf\"><div class=\"g-cols vc_row via_grid cols_1 laptops-cols_inherit tablets-cols_inherit mobiles-cols_1 valign_top type_default stacking_default\"><div class=\"wpb_column vc_column_container\"><div class=\"vc_column-inner\"><div class=\"wpb_text_column\"><div class=\"wpb_wrapper\"><p>E, seguendo questi passaggi, hai completato il tuo primo Calendario dell&#8217;Avvento fatto a mano, pronto per essere riempito di dolci, cioccolatini, biscotti di pan di zenzero o piccoli regali. Puoi anche inserire appunti con attivit\u00e0 per tutta la famiglia: leggere una storia di Natale, guardare un film&#8230; Se ti interessano i lavoretti natalizi, dai un&#8217;occhiata alla nostra corona dell&#8217;Avvento realizzata con nastri. <strong>Ricorda che puoi realizzare il tuo calendario anche con altri colori o nastri. Contatta la merceria pi\u00f9 vicina a te e lascia sognare la tua fantasia: che il divertimento abbia inizio!<\/strong><\/p>\n<blockquote class=\"instagram-media\" style=\"background: #FFF; border: 0; border-radius: 3px; box-shadow: 0 0 1px 0 rgba(0,0,0,0.5),0 1px 10px 0 rgba(0,0,0,0.15); margin: 1px; max-width: 540px; min-width: 326px; padding: 0; width: calc(100% - 2px);\" data-instgrm-captioned=\"\" data-instgrm-permalink=\"https:\/\/www.instagram.com\/p\/CHievWrFMPE\/?utm_source=ig_embed&amp;utm_campaign=loading\" data-instgrm-version=\"14\">\n<div style=\"padding: 16px;\">\n<p>&nbsp;<\/p>\n<div style=\"display: flex; flex-direction: row; align-items: center;\">\n<div style=\"background-color: #f4f4f4; border-radius: 50%; flex-grow: 0; height: 40px; margin-right: 14px; width: 40px;\"><\/div>\n<div style=\"display: flex; flex-direction: column; flex-grow: 1; justify-content: center;\">\n<div style=\"background-color: #f4f4f4; border-radius: 4px; flex-grow: 0; height: 14px; margin-bottom: 6px; width: 100px;\"><\/div>\n<div style=\"background-color: #f4f4f4; border-radius: 4px; flex-grow: 0; height: 14px; width: 60px;\"><\/div>\n<\/div>\n<\/div>\n<div style=\"padding: 19% 0;\"><\/div>\n<div style=\"display: block; height: 50px; margin: 0 auto 12px; width: 50px;\"><\/div>\n<div style=\"padding-top: 8px;\">\n<div style=\"color: #3897f0; font-family: Arial,sans-serif; font-size: 14px; font-style: normal; font-weight: 550; line-height: 18px;\">Ver esta publicaci\u00f3n en Instagram<\/div>\n<\/div>\n<div style=\"padding: 12.5% 0;\"><\/div>\n<div style=\"display: flex; flex-direction: row; margin-bottom: 14px; align-items: center;\">\n<div>\n<div style=\"background-color: #f4f4f4; border-radius: 50%; height: 12.5px; width: 12.5px; transform: translateX(0px) translateY(7px);\"><\/div>\n<div style=\"background-color: #f4f4f4; height: 12.5px; transform: rotate(-45deg) translateX(3px) translateY(1px); width: 12.5px; flex-grow: 0; margin-right: 14px; margin-left: 2px;\"><\/div>\n<div style=\"background-color: #f4f4f4; border-radius: 50%; height: 12.5px; width: 12.5px; transform: translateX(9px) translateY(-18px);\"><\/div>\n<\/div>\n<div style=\"margin-left: 8px;\">\n<div style=\"background-color: #f4f4f4; border-radius: 50%; flex-grow: 0; height: 20px; width: 20px;\"><\/div>\n<div style=\"width: 0; height: 0; border-top: 2px solid transparent; border-left: 6px solid #f4f4f4; border-bottom: 2px solid transparent; transform: translateX(16px) translateY(-4px) rotate(30deg);\"><\/div>\n<\/div>\n<div style=\"margin-left: auto;\">\n<div style=\"width: 0px; border-top: 8px solid #F4F4F4; border-right: 8px solid transparent; transform: translateY(16px);\"><\/div>\n<div style=\"background-color: #f4f4f4; flex-grow: 0; height: 12px; width: 16px; transform: translateY(-4px);\"><\/div>\n<div style=\"width: 0; height: 0; border-top: 8px solid #F4F4F4; border-left: 8px solid transparent; transform: translateY(-4px) translateX(8px);\"><\/div>\n<\/div>\n<\/div>\n<div style=\"display: flex; flex-direction: column; flex-grow: 1; justify-content: center; margin-bottom: 24px;\">\n<div style=\"background-color: #f4f4f4; border-radius: 4px; flex-grow: 0; height: 14px; margin-bottom: 6px; width: 224px;\"><\/div>\n<div style=\"background-color: #f4f4f4; border-radius: 4px; flex-grow: 0; height: 14px; width: 144px;\"><\/div>\n<\/div>\n<p>&nbsp;<\/p>\n<p style=\"color: #c9c8cd; font-family: Arial,sans-serif; font-size: 14px; line-height: 17px; margin-bottom: 0; margin-top: 8px; overflow: hidden; padding: 8px 0 7px; text-align: center; text-overflow: ellipsis; white-space: nowrap;\"><a style=\"color: #c9c8cd; font-family: Arial,sans-serif; font-size: 14px; font-style: normal; font-weight: normal; line-height: 17px; text-decoration: none;\" href=\"https:\/\/www.instagram.com\/p\/CHievWrFMPE\/?utm_source=ig_embed&amp;utm_campaign=loading\" target=\"_blank\" rel=\"noopener\">Una publicaci\u00f3n compartida de Manubens (@manubens.cintas)<\/a><\/p>\n<\/div>\n<\/blockquote>\n<p><script async src=\"\/\/www.instagram.com\/embed.js\"><\/script><\/p>\n<\/div><\/div><\/div><\/div><\/div><\/div><\/section><section class=\"l-section wpb_row height_large\"><div class=\"l-section-h i-cf\"><div class=\"g-cols vc_row via_grid cols_1 laptops-cols_inherit tablets-cols_inherit mobiles-cols_1 valign_top type_default stacking_default\"><div class=\"wpb_column vc_column_container\"><div class=\"vc_column-inner\"><div class=\"w-image align_center\"><div class=\"w-image-h\"><img decoding=\"async\" width=\"1\" height=\"1\" src=\"https:\/\/www.manubens.es\/wp-content\/uploads\/2024\/10\/foto-x-4.jpg\" class=\"attachment-large size-large\" alt=\"\" loading=\"lazy\" \/><\/div><\/div><\/div><\/div><\/div><\/div><\/section>\n","protected":false},"excerpt":{"rendered":"Lo spirito del Natale riempie di magia tutto il mese di dicembre: addobbare l&#8217;albero, allestire il presepe e appendere il calendario dell&#8217;Avvento con il conto alla rovescia fino al giorno di Natale. Non c&#8217;\u00e8 niente di pi\u00f9 emozionante per una ragazza o un ragazzo che svegliarsi ogni mattina e scoprire il piccolo regalo della giornata!...","protected":false},"author":3,"featured_media":10781,"comment_status":"open","ping_status":"open","sticky":false,"template":"","format":"standard","meta":{"footnotes":""},"categories":[65],"tags":[],"class_list":["post-14689","post","type-post","status-publish","format-standard","has-post-thumbnail","hentry","category-ideas-manubens-it"],"yoast_head":"<!-- This site is optimized with the Yoast SEO plugin v27.5 - https:\/\/yoast.com\/product\/yoast-seo-wordpress\/ -->\n<title>Homemade Christmas Decoration: Advent Calendar - Manubens<\/title>\n<meta name=\"description\" content=\"Lavoretto natalizio facile da fare con i bambini. Semplice tutorial con tutto il materiale necessario per creare questo fai da te passo dopo passo.\" \/>\n<meta name=\"robots\" content=\"index, follow, max-snippet:-1, max-image-preview:large, max-video-preview:-1\" \/>\n<link rel=\"canonical\" href=\"https:\/\/www.manubens.es\/it\/homemade-christmas-decoration-advent-calendar\/\" \/>\n<meta property=\"og:locale\" content=\"it_IT\" \/>\n<meta property=\"og:type\" content=\"article\" \/>\n<meta property=\"og:title\" content=\"Homemade Christmas Decoration: Advent Calendar - Manubens\" \/>\n<meta property=\"og:description\" content=\"Lavoretto natalizio facile da fare con i bambini. Semplice tutorial con tutto il materiale necessario per creare questo fai da te passo dopo passo.\" \/>\n<meta property=\"og:url\" content=\"https:\/\/www.manubens.es\/it\/homemade-christmas-decoration-advent-calendar\/\" \/>\n<meta property=\"og:site_name\" content=\"Manubens\" \/>\n<meta property=\"article:published_time\" content=\"2024-05-07T09:54:08+00:00\" \/>\n<meta property=\"article:modified_time\" content=\"2024-10-08T10:47:20+00:00\" \/>\n<meta property=\"og:image\" content=\"https:\/\/www.manubens.es\/wp-content\/uploads\/2020\/11\/1200472354557222.R8IsOrVPFfqMBrl71Hng_height640.png\" \/>\n\t<meta property=\"og:image:width\" content=\"640\" \/>\n\t<meta property=\"og:image:height\" content=\"323\" \/>\n\t<meta property=\"og:image:type\" content=\"image\/png\" \/>\n<meta name=\"author\" content=\"Manubens\" \/>\n<meta name=\"twitter:card\" content=\"summary_large_image\" \/>\n<meta name=\"twitter:label1\" content=\"Scritto da\" \/>\n\t<meta name=\"twitter:data1\" content=\"Manubens\" \/>\n\t<meta name=\"twitter:label2\" content=\"Tempo di lettura stimato\" \/>\n\t<meta name=\"twitter:data2\" content=\"5 minuti\" \/>\n<script type=\"application\/ld+json\" class=\"yoast-schema-graph\">{\"@context\":\"https:\\\/\\\/schema.org\",\"@graph\":[{\"@type\":\"Article\",\"@id\":\"https:\\\/\\\/www.manubens.es\\\/it\\\/homemade-christmas-decoration-advent-calendar\\\/#article\",\"isPartOf\":{\"@id\":\"https:\\\/\\\/www.manubens.es\\\/it\\\/homemade-christmas-decoration-advent-calendar\\\/\"},\"author\":{\"name\":\"Manubens\",\"@id\":\"https:\\\/\\\/www.manubens.es\\\/it\\\/#\\\/schema\\\/person\\\/cc83950a2556bd2dd10d3b8624863100\"},\"headline\":\"Homemade Christmas Decoration: Advent Calendar\",\"datePublished\":\"2024-05-07T09:54:08+00:00\",\"dateModified\":\"2024-10-08T10:47:20+00:00\",\"mainEntityOfPage\":{\"@id\":\"https:\\\/\\\/www.manubens.es\\\/it\\\/homemade-christmas-decoration-advent-calendar\\\/\"},\"wordCount\":988,\"commentCount\":0,\"image\":{\"@id\":\"https:\\\/\\\/www.manubens.es\\\/it\\\/homemade-christmas-decoration-advent-calendar\\\/#primaryimage\"},\"thumbnailUrl\":\"https:\\\/\\\/www.manubens.es\\\/wp-content\\\/uploads\\\/2020\\\/11\\\/1200472354557222.R8IsOrVPFfqMBrl71Hng_height640.png\",\"articleSection\":[\"Ideas Manubens\"],\"inLanguage\":\"it-IT\",\"potentialAction\":[{\"@type\":\"CommentAction\",\"name\":\"Comment\",\"target\":[\"https:\\\/\\\/www.manubens.es\\\/it\\\/homemade-christmas-decoration-advent-calendar\\\/#respond\"]}]},{\"@type\":\"WebPage\",\"@id\":\"https:\\\/\\\/www.manubens.es\\\/it\\\/homemade-christmas-decoration-advent-calendar\\\/\",\"url\":\"https:\\\/\\\/www.manubens.es\\\/it\\\/homemade-christmas-decoration-advent-calendar\\\/\",\"name\":\"Homemade Christmas Decoration: Advent Calendar - Manubens\",\"isPartOf\":{\"@id\":\"https:\\\/\\\/www.manubens.es\\\/it\\\/#website\"},\"primaryImageOfPage\":{\"@id\":\"https:\\\/\\\/www.manubens.es\\\/it\\\/homemade-christmas-decoration-advent-calendar\\\/#primaryimage\"},\"image\":{\"@id\":\"https:\\\/\\\/www.manubens.es\\\/it\\\/homemade-christmas-decoration-advent-calendar\\\/#primaryimage\"},\"thumbnailUrl\":\"https:\\\/\\\/www.manubens.es\\\/wp-content\\\/uploads\\\/2020\\\/11\\\/1200472354557222.R8IsOrVPFfqMBrl71Hng_height640.png\",\"datePublished\":\"2024-05-07T09:54:08+00:00\",\"dateModified\":\"2024-10-08T10:47:20+00:00\",\"author\":{\"@id\":\"https:\\\/\\\/www.manubens.es\\\/it\\\/#\\\/schema\\\/person\\\/cc83950a2556bd2dd10d3b8624863100\"},\"description\":\"Lavoretto natalizio facile da fare con i bambini. Semplice tutorial con tutto il materiale necessario per creare questo fai da te passo dopo passo.\",\"breadcrumb\":{\"@id\":\"https:\\\/\\\/www.manubens.es\\\/it\\\/homemade-christmas-decoration-advent-calendar\\\/#breadcrumb\"},\"inLanguage\":\"it-IT\",\"potentialAction\":[{\"@type\":\"ReadAction\",\"target\":[\"https:\\\/\\\/www.manubens.es\\\/it\\\/homemade-christmas-decoration-advent-calendar\\\/\"]}]},{\"@type\":\"ImageObject\",\"inLanguage\":\"it-IT\",\"@id\":\"https:\\\/\\\/www.manubens.es\\\/it\\\/homemade-christmas-decoration-advent-calendar\\\/#primaryimage\",\"url\":\"https:\\\/\\\/www.manubens.es\\\/wp-content\\\/uploads\\\/2020\\\/11\\\/1200472354557222.R8IsOrVPFfqMBrl71Hng_height640.png\",\"contentUrl\":\"https:\\\/\\\/www.manubens.es\\\/wp-content\\\/uploads\\\/2020\\\/11\\\/1200472354557222.R8IsOrVPFfqMBrl71Hng_height640.png\",\"width\":640,\"height\":323,\"caption\":\"calendario dell'avvento con nastri illustrazione divertente\"},{\"@type\":\"BreadcrumbList\",\"@id\":\"https:\\\/\\\/www.manubens.es\\\/it\\\/homemade-christmas-decoration-advent-calendar\\\/#breadcrumb\",\"itemListElement\":[{\"@type\":\"ListItem\",\"position\":1,\"name\":\"Portada\",\"item\":\"https:\\\/\\\/www.manubens.es\\\/it\\\/\"},{\"@type\":\"ListItem\",\"position\":2,\"name\":\"Homemade Christmas Decoration: Advent Calendar\"}]},{\"@type\":\"WebSite\",\"@id\":\"https:\\\/\\\/www.manubens.es\\\/it\\\/#website\",\"url\":\"https:\\\/\\\/www.manubens.es\\\/it\\\/\",\"name\":\"Manubens\",\"description\":\"Manubens Cintas\",\"potentialAction\":[{\"@type\":\"SearchAction\",\"target\":{\"@type\":\"EntryPoint\",\"urlTemplate\":\"https:\\\/\\\/www.manubens.es\\\/it\\\/?s={search_term_string}\"},\"query-input\":{\"@type\":\"PropertyValueSpecification\",\"valueRequired\":true,\"valueName\":\"search_term_string\"}}],\"inLanguage\":\"it-IT\"},{\"@type\":\"Person\",\"@id\":\"https:\\\/\\\/www.manubens.es\\\/it\\\/#\\\/schema\\\/person\\\/cc83950a2556bd2dd10d3b8624863100\",\"name\":\"Manubens\",\"image\":{\"@type\":\"ImageObject\",\"inLanguage\":\"it-IT\",\"@id\":\"https:\\\/\\\/secure.gravatar.com\\\/avatar\\\/15725cf86f411a4448330e45448e709f65acd91917559f0ff679989b0394976e?s=96&d=mm&r=g\",\"url\":\"https:\\\/\\\/secure.gravatar.com\\\/avatar\\\/15725cf86f411a4448330e45448e709f65acd91917559f0ff679989b0394976e?s=96&d=mm&r=g\",\"contentUrl\":\"https:\\\/\\\/secure.gravatar.com\\\/avatar\\\/15725cf86f411a4448330e45448e709f65acd91917559f0ff679989b0394976e?s=96&d=mm&r=g\",\"caption\":\"Manubens\"}}]}<\/script>\n<!-- \/ Yoast SEO plugin. -->","yoast_head_json":{"title":"Homemade Christmas Decoration: Advent Calendar - Manubens","description":"Lavoretto natalizio facile da fare con i bambini. Semplice tutorial con tutto il materiale necessario per creare questo fai da te passo dopo passo.","robots":{"index":"index","follow":"follow","max-snippet":"max-snippet:-1","max-image-preview":"max-image-preview:large","max-video-preview":"max-video-preview:-1"},"canonical":"https:\/\/www.manubens.es\/it\/homemade-christmas-decoration-advent-calendar\/","og_locale":"it_IT","og_type":"article","og_title":"Homemade Christmas Decoration: Advent Calendar - Manubens","og_description":"Lavoretto natalizio facile da fare con i bambini. Semplice tutorial con tutto il materiale necessario per creare questo fai da te passo dopo passo.","og_url":"https:\/\/www.manubens.es\/it\/homemade-christmas-decoration-advent-calendar\/","og_site_name":"Manubens","article_published_time":"2024-05-07T09:54:08+00:00","article_modified_time":"2024-10-08T10:47:20+00:00","og_image":[{"width":640,"height":323,"url":"https:\/\/www.manubens.es\/wp-content\/uploads\/2020\/11\/1200472354557222.R8IsOrVPFfqMBrl71Hng_height640.png","type":"image\/png"}],"author":"Manubens","twitter_card":"summary_large_image","twitter_misc":{"Scritto da":"Manubens","Tempo di lettura stimato":"5 minuti"},"schema":{"@context":"https:\/\/schema.org","@graph":[{"@type":"Article","@id":"https:\/\/www.manubens.es\/it\/homemade-christmas-decoration-advent-calendar\/#article","isPartOf":{"@id":"https:\/\/www.manubens.es\/it\/homemade-christmas-decoration-advent-calendar\/"},"author":{"name":"Manubens","@id":"https:\/\/www.manubens.es\/it\/#\/schema\/person\/cc83950a2556bd2dd10d3b8624863100"},"headline":"Homemade Christmas Decoration: Advent Calendar","datePublished":"2024-05-07T09:54:08+00:00","dateModified":"2024-10-08T10:47:20+00:00","mainEntityOfPage":{"@id":"https:\/\/www.manubens.es\/it\/homemade-christmas-decoration-advent-calendar\/"},"wordCount":988,"commentCount":0,"image":{"@id":"https:\/\/www.manubens.es\/it\/homemade-christmas-decoration-advent-calendar\/#primaryimage"},"thumbnailUrl":"https:\/\/www.manubens.es\/wp-content\/uploads\/2020\/11\/1200472354557222.R8IsOrVPFfqMBrl71Hng_height640.png","articleSection":["Ideas Manubens"],"inLanguage":"it-IT","potentialAction":[{"@type":"CommentAction","name":"Comment","target":["https:\/\/www.manubens.es\/it\/homemade-christmas-decoration-advent-calendar\/#respond"]}]},{"@type":"WebPage","@id":"https:\/\/www.manubens.es\/it\/homemade-christmas-decoration-advent-calendar\/","url":"https:\/\/www.manubens.es\/it\/homemade-christmas-decoration-advent-calendar\/","name":"Homemade Christmas Decoration: Advent Calendar - Manubens","isPartOf":{"@id":"https:\/\/www.manubens.es\/it\/#website"},"primaryImageOfPage":{"@id":"https:\/\/www.manubens.es\/it\/homemade-christmas-decoration-advent-calendar\/#primaryimage"},"image":{"@id":"https:\/\/www.manubens.es\/it\/homemade-christmas-decoration-advent-calendar\/#primaryimage"},"thumbnailUrl":"https:\/\/www.manubens.es\/wp-content\/uploads\/2020\/11\/1200472354557222.R8IsOrVPFfqMBrl71Hng_height640.png","datePublished":"2024-05-07T09:54:08+00:00","dateModified":"2024-10-08T10:47:20+00:00","author":{"@id":"https:\/\/www.manubens.es\/it\/#\/schema\/person\/cc83950a2556bd2dd10d3b8624863100"},"description":"Lavoretto natalizio facile da fare con i bambini. Semplice tutorial con tutto il materiale necessario per creare questo fai da te passo dopo passo.","breadcrumb":{"@id":"https:\/\/www.manubens.es\/it\/homemade-christmas-decoration-advent-calendar\/#breadcrumb"},"inLanguage":"it-IT","potentialAction":[{"@type":"ReadAction","target":["https:\/\/www.manubens.es\/it\/homemade-christmas-decoration-advent-calendar\/"]}]},{"@type":"ImageObject","inLanguage":"it-IT","@id":"https:\/\/www.manubens.es\/it\/homemade-christmas-decoration-advent-calendar\/#primaryimage","url":"https:\/\/www.manubens.es\/wp-content\/uploads\/2020\/11\/1200472354557222.R8IsOrVPFfqMBrl71Hng_height640.png","contentUrl":"https:\/\/www.manubens.es\/wp-content\/uploads\/2020\/11\/1200472354557222.R8IsOrVPFfqMBrl71Hng_height640.png","width":640,"height":323,"caption":"calendario dell'avvento con nastri illustrazione divertente"},{"@type":"BreadcrumbList","@id":"https:\/\/www.manubens.es\/it\/homemade-christmas-decoration-advent-calendar\/#breadcrumb","itemListElement":[{"@type":"ListItem","position":1,"name":"Portada","item":"https:\/\/www.manubens.es\/it\/"},{"@type":"ListItem","position":2,"name":"Homemade Christmas Decoration: Advent Calendar"}]},{"@type":"WebSite","@id":"https:\/\/www.manubens.es\/it\/#website","url":"https:\/\/www.manubens.es\/it\/","name":"Manubens","description":"Manubens Cintas","potentialAction":[{"@type":"SearchAction","target":{"@type":"EntryPoint","urlTemplate":"https:\/\/www.manubens.es\/it\/?s={search_term_string}"},"query-input":{"@type":"PropertyValueSpecification","valueRequired":true,"valueName":"search_term_string"}}],"inLanguage":"it-IT"},{"@type":"Person","@id":"https:\/\/www.manubens.es\/it\/#\/schema\/person\/cc83950a2556bd2dd10d3b8624863100","name":"Manubens","image":{"@type":"ImageObject","inLanguage":"it-IT","@id":"https:\/\/secure.gravatar.com\/avatar\/15725cf86f411a4448330e45448e709f65acd91917559f0ff679989b0394976e?s=96&d=mm&r=g","url":"https:\/\/secure.gravatar.com\/avatar\/15725cf86f411a4448330e45448e709f65acd91917559f0ff679989b0394976e?s=96&d=mm&r=g","contentUrl":"https:\/\/secure.gravatar.com\/avatar\/15725cf86f411a4448330e45448e709f65acd91917559f0ff679989b0394976e?s=96&d=mm&r=g","caption":"Manubens"}}]}},"_links":{"self":[{"href":"https:\/\/www.manubens.es\/it\/wp-json\/wp\/v2\/posts\/14689","targetHints":{"allow":["GET"]}}],"collection":[{"href":"https:\/\/www.manubens.es\/it\/wp-json\/wp\/v2\/posts"}],"about":[{"href":"https:\/\/www.manubens.es\/it\/wp-json\/wp\/v2\/types\/post"}],"author":[{"embeddable":true,"href":"https:\/\/www.manubens.es\/it\/wp-json\/wp\/v2\/users\/3"}],"replies":[{"embeddable":true,"href":"https:\/\/www.manubens.es\/it\/wp-json\/wp\/v2\/comments?post=14689"}],"version-history":[{"count":0,"href":"https:\/\/www.manubens.es\/it\/wp-json\/wp\/v2\/posts\/14689\/revisions"}],"wp:featuredmedia":[{"embeddable":true,"href":"https:\/\/www.manubens.es\/it\/wp-json\/wp\/v2\/media\/10781"}],"wp:attachment":[{"href":"https:\/\/www.manubens.es\/it\/wp-json\/wp\/v2\/media?parent=14689"}],"wp:term":[{"taxonomy":"category","embeddable":true,"href":"https:\/\/www.manubens.es\/it\/wp-json\/wp\/v2\/categories?post=14689"},{"taxonomy":"post_tag","embeddable":true,"href":"https:\/\/www.manubens.es\/it\/wp-json\/wp\/v2\/tags?post=14689"}],"curies":[{"name":"wp","href":"https:\/\/api.w.org\/{rel}","templated":true}]}}