{"id":16506,"date":"2024-09-19T09:43:07","date_gmt":"2024-09-19T07:43:07","guid":{"rendered":"https:\/\/www.manubens.es\/blog\/decorazione-fai-da-te-per-bambini-nome-realizzato-con-il-cordino\/"},"modified":"2024-11-27T10:47:01","modified_gmt":"2024-11-27T09:47:01","slug":"decorazione-fai-da-te-per-bambini-nome-realizzato-con-il-cordino","status":"publish","type":"post","link":"https:\/\/www.manubens.es\/it\/decorazione-fai-da-te-per-bambini-nome-realizzato-con-il-cordino\/","title":{"rendered":"Decorazione fai-da-te per bambini: nome realizzato con il cordino"},"content":{"rendered":"<p>.<section class=\"l-section wpb_row height_large\"><div class=\"l-section-h i-cf\"><div class=\"g-cols vc_row via_grid cols_1 laptops-cols_inherit tablets-cols_inherit mobiles-cols_1 valign_top type_default stacking_default\"><div class=\"wpb_column vc_column_container\"><div class=\"vc_column-inner\"><div class=\"w-image align_center\"><div class=\"w-image-h\"><img decoding=\"async\" width=\"598\" height=\"600\" src=\"https:\/\/www.manubens.es\/wp-content\/uploads\/2021\/06\/10_06_nom_cord\u00f3-copia-598x600.jpg\" class=\"attachment-large size-large\" alt=\"\" loading=\"lazy\" srcset=\"https:\/\/www.manubens.es\/wp-content\/uploads\/2021\/06\/10_06_nom_cord\u00f3-copia-598x600.jpg 598w, https:\/\/www.manubens.es\/wp-content\/uploads\/2021\/06\/10_06_nom_cord\u00f3-copia-300x300.jpg 300w, https:\/\/www.manubens.es\/wp-content\/uploads\/2021\/06\/10_06_nom_cord\u00f3-copia-150x150.jpg 150w, https:\/\/www.manubens.es\/wp-content\/uploads\/2021\/06\/10_06_nom_cord\u00f3-copia-350x350.jpg 350w, https:\/\/www.manubens.es\/wp-content\/uploads\/2021\/06\/10_06_nom_cord\u00f3-copia-200x200.jpg 200w, https:\/\/www.manubens.es\/wp-content\/uploads\/2021\/06\/10_06_nom_cord\u00f3-copia-115x115.jpg 115w, https:\/\/www.manubens.es\/wp-content\/uploads\/2021\/06\/10_06_nom_cord\u00f3-copia-250x250.jpg 250w, https:\/\/www.manubens.es\/wp-content\/uploads\/2021\/06\/10_06_nom_cord\u00f3-copia.jpg 2034w\" sizes=\"auto, (max-width: 598px) 100vw, 598px\" \/><\/div><\/div><div class=\"w-separator size_medium\"><\/div><div class=\"wpb_text_column\"><div class=\"wpb_wrapper\"><h1><strong>Come realizzare il nome con il cordino passo dopo passo<\/strong><\/h1>\n<p><span style=\"font-weight: 400;\">Nessuna mamma o pap\u00e0 pu\u00f2 resistere a decorare la camera del futuro beb\u00e8 con dettagli personalizzati. Non importa se \u00e8 il primo figlio o il quarto. Ci piace che la stanza che abbiamo dedicato al nuovo membro della famiglia abbia qualcosa di speciale, un dettaglio che simbolizzi l&#8217;immensa gioia di accoglierlo.<\/span><\/p>\n<p><span style=\"font-weight: 400;\">Il nome realizzato con il cordino \u00e8 questo dettaglio speciale che personalizzer\u00e0 il suo spazio. \u00c8 bellissimo sulla porta dell&#8217;armadio, sul muro o sulla porta della camera. &#8220;Ma non \u00e8 necessario aspettare un beb\u00e8 per fare questo lavoretto!&#8221; ci direte. E avete ragione.<\/span><\/p>\n<p><span style=\"font-weight: 400;\">Funziona anche benissimo in qualsiasi camera per bambini sopra il letto di ogni fratello o nel loro angolo preferito.<\/span><\/p>\n<p><span style=\"font-weight: 400;\">Sono cos\u00ec facili da fare che possono essere un&#8217;attivit\u00e0 fantastica per un laboratorio di manualit\u00e0 per principianti. Inoltre, hai bisogno di pochissimi materiali.<\/span><\/p>\n<p><span style=\"font-weight: 400;\">Vuoi sapere come si fa questo fai-da-te con i nomi in corda?<\/span><\/p>\n<\/div><\/div><div class=\"w-image align_center\"><div class=\"w-image-h\"><img decoding=\"async\" width=\"600\" height=\"600\" src=\"https:\/\/www.manubens.es\/wp-content\/uploads\/2021\/06\/Manubens_Maig_0261-600x600.jpg\" class=\"attachment-large size-large\" alt=\"\" loading=\"lazy\" srcset=\"https:\/\/www.manubens.es\/wp-content\/uploads\/2021\/06\/Manubens_Maig_0261-600x600.jpg 600w, https:\/\/www.manubens.es\/wp-content\/uploads\/2021\/06\/Manubens_Maig_0261-300x300.jpg 300w, https:\/\/www.manubens.es\/wp-content\/uploads\/2021\/06\/Manubens_Maig_0261-150x150.jpg 150w, https:\/\/www.manubens.es\/wp-content\/uploads\/2021\/06\/Manubens_Maig_0261-350x350.jpg 350w, https:\/\/www.manubens.es\/wp-content\/uploads\/2021\/06\/Manubens_Maig_0261-200x200.jpg 200w, https:\/\/www.manubens.es\/wp-content\/uploads\/2021\/06\/Manubens_Maig_0261-115x115.jpg 115w, https:\/\/www.manubens.es\/wp-content\/uploads\/2021\/06\/Manubens_Maig_0261-250x250.jpg 250w\" sizes=\"auto, (max-width: 600px) 100vw, 600px\" \/><\/div><\/div><div class=\"w-separator size_medium\"><\/div><div class=\"wpb_text_column\"><div class=\"wpb_wrapper\"><h2><strong>Materiali per realizzare il nome con il cordino<\/strong><\/h2>\n<\/div><\/div><div class=\"wpb_text_column\"><div class=\"wpb_wrapper\"><ul>\n<li><strong>Corda Manubens P200:<\/strong> larghezza 4 mm.<\/li>\n<li><strong>Filo molto sottile<\/strong><\/li>\n<li><strong>Carta e matita o stampante<\/strong><\/li>\n<li><strong>Forbici.<\/strong><\/li>\n<\/ul>\n<\/div><\/div><div class=\"w-separator size_medium\"><\/div><div class=\"w-image align_center\"><div class=\"w-image-h\"><img decoding=\"async\" width=\"1\" height=\"1\" src=\"https:\/\/www.manubens.es\/wp-content\/uploads\/2024\/10\/foto-x-16.jpg\" class=\"attachment-large size-large\" alt=\"\" loading=\"lazy\" \/><\/div><\/div><div class=\"w-separator size_medium\"><\/div><div class=\"wpb_text_column\"><div class=\"wpb_wrapper\"><h3><strong>Passo 1. Disegnare il modello<\/strong><\/h3>\n<\/div><\/div><div class=\"w-image align_center\"><div class=\"w-image-h\"><img decoding=\"async\" width=\"600\" height=\"600\" src=\"https:\/\/www.manubens.es\/wp-content\/uploads\/2021\/06\/Manubens_Maig_0517-600x600.jpg\" class=\"attachment-large size-large\" alt=\"\" loading=\"lazy\" srcset=\"https:\/\/www.manubens.es\/wp-content\/uploads\/2021\/06\/Manubens_Maig_0517-600x600.jpg 600w, https:\/\/www.manubens.es\/wp-content\/uploads\/2021\/06\/Manubens_Maig_0517-300x300.jpg 300w, https:\/\/www.manubens.es\/wp-content\/uploads\/2021\/06\/Manubens_Maig_0517-150x150.jpg 150w, https:\/\/www.manubens.es\/wp-content\/uploads\/2021\/06\/Manubens_Maig_0517-350x350.jpg 350w, https:\/\/www.manubens.es\/wp-content\/uploads\/2021\/06\/Manubens_Maig_0517-200x200.jpg 200w, https:\/\/www.manubens.es\/wp-content\/uploads\/2021\/06\/Manubens_Maig_0517-115x115.jpg 115w, https:\/\/www.manubens.es\/wp-content\/uploads\/2021\/06\/Manubens_Maig_0517-250x250.jpg 250w\" sizes=\"auto, (max-width: 600px) 100vw, 600px\" \/><\/div><\/div><div class=\"w-separator size_medium\"><\/div><div class=\"wpb_text_column\"><div class=\"wpb_wrapper\"><p><span style=\"font-weight: 400;\">Il primo passo sar\u00e0 scrivere il nome su un foglio di carta. Questo foglio sar\u00e0 il modello per il lavoretto, quindi faremo in modo che sia delle dimensioni definitive.<\/span><\/p>\n<p><span style=\"font-weight: 400;\">Se non si \u00e8 abituati a scrivere in corsivo, \u00e8 possibile stampare il nome dal computer. In questo modo, abbiamo l&#8217;opzione di scegliere il carattere corsivo che ci piace di pi\u00f9.<\/span><\/p>\n<\/div><\/div><div class=\"w-image align_center\"><div class=\"w-image-h\"><img decoding=\"async\" width=\"600\" height=\"551\" src=\"https:\/\/www.manubens.es\/wp-content\/uploads\/2021\/06\/Manubens_Maig_0518-copia-600x551.jpg\" class=\"attachment-large size-large\" alt=\"\" loading=\"lazy\" srcset=\"https:\/\/www.manubens.es\/wp-content\/uploads\/2021\/06\/Manubens_Maig_0518-copia-600x551.jpg 600w, https:\/\/www.manubens.es\/wp-content\/uploads\/2021\/06\/Manubens_Maig_0518-copia-300x275.jpg 300w, https:\/\/www.manubens.es\/wp-content\/uploads\/2021\/06\/Manubens_Maig_0518-copia-150x138.jpg 150w, https:\/\/www.manubens.es\/wp-content\/uploads\/2021\/06\/Manubens_Maig_0518-copia-200x184.jpg 200w, https:\/\/www.manubens.es\/wp-content\/uploads\/2021\/06\/Manubens_Maig_0518-copia-115x106.jpg 115w, https:\/\/www.manubens.es\/wp-content\/uploads\/2021\/06\/Manubens_Maig_0518-copia-250x230.jpg 250w\" sizes=\"auto, (max-width: 600px) 100vw, 600px\" \/><\/div><\/div><div class=\"w-separator size_medium\"><\/div><div class=\"wpb_text_column\"><div class=\"wpb_wrapper\"><h3><strong>Passo 2. Tagliare la corda di cui avremo bisogno<\/strong><\/h3>\n<p><span style=\"font-weight: 400;\">Per non sbagliare con la misura, disegniamo il contorno del nome con la corda.<\/span><\/p>\n<\/div><\/div><div class=\"w-image align_center\"><div class=\"w-image-h\"><img decoding=\"async\" width=\"600\" height=\"596\" src=\"https:\/\/www.manubens.es\/wp-content\/uploads\/2021\/06\/Manubens_Maig_0520-copia-600x596.jpg\" class=\"attachment-large size-large\" alt=\"\" loading=\"lazy\" srcset=\"https:\/\/www.manubens.es\/wp-content\/uploads\/2021\/06\/Manubens_Maig_0520-copia-600x596.jpg 600w, https:\/\/www.manubens.es\/wp-content\/uploads\/2021\/06\/Manubens_Maig_0520-copia-300x298.jpg 300w, https:\/\/www.manubens.es\/wp-content\/uploads\/2021\/06\/Manubens_Maig_0520-copia-150x150.jpg 150w, https:\/\/www.manubens.es\/wp-content\/uploads\/2021\/06\/Manubens_Maig_0520-copia-200x200.jpg 200w, https:\/\/www.manubens.es\/wp-content\/uploads\/2021\/06\/Manubens_Maig_0520-copia-115x115.jpg 115w, https:\/\/www.manubens.es\/wp-content\/uploads\/2021\/06\/Manubens_Maig_0520-copia-250x248.jpg 250w\" sizes=\"auto, (max-width: 600px) 100vw, 600px\" \/><\/div><\/div><div class=\"w-separator size_medium\"><\/div><div class=\"wpb_text_column\"><div class=\"wpb_wrapper\"><p><span style=\"font-weight: 400;\">Lasciamo 60 cm in pi\u00f9 per fare il cuore dopo il nome e tagliamo.<\/span><\/p>\n<\/div><\/div><div class=\"w-image align_center\"><div class=\"w-image-h\"><img decoding=\"async\" width=\"600\" height=\"600\" src=\"https:\/\/www.manubens.es\/wp-content\/uploads\/2021\/06\/Manubens_Maig_0522-copia-600x600.jpg\" class=\"attachment-large size-large\" alt=\"\" loading=\"lazy\" srcset=\"https:\/\/www.manubens.es\/wp-content\/uploads\/2021\/06\/Manubens_Maig_0522-copia-600x600.jpg 600w, https:\/\/www.manubens.es\/wp-content\/uploads\/2021\/06\/Manubens_Maig_0522-copia-300x300.jpg 300w, https:\/\/www.manubens.es\/wp-content\/uploads\/2021\/06\/Manubens_Maig_0522-copia-150x150.jpg 150w, https:\/\/www.manubens.es\/wp-content\/uploads\/2021\/06\/Manubens_Maig_0522-copia-350x350.jpg 350w, https:\/\/www.manubens.es\/wp-content\/uploads\/2021\/06\/Manubens_Maig_0522-copia-200x200.jpg 200w, https:\/\/www.manubens.es\/wp-content\/uploads\/2021\/06\/Manubens_Maig_0522-copia-115x115.jpg 115w, https:\/\/www.manubens.es\/wp-content\/uploads\/2021\/06\/Manubens_Maig_0522-copia-250x250.jpg 250w\" sizes=\"auto, (max-width: 600px) 100vw, 600px\" \/><\/div><\/div><div class=\"w-separator size_medium\"><\/div><div class=\"w-image align_center\"><div class=\"w-image-h\"><img decoding=\"async\" width=\"600\" height=\"600\" src=\"https:\/\/www.manubens.es\/wp-content\/uploads\/2021\/06\/Manubens_Maig_0528-600x600.jpg\" class=\"attachment-large size-large\" alt=\"\" loading=\"lazy\" srcset=\"https:\/\/www.manubens.es\/wp-content\/uploads\/2021\/06\/Manubens_Maig_0528-600x600.jpg 600w, https:\/\/www.manubens.es\/wp-content\/uploads\/2021\/06\/Manubens_Maig_0528-300x300.jpg 300w, https:\/\/www.manubens.es\/wp-content\/uploads\/2021\/06\/Manubens_Maig_0528-150x150.jpg 150w, https:\/\/www.manubens.es\/wp-content\/uploads\/2021\/06\/Manubens_Maig_0528-350x350.jpg 350w, https:\/\/www.manubens.es\/wp-content\/uploads\/2021\/06\/Manubens_Maig_0528-200x200.jpg 200w, https:\/\/www.manubens.es\/wp-content\/uploads\/2021\/06\/Manubens_Maig_0528-115x115.jpg 115w, https:\/\/www.manubens.es\/wp-content\/uploads\/2021\/06\/Manubens_Maig_0528-250x250.jpg 250w\" sizes=\"auto, (max-width: 600px) 100vw, 600px\" \/><\/div><\/div><div class=\"w-separator size_medium\"><\/div><div class=\"wpb_text_column\"><div class=\"wpb_wrapper\"><h3><strong>Passo 3. Inserire il filo sottile<\/strong><\/h3>\n<p><span style=\"font-weight: 400;\">E lo inseriamo dentro la corda fino a quando non raggiungiamo l&#8217;altro estremo. Mancano solo pochi passi per vedere il nostro lavoretto finito.<\/span><\/p>\n<\/div><\/div><div class=\"w-image align_center\"><div class=\"w-image-h\"><img decoding=\"async\" width=\"600\" height=\"600\" src=\"https:\/\/www.manubens.es\/wp-content\/uploads\/2021\/06\/Manubens_Maig_0530-copia-600x600.jpg\" class=\"attachment-large size-large\" alt=\"\" loading=\"lazy\" srcset=\"https:\/\/www.manubens.es\/wp-content\/uploads\/2021\/06\/Manubens_Maig_0530-copia-600x600.jpg 600w, https:\/\/www.manubens.es\/wp-content\/uploads\/2021\/06\/Manubens_Maig_0530-copia-300x300.jpg 300w, https:\/\/www.manubens.es\/wp-content\/uploads\/2021\/06\/Manubens_Maig_0530-copia-150x150.jpg 150w, https:\/\/www.manubens.es\/wp-content\/uploads\/2021\/06\/Manubens_Maig_0530-copia-350x350.jpg 350w, https:\/\/www.manubens.es\/wp-content\/uploads\/2021\/06\/Manubens_Maig_0530-copia-200x200.jpg 200w, https:\/\/www.manubens.es\/wp-content\/uploads\/2021\/06\/Manubens_Maig_0530-copia-115x115.jpg 115w, https:\/\/www.manubens.es\/wp-content\/uploads\/2021\/06\/Manubens_Maig_0530-copia-250x250.jpg 250w\" sizes=\"auto, (max-width: 600px) 100vw, 600px\" \/><\/div><\/div><div class=\"w-separator size_medium\"><\/div><div class=\"wpb_text_column\"><div class=\"wpb_wrapper\"><h3><strong>Passo 4. Dare forma al nome<\/strong><\/h3>\n<p><span style=\"font-weight: 400;\">In questo modo, diamo forma al nome con il cordino sul modello.<\/span><\/p>\n<\/div><\/div><div class=\"w-image align_center\"><div class=\"w-image-h\"><img decoding=\"async\" width=\"600\" height=\"600\" src=\"https:\/\/www.manubens.es\/wp-content\/uploads\/2021\/06\/Manubens_Maig_0531-copia-600x600.jpg\" class=\"attachment-large size-large\" alt=\"\" loading=\"lazy\" srcset=\"https:\/\/www.manubens.es\/wp-content\/uploads\/2021\/06\/Manubens_Maig_0531-copia-600x600.jpg 600w, https:\/\/www.manubens.es\/wp-content\/uploads\/2021\/06\/Manubens_Maig_0531-copia-300x300.jpg 300w, https:\/\/www.manubens.es\/wp-content\/uploads\/2021\/06\/Manubens_Maig_0531-copia-150x150.jpg 150w, https:\/\/www.manubens.es\/wp-content\/uploads\/2021\/06\/Manubens_Maig_0531-copia-350x350.jpg 350w, https:\/\/www.manubens.es\/wp-content\/uploads\/2021\/06\/Manubens_Maig_0531-copia-200x200.jpg 200w, https:\/\/www.manubens.es\/wp-content\/uploads\/2021\/06\/Manubens_Maig_0531-copia-115x115.jpg 115w, https:\/\/www.manubens.es\/wp-content\/uploads\/2021\/06\/Manubens_Maig_0531-copia-250x250.jpg 250w\" sizes=\"auto, (max-width: 600px) 100vw, 600px\" \/><\/div><\/div><div class=\"w-separator size_medium\"><\/div><div class=\"wpb_text_column\"><div class=\"wpb_wrapper\"><h3><strong>Passo 5. Forma del primo cuore<\/strong><\/h3>\n<p><span style=\"font-weight: 400;\">Con il pezzo rimanente formiamo il primo cuore e lo chiudiamo con un fiocco alla base.<\/span><\/p>\n<\/div><\/div><div class=\"w-image align_center\"><div class=\"w-image-h\"><img decoding=\"async\" width=\"600\" height=\"600\" src=\"https:\/\/www.manubens.es\/wp-content\/uploads\/2021\/06\/Manubens_Maig_0532-600x600.jpg\" class=\"attachment-large size-large\" alt=\"\" loading=\"lazy\" srcset=\"https:\/\/www.manubens.es\/wp-content\/uploads\/2021\/06\/Manubens_Maig_0532-600x600.jpg 600w, https:\/\/www.manubens.es\/wp-content\/uploads\/2021\/06\/Manubens_Maig_0532-300x300.jpg 300w, https:\/\/www.manubens.es\/wp-content\/uploads\/2021\/06\/Manubens_Maig_0532-150x150.jpg 150w, https:\/\/www.manubens.es\/wp-content\/uploads\/2021\/06\/Manubens_Maig_0532-350x350.jpg 350w, https:\/\/www.manubens.es\/wp-content\/uploads\/2021\/06\/Manubens_Maig_0532-200x200.jpg 200w, https:\/\/www.manubens.es\/wp-content\/uploads\/2021\/06\/Manubens_Maig_0532-115x115.jpg 115w, https:\/\/www.manubens.es\/wp-content\/uploads\/2021\/06\/Manubens_Maig_0532-250x250.jpg 250w\" sizes=\"auto, (max-width: 600px) 100vw, 600px\" \/><\/div><\/div><div class=\"w-separator size_medium\"><\/div><div class=\"wpb_text_column\"><div class=\"wpb_wrapper\"><h3><strong>Passo 6 per fare il nome con il cordino<\/strong><\/h3>\n<p><span style=\"font-weight: 400;\">Per crearne altri due dobbiamo tagliare 60 cm di corda di un altro colore e riempirla con filo per il secondo cuore.<\/span><\/p>\n<\/div><\/div><div class=\"w-image align_center\"><div class=\"w-image-h\"><img decoding=\"async\" width=\"600\" height=\"600\" src=\"https:\/\/www.manubens.es\/wp-content\/uploads\/2021\/06\/Manubens_Maig_0532-600x600.jpg\" class=\"attachment-large size-large\" alt=\"\" loading=\"lazy\" srcset=\"https:\/\/www.manubens.es\/wp-content\/uploads\/2021\/06\/Manubens_Maig_0532-600x600.jpg 600w, https:\/\/www.manubens.es\/wp-content\/uploads\/2021\/06\/Manubens_Maig_0532-300x300.jpg 300w, https:\/\/www.manubens.es\/wp-content\/uploads\/2021\/06\/Manubens_Maig_0532-150x150.jpg 150w, https:\/\/www.manubens.es\/wp-content\/uploads\/2021\/06\/Manubens_Maig_0532-350x350.jpg 350w, https:\/\/www.manubens.es\/wp-content\/uploads\/2021\/06\/Manubens_Maig_0532-200x200.jpg 200w, https:\/\/www.manubens.es\/wp-content\/uploads\/2021\/06\/Manubens_Maig_0532-115x115.jpg 115w, https:\/\/www.manubens.es\/wp-content\/uploads\/2021\/06\/Manubens_Maig_0532-250x250.jpg 250w\" sizes=\"auto, (max-width: 600px) 100vw, 600px\" \/><\/div><\/div><div class=\"w-separator size_medium\"><\/div><div class=\"wpb_text_column\"><div class=\"wpb_wrapper\"><p><span style=\"font-weight: 400;\">Ripetiamo il processo per il terzo cuore.<\/span><\/p>\n<\/div><\/div><div class=\"w-image align_center\"><div class=\"w-image-h\"><img decoding=\"async\" width=\"600\" height=\"600\" src=\"https:\/\/www.manubens.es\/wp-content\/uploads\/2021\/06\/Manubens_Maig_0535-3-600x600.jpg\" class=\"attachment-large size-large\" alt=\"\" loading=\"lazy\" srcset=\"https:\/\/www.manubens.es\/wp-content\/uploads\/2021\/06\/Manubens_Maig_0535-3-600x600.jpg 600w, https:\/\/www.manubens.es\/wp-content\/uploads\/2021\/06\/Manubens_Maig_0535-3-300x300.jpg 300w, https:\/\/www.manubens.es\/wp-content\/uploads\/2021\/06\/Manubens_Maig_0535-3-150x150.jpg 150w, https:\/\/www.manubens.es\/wp-content\/uploads\/2021\/06\/Manubens_Maig_0535-3-350x350.jpg 350w, https:\/\/www.manubens.es\/wp-content\/uploads\/2021\/06\/Manubens_Maig_0535-3-200x200.jpg 200w, https:\/\/www.manubens.es\/wp-content\/uploads\/2021\/06\/Manubens_Maig_0535-3-115x115.jpg 115w, https:\/\/www.manubens.es\/wp-content\/uploads\/2021\/06\/Manubens_Maig_0535-3-250x250.jpg 250w\" sizes=\"auto, (max-width: 600px) 100vw, 600px\" \/><\/div><\/div><div class=\"w-separator size_medium\"><\/div><div class=\"wpb_text_column\"><div class=\"wpb_wrapper\"><p><strong>Passo 7. Intrecciare<\/strong><\/p>\n<p><span style=\"font-weight: 400;\">Finiamo intrecciando i tre palloncini a forma di cuore e rifiniamo.<\/span><\/p>\n<\/div><\/div><div class=\"w-image align_center\"><div class=\"w-image-h\"><img decoding=\"async\" width=\"598\" height=\"600\" src=\"https:\/\/www.manubens.es\/wp-content\/uploads\/2021\/06\/10_06_nom_cord\u00f3-copia-598x600.jpg\" class=\"attachment-large size-large\" alt=\"\" loading=\"lazy\" srcset=\"https:\/\/www.manubens.es\/wp-content\/uploads\/2021\/06\/10_06_nom_cord\u00f3-copia-598x600.jpg 598w, https:\/\/www.manubens.es\/wp-content\/uploads\/2021\/06\/10_06_nom_cord\u00f3-copia-300x300.jpg 300w, https:\/\/www.manubens.es\/wp-content\/uploads\/2021\/06\/10_06_nom_cord\u00f3-copia-150x150.jpg 150w, https:\/\/www.manubens.es\/wp-content\/uploads\/2021\/06\/10_06_nom_cord\u00f3-copia-350x350.jpg 350w, https:\/\/www.manubens.es\/wp-content\/uploads\/2021\/06\/10_06_nom_cord\u00f3-copia-200x200.jpg 200w, https:\/\/www.manubens.es\/wp-content\/uploads\/2021\/06\/10_06_nom_cord\u00f3-copia-115x115.jpg 115w, https:\/\/www.manubens.es\/wp-content\/uploads\/2021\/06\/10_06_nom_cord\u00f3-copia-250x250.jpg 250w, https:\/\/www.manubens.es\/wp-content\/uploads\/2021\/06\/10_06_nom_cord\u00f3-copia.jpg 2034w\" sizes=\"auto, (max-width: 598px) 100vw, 598px\" \/><\/div><\/div><div class=\"w-separator size_medium\"><\/div><div class=\"wpb_text_column\"><div class=\"wpb_wrapper\"><p><span style=\"font-weight: 400;\">Ed ecco fatto! Abbiamo finito il nome di Maria!<\/span><\/p>\n<p><span style=\"font-weight: 400;\">Possiamo incollarlo con qualche goccia di silicone su una tavola dipinta nel colore preferito, sulla paralume di una lampada, sulla porta dell&#8217;armadio&#8230; Ci sono tante possibilit\u00e0 quanto le idee delle vostre clienti.<\/span><\/p>\n<p><span style=\"font-weight: 400;\">Se ti interessano lavoretti fai-da-te come questi, ti incoraggiamo a visitare questo articolo del blog in cui mostriamo come fare un <a href=\"https:\/\/www.manubens.es\/it\/blog\/sacchetto-per-panini-riutilizzabile-fai-da-te-speciale-per-regalare\/\">porta panini riutilizzabile.<\/a><\/span><\/p>\n<p><span style=\"font-weight: 400;\">Ti senti di condividere il risultato di questo fai-da-te? Usa l&#8217;hashtag #Manubens per poter vedere le tue creazioni. Buon divertimento!<\/span><\/p>\n<\/div><\/div><\/div><\/div><\/div><\/div><\/section><section class=\"l-section wpb_row height_large\"><div class=\"l-section-h i-cf\"><div class=\"g-cols vc_row via_grid cols_1 laptops-cols_inherit tablets-cols_inherit mobiles-cols_1 valign_top type_default stacking_default\"><div class=\"wpb_column vc_column_container\"><div class=\"vc_column-inner\"><div class=\"w-image align_center\"><div class=\"w-image-h\"><img decoding=\"async\" width=\"1\" height=\"1\" src=\"https:\/\/www.manubens.es\/wp-content\/uploads\/2024\/10\/foto-x-11.jpg\" class=\"attachment-large size-large\" alt=\"\" loading=\"lazy\" \/><\/div><\/div><\/div><\/div><div class=\"wpb_column vc_column_container\"><div class=\"vc_column-inner\"><\/div><\/div><\/div><\/div><\/section><section class=\"l-section wpb_row height_large\"><div class=\"l-section-h i-cf\"><div class=\"g-cols vc_row via_grid cols_1 laptops-cols_inherit tablets-cols_inherit mobiles-cols_1 valign_top type_default stacking_default\"><div class=\"wpb_column vc_column_container\"><div class=\"vc_column-inner\"><\/div><\/div><\/div><\/div><\/section>.<\/p>\n","protected":false},"excerpt":{"rendered":"<p>..<\/p>\n","protected":false},"author":3,"featured_media":10764,"comment_status":"open","ping_status":"open","sticky":false,"template":"","format":"standard","meta":{"footnotes":""},"categories":[65],"tags":[],"class_list":["post-16506","post","type-post","status-publish","format-standard","has-post-thumbnail","hentry","category-ideas-manubens-it"],"yoast_head":"<!-- This site is optimized with the Yoast SEO plugin v27.5 - https:\/\/yoast.com\/product\/yoast-seo-wordpress\/ -->\n<title>Decorazione fai-da-te per bambini: nome realizzato con il cordino - Manubens<\/title>\n<meta name=\"description\" content=\"Fai da te con nome personalizzabile realizzato con cordoncino. Ideale come regalo per compleanni o occasioni speciali. Impara a farlo passo dopo passo\" \/>\n<meta name=\"robots\" content=\"index, follow, max-snippet:-1, max-image-preview:large, max-video-preview:-1\" \/>\n<link rel=\"canonical\" href=\"https:\/\/www.manubens.es\/it\/decorazione-fai-da-te-per-bambini-nome-realizzato-con-il-cordino\/\" \/>\n<meta property=\"og:locale\" content=\"it_IT\" \/>\n<meta property=\"og:type\" content=\"article\" \/>\n<meta property=\"og:title\" content=\"Decorazione fai-da-te per bambini: nome realizzato con il cordino - Manubens\" \/>\n<meta property=\"og:description\" content=\"Fai da te con nome personalizzabile realizzato con cordoncino. Ideale come regalo per compleanni o occasioni speciali. Impara a farlo passo dopo passo\" \/>\n<meta property=\"og:url\" content=\"https:\/\/www.manubens.es\/it\/decorazione-fai-da-te-per-bambini-nome-realizzato-con-il-cordino\/\" \/>\n<meta property=\"og:site_name\" content=\"Manubens\" \/>\n<meta property=\"article:published_time\" content=\"2024-09-19T07:43:07+00:00\" \/>\n<meta property=\"article:modified_time\" content=\"2024-11-27T09:47:01+00:00\" \/>\n<meta property=\"og:image\" content=\"https:\/\/www.manubens.es\/wp-content\/uploads\/2021\/06\/nombre2-1.jpg\" \/>\n\t<meta property=\"og:image:width\" content=\"1090\" \/>\n\t<meta property=\"og:image:height\" content=\"550\" \/>\n\t<meta property=\"og:image:type\" content=\"image\/jpeg\" \/>\n<meta name=\"author\" content=\"Manubens\" \/>\n<meta name=\"twitter:card\" content=\"summary_large_image\" \/>\n<meta name=\"twitter:label1\" content=\"Scritto da\" \/>\n\t<meta name=\"twitter:data1\" content=\"Manubens\" \/>\n\t<meta name=\"twitter:label2\" content=\"Tempo di lettura stimato\" \/>\n\t<meta name=\"twitter:data2\" content=\"4 minuti\" \/>\n<script type=\"application\/ld+json\" class=\"yoast-schema-graph\">{\"@context\":\"https:\\\/\\\/schema.org\",\"@graph\":[{\"@type\":\"Article\",\"@id\":\"https:\\\/\\\/www.manubens.es\\\/it\\\/decorazione-fai-da-te-per-bambini-nome-realizzato-con-il-cordino\\\/#article\",\"isPartOf\":{\"@id\":\"https:\\\/\\\/www.manubens.es\\\/it\\\/decorazione-fai-da-te-per-bambini-nome-realizzato-con-il-cordino\\\/\"},\"author\":{\"name\":\"Manubens\",\"@id\":\"https:\\\/\\\/www.manubens.es\\\/it\\\/#\\\/schema\\\/person\\\/cc83950a2556bd2dd10d3b8624863100\"},\"headline\":\"Decorazione fai-da-te per bambini: nome realizzato con il cordino\",\"datePublished\":\"2024-09-19T07:43:07+00:00\",\"dateModified\":\"2024-11-27T09:47:01+00:00\",\"mainEntityOfPage\":{\"@id\":\"https:\\\/\\\/www.manubens.es\\\/it\\\/decorazione-fai-da-te-per-bambini-nome-realizzato-con-il-cordino\\\/\"},\"wordCount\":778,\"commentCount\":0,\"image\":{\"@id\":\"https:\\\/\\\/www.manubens.es\\\/it\\\/decorazione-fai-da-te-per-bambini-nome-realizzato-con-il-cordino\\\/#primaryimage\"},\"thumbnailUrl\":\"https:\\\/\\\/www.manubens.es\\\/wp-content\\\/uploads\\\/2021\\\/06\\\/nombre2-1.jpg\",\"articleSection\":[\"Ideas Manubens\"],\"inLanguage\":\"it-IT\",\"potentialAction\":[{\"@type\":\"CommentAction\",\"name\":\"Comment\",\"target\":[\"https:\\\/\\\/www.manubens.es\\\/it\\\/decorazione-fai-da-te-per-bambini-nome-realizzato-con-il-cordino\\\/#respond\"]}]},{\"@type\":\"WebPage\",\"@id\":\"https:\\\/\\\/www.manubens.es\\\/it\\\/decorazione-fai-da-te-per-bambini-nome-realizzato-con-il-cordino\\\/\",\"url\":\"https:\\\/\\\/www.manubens.es\\\/it\\\/decorazione-fai-da-te-per-bambini-nome-realizzato-con-il-cordino\\\/\",\"name\":\"Decorazione fai-da-te per bambini: nome realizzato con il cordino - Manubens\",\"isPartOf\":{\"@id\":\"https:\\\/\\\/www.manubens.es\\\/it\\\/#website\"},\"primaryImageOfPage\":{\"@id\":\"https:\\\/\\\/www.manubens.es\\\/it\\\/decorazione-fai-da-te-per-bambini-nome-realizzato-con-il-cordino\\\/#primaryimage\"},\"image\":{\"@id\":\"https:\\\/\\\/www.manubens.es\\\/it\\\/decorazione-fai-da-te-per-bambini-nome-realizzato-con-il-cordino\\\/#primaryimage\"},\"thumbnailUrl\":\"https:\\\/\\\/www.manubens.es\\\/wp-content\\\/uploads\\\/2021\\\/06\\\/nombre2-1.jpg\",\"datePublished\":\"2024-09-19T07:43:07+00:00\",\"dateModified\":\"2024-11-27T09:47:01+00:00\",\"author\":{\"@id\":\"https:\\\/\\\/www.manubens.es\\\/it\\\/#\\\/schema\\\/person\\\/cc83950a2556bd2dd10d3b8624863100\"},\"description\":\"Fai da te con nome personalizzabile realizzato con cordoncino. Ideale come regalo per compleanni o occasioni speciali. Impara a farlo passo dopo passo\",\"breadcrumb\":{\"@id\":\"https:\\\/\\\/www.manubens.es\\\/it\\\/decorazione-fai-da-te-per-bambini-nome-realizzato-con-il-cordino\\\/#breadcrumb\"},\"inLanguage\":\"it-IT\",\"potentialAction\":[{\"@type\":\"ReadAction\",\"target\":[\"https:\\\/\\\/www.manubens.es\\\/it\\\/decorazione-fai-da-te-per-bambini-nome-realizzato-con-il-cordino\\\/\"]}]},{\"@type\":\"ImageObject\",\"inLanguage\":\"it-IT\",\"@id\":\"https:\\\/\\\/www.manubens.es\\\/it\\\/decorazione-fai-da-te-per-bambini-nome-realizzato-con-il-cordino\\\/#primaryimage\",\"url\":\"https:\\\/\\\/www.manubens.es\\\/wp-content\\\/uploads\\\/2021\\\/06\\\/nombre2-1.jpg\",\"contentUrl\":\"https:\\\/\\\/www.manubens.es\\\/wp-content\\\/uploads\\\/2021\\\/06\\\/nombre2-1.jpg\",\"width\":1090,\"height\":550,\"caption\":\"DIY personalizable hecho con cord\u00f3n\"},{\"@type\":\"BreadcrumbList\",\"@id\":\"https:\\\/\\\/www.manubens.es\\\/it\\\/decorazione-fai-da-te-per-bambini-nome-realizzato-con-il-cordino\\\/#breadcrumb\",\"itemListElement\":[{\"@type\":\"ListItem\",\"position\":1,\"name\":\"Portada\",\"item\":\"https:\\\/\\\/www.manubens.es\\\/it\\\/\"},{\"@type\":\"ListItem\",\"position\":2,\"name\":\"Decorazione fai-da-te per bambini: nome realizzato con il cordino\"}]},{\"@type\":\"WebSite\",\"@id\":\"https:\\\/\\\/www.manubens.es\\\/it\\\/#website\",\"url\":\"https:\\\/\\\/www.manubens.es\\\/it\\\/\",\"name\":\"Manubens\",\"description\":\"Manubens Cintas\",\"potentialAction\":[{\"@type\":\"SearchAction\",\"target\":{\"@type\":\"EntryPoint\",\"urlTemplate\":\"https:\\\/\\\/www.manubens.es\\\/it\\\/?s={search_term_string}\"},\"query-input\":{\"@type\":\"PropertyValueSpecification\",\"valueRequired\":true,\"valueName\":\"search_term_string\"}}],\"inLanguage\":\"it-IT\"},{\"@type\":\"Person\",\"@id\":\"https:\\\/\\\/www.manubens.es\\\/it\\\/#\\\/schema\\\/person\\\/cc83950a2556bd2dd10d3b8624863100\",\"name\":\"Manubens\",\"image\":{\"@type\":\"ImageObject\",\"inLanguage\":\"it-IT\",\"@id\":\"https:\\\/\\\/secure.gravatar.com\\\/avatar\\\/15725cf86f411a4448330e45448e709f65acd91917559f0ff679989b0394976e?s=96&d=mm&r=g\",\"url\":\"https:\\\/\\\/secure.gravatar.com\\\/avatar\\\/15725cf86f411a4448330e45448e709f65acd91917559f0ff679989b0394976e?s=96&d=mm&r=g\",\"contentUrl\":\"https:\\\/\\\/secure.gravatar.com\\\/avatar\\\/15725cf86f411a4448330e45448e709f65acd91917559f0ff679989b0394976e?s=96&d=mm&r=g\",\"caption\":\"Manubens\"}}]}<\/script>\n<!-- \/ Yoast SEO plugin. -->","yoast_head_json":{"title":"Decorazione fai-da-te per bambini: nome realizzato con il cordino - Manubens","description":"Fai da te con nome personalizzabile realizzato con cordoncino. Ideale come regalo per compleanni o occasioni speciali. Impara a farlo passo dopo passo","robots":{"index":"index","follow":"follow","max-snippet":"max-snippet:-1","max-image-preview":"max-image-preview:large","max-video-preview":"max-video-preview:-1"},"canonical":"https:\/\/www.manubens.es\/it\/decorazione-fai-da-te-per-bambini-nome-realizzato-con-il-cordino\/","og_locale":"it_IT","og_type":"article","og_title":"Decorazione fai-da-te per bambini: nome realizzato con il cordino - Manubens","og_description":"Fai da te con nome personalizzabile realizzato con cordoncino. Ideale come regalo per compleanni o occasioni speciali. Impara a farlo passo dopo passo","og_url":"https:\/\/www.manubens.es\/it\/decorazione-fai-da-te-per-bambini-nome-realizzato-con-il-cordino\/","og_site_name":"Manubens","article_published_time":"2024-09-19T07:43:07+00:00","article_modified_time":"2024-11-27T09:47:01+00:00","og_image":[{"width":1090,"height":550,"url":"https:\/\/www.manubens.es\/wp-content\/uploads\/2021\/06\/nombre2-1.jpg","type":"image\/jpeg"}],"author":"Manubens","twitter_card":"summary_large_image","twitter_misc":{"Scritto da":"Manubens","Tempo di lettura stimato":"4 minuti"},"schema":{"@context":"https:\/\/schema.org","@graph":[{"@type":"Article","@id":"https:\/\/www.manubens.es\/it\/decorazione-fai-da-te-per-bambini-nome-realizzato-con-il-cordino\/#article","isPartOf":{"@id":"https:\/\/www.manubens.es\/it\/decorazione-fai-da-te-per-bambini-nome-realizzato-con-il-cordino\/"},"author":{"name":"Manubens","@id":"https:\/\/www.manubens.es\/it\/#\/schema\/person\/cc83950a2556bd2dd10d3b8624863100"},"headline":"Decorazione fai-da-te per bambini: nome realizzato con il cordino","datePublished":"2024-09-19T07:43:07+00:00","dateModified":"2024-11-27T09:47:01+00:00","mainEntityOfPage":{"@id":"https:\/\/www.manubens.es\/it\/decorazione-fai-da-te-per-bambini-nome-realizzato-con-il-cordino\/"},"wordCount":778,"commentCount":0,"image":{"@id":"https:\/\/www.manubens.es\/it\/decorazione-fai-da-te-per-bambini-nome-realizzato-con-il-cordino\/#primaryimage"},"thumbnailUrl":"https:\/\/www.manubens.es\/wp-content\/uploads\/2021\/06\/nombre2-1.jpg","articleSection":["Ideas Manubens"],"inLanguage":"it-IT","potentialAction":[{"@type":"CommentAction","name":"Comment","target":["https:\/\/www.manubens.es\/it\/decorazione-fai-da-te-per-bambini-nome-realizzato-con-il-cordino\/#respond"]}]},{"@type":"WebPage","@id":"https:\/\/www.manubens.es\/it\/decorazione-fai-da-te-per-bambini-nome-realizzato-con-il-cordino\/","url":"https:\/\/www.manubens.es\/it\/decorazione-fai-da-te-per-bambini-nome-realizzato-con-il-cordino\/","name":"Decorazione fai-da-te per bambini: nome realizzato con il cordino - Manubens","isPartOf":{"@id":"https:\/\/www.manubens.es\/it\/#website"},"primaryImageOfPage":{"@id":"https:\/\/www.manubens.es\/it\/decorazione-fai-da-te-per-bambini-nome-realizzato-con-il-cordino\/#primaryimage"},"image":{"@id":"https:\/\/www.manubens.es\/it\/decorazione-fai-da-te-per-bambini-nome-realizzato-con-il-cordino\/#primaryimage"},"thumbnailUrl":"https:\/\/www.manubens.es\/wp-content\/uploads\/2021\/06\/nombre2-1.jpg","datePublished":"2024-09-19T07:43:07+00:00","dateModified":"2024-11-27T09:47:01+00:00","author":{"@id":"https:\/\/www.manubens.es\/it\/#\/schema\/person\/cc83950a2556bd2dd10d3b8624863100"},"description":"Fai da te con nome personalizzabile realizzato con cordoncino. Ideale come regalo per compleanni o occasioni speciali. Impara a farlo passo dopo passo","breadcrumb":{"@id":"https:\/\/www.manubens.es\/it\/decorazione-fai-da-te-per-bambini-nome-realizzato-con-il-cordino\/#breadcrumb"},"inLanguage":"it-IT","potentialAction":[{"@type":"ReadAction","target":["https:\/\/www.manubens.es\/it\/decorazione-fai-da-te-per-bambini-nome-realizzato-con-il-cordino\/"]}]},{"@type":"ImageObject","inLanguage":"it-IT","@id":"https:\/\/www.manubens.es\/it\/decorazione-fai-da-te-per-bambini-nome-realizzato-con-il-cordino\/#primaryimage","url":"https:\/\/www.manubens.es\/wp-content\/uploads\/2021\/06\/nombre2-1.jpg","contentUrl":"https:\/\/www.manubens.es\/wp-content\/uploads\/2021\/06\/nombre2-1.jpg","width":1090,"height":550,"caption":"DIY personalizable hecho con cord\u00f3n"},{"@type":"BreadcrumbList","@id":"https:\/\/www.manubens.es\/it\/decorazione-fai-da-te-per-bambini-nome-realizzato-con-il-cordino\/#breadcrumb","itemListElement":[{"@type":"ListItem","position":1,"name":"Portada","item":"https:\/\/www.manubens.es\/it\/"},{"@type":"ListItem","position":2,"name":"Decorazione fai-da-te per bambini: nome realizzato con il cordino"}]},{"@type":"WebSite","@id":"https:\/\/www.manubens.es\/it\/#website","url":"https:\/\/www.manubens.es\/it\/","name":"Manubens","description":"Manubens Cintas","potentialAction":[{"@type":"SearchAction","target":{"@type":"EntryPoint","urlTemplate":"https:\/\/www.manubens.es\/it\/?s={search_term_string}"},"query-input":{"@type":"PropertyValueSpecification","valueRequired":true,"valueName":"search_term_string"}}],"inLanguage":"it-IT"},{"@type":"Person","@id":"https:\/\/www.manubens.es\/it\/#\/schema\/person\/cc83950a2556bd2dd10d3b8624863100","name":"Manubens","image":{"@type":"ImageObject","inLanguage":"it-IT","@id":"https:\/\/secure.gravatar.com\/avatar\/15725cf86f411a4448330e45448e709f65acd91917559f0ff679989b0394976e?s=96&d=mm&r=g","url":"https:\/\/secure.gravatar.com\/avatar\/15725cf86f411a4448330e45448e709f65acd91917559f0ff679989b0394976e?s=96&d=mm&r=g","contentUrl":"https:\/\/secure.gravatar.com\/avatar\/15725cf86f411a4448330e45448e709f65acd91917559f0ff679989b0394976e?s=96&d=mm&r=g","caption":"Manubens"}}]}},"_links":{"self":[{"href":"https:\/\/www.manubens.es\/it\/wp-json\/wp\/v2\/posts\/16506","targetHints":{"allow":["GET"]}}],"collection":[{"href":"https:\/\/www.manubens.es\/it\/wp-json\/wp\/v2\/posts"}],"about":[{"href":"https:\/\/www.manubens.es\/it\/wp-json\/wp\/v2\/types\/post"}],"author":[{"embeddable":true,"href":"https:\/\/www.manubens.es\/it\/wp-json\/wp\/v2\/users\/3"}],"replies":[{"embeddable":true,"href":"https:\/\/www.manubens.es\/it\/wp-json\/wp\/v2\/comments?post=16506"}],"version-history":[{"count":0,"href":"https:\/\/www.manubens.es\/it\/wp-json\/wp\/v2\/posts\/16506\/revisions"}],"wp:featuredmedia":[{"embeddable":true,"href":"https:\/\/www.manubens.es\/it\/wp-json\/wp\/v2\/media\/10764"}],"wp:attachment":[{"href":"https:\/\/www.manubens.es\/it\/wp-json\/wp\/v2\/media?parent=16506"}],"wp:term":[{"taxonomy":"category","embeddable":true,"href":"https:\/\/www.manubens.es\/it\/wp-json\/wp\/v2\/categories?post=16506"},{"taxonomy":"post_tag","embeddable":true,"href":"https:\/\/www.manubens.es\/it\/wp-json\/wp\/v2\/tags?post=16506"}],"curies":[{"name":"wp","href":"https:\/\/api.w.org\/{rel}","templated":true}]}}