{"id":16531,"date":"2024-09-20T11:44:55","date_gmt":"2024-09-20T09:44:55","guid":{"rendered":"https:\/\/www.manubens.es\/blog\/manubens-partecipa-alla-fiera-luxe-pack-di-monaco\/"},"modified":"2024-09-20T11:44:55","modified_gmt":"2024-09-20T09:44:55","slug":"manubens-partecipa-alla-fiera-luxe-pack-di-monaco","status":"publish","type":"post","link":"https:\/\/www.manubens.es\/it\/manubens-partecipa-alla-fiera-luxe-pack-di-monaco\/","title":{"rendered":"Manubens partecipa alla fiera Luxe Pack di Monaco"},"content":{"rendered":"<p><span style=\"font-weight: 400;\">Ogni anno a Monaco si tiene la fiera LuxePack, la fiera per eccellenza dell&#8217;imballaggio di lusso a livello internazionale.<\/span><\/p>\n<p><span style=\"font-weight: 400;\">A questa fiera, Manubens presenta le novit\u00e0 degli <a href=\"https:\/\/www.manubens.es\/cinta-textil\/cinta-packaging\/\">imballaggi di nastri<\/a> per quest&#8217;anno per i vari mercati in cui siamo presenti, che sia nel settore cosmetico, gioielleria, moda&#8230;<\/span><\/p>\n<p><span style=\"font-weight: 400;\">La fiera \u00e8 esclusivamente per professionisti del settore, e vi partecipano i dipartimenti di marketing delle grandi firme di lusso a livello mondiale e le agenzie pubblicitarie che lavorano in questi settori, approfittando per trovare le migliori soluzioni per le loro esigenze in termini di imballaggio.<\/span><\/p>\n<p><span style=\"font-weight: 400;\">La presenza di Manubens alla fiera Luxe Pack di Monaco \u00e8 importante per mantenere i rapporti con i clienti di tutto il mondo che si riuniscono in questo importante evento nel mondo dell&#8217;Imballaggio.<\/span><\/p>\n<p><img decoding=\"async\" src=\"https:\/\/www.manubens.es\/wp-content\/uploads\/2019\/09\/LUXEPACK_banniere_2019_FR-768x151.jpg\" alt=\"LUXEPACK_banniere_2019_FR\" \/><\/p>\n<p><span style=\"font-weight: 400;\">Dal luned\u00ec 30 settembre alle 9 del mattino al mercoled\u00ec 2 ottobre alle 5 del pomeriggio, Manubens sar\u00e0 presente allo stand numero I8 (Hall Indigo), come lo \u00e8 stato per diversi anni.<\/span><\/p>\n<p><span style=\"font-weight: 400;\">Sono giornate di apprendimento e conoscenza che sapremo sfruttare, e saremo lieti di condividerle con tutti voi.<\/span><\/p>\n<p><b>IMBALLAGGIO: COS&#8217;\u00c8 E COME VIENE GESTITO DA MANUBENS<\/b><\/p>\n<p><span style=\"font-weight: 400;\">L&#8217;imballaggio include tutto ci\u00f2 che riguarda il contenitore del prodotto (nastro, scatola, vasetto, bottiglia, borsa&#8230;), mentre il contenuto \u00e8 il prodotto stesso.<\/span><\/p>\n<p><span style=\"font-weight: 400;\">Oggi, il contenitore \u00e8 importante quanto il contenuto. Il contenitore \u00e8 ci\u00f2 che &#8220;vende&#8221; il prodotto; cattura la nostra attenzione, trasmette il messaggio e lo posiziona nella nostra mente. \u00c8 cruciale che entrambe le parti siano armoniche. Quindi, non avrebbe senso avere un prodotto di alta qualit\u00e0 con un imballaggio che non \u00e8 all&#8217;altezza, poich\u00e9 il risultato finale non sarebbe quello desiderato.<\/span><\/p>\n<p><span style=\"font-weight: 400;\">\u00c8 cos\u00ec che si genera un lavoro perfettamente controllato in ognuno dei processi che lo compongono, dove il marchio viene potenziato per il cliente finale, e dove siamo versatili per quanto riguarda il tipo di finiture che ogni prodotto richiede nel mondo dell&#8217;imballaggio.<\/span><\/p>\n<p><span style=\"font-weight: 400;\">Prestiamo attenzione ad ogni dettaglio di ogni nastro di tessuto affinch\u00e9 il cliente che riceve il prodotto sia massimamente soddisfatto, e ci\u00f2 \u00e8 possibile perch\u00e9 consideriamo quale tipo di stampa e finiture siano le migliori in ogni caso, offrendo cos\u00ec grande versatilit\u00e0 nel risultato finale.<\/span><\/p>\n<p><img decoding=\"async\" src=\"https:\/\/www.manubens.es\/wp-content\/uploads\/2018\/05\/slider-manubens-01-768x380.jpg\" alt=\"slider-manubens-01\" \/><\/p>\n<p><span style=\"font-weight: 400;\">In breve, il risultato ottenuto \u00e8 esclusivo, e i clienti ricevono un regalo del loro marchio preferito con un nastro di tessuto di alta qualit\u00e0 realizzato da Manubens nella sua fabbrica di Manresa.<\/span><\/p>\n<p><b>FINITURE E STAMPE DELL&#8217;IMBALLAGGIO<\/b><\/p>\n<p><span style=\"font-weight: 400;\">Le finiture che effettuiamo nella nostra fabbrica sono molto diverse; i nastri di tessuto possono essere rifiniti con terminali metallici o di plastica, ideali per la produzione di borse dove vengono utilizzati come manici, o con diversi tipi di taglio, come il taglio diritto, diagonale, diagonale opposto o taglio per registro se il nastro ha una stampa.<\/span><\/p>\n<p><span style=\"font-weight: 400;\">Sono inoltre possibili la realizzazione di fiocchi, l&#8217;applicazione di adesivi, siliconature&#8230; e, naturalmente, il risultato sar\u00e0 sempre migliorato applicando tecniche di stampa avanzate come la serigrafia, la metallizzazione, la rilevatura o la sublimazione.<\/span><\/p>\n<p><span style=\"font-weight: 400;\">Senza dubbio, disporre di queste tecniche innovative per la presentazione finale di prodotti di alta qualit\u00e0 \u00e8 un punto a favore del nostro marchio, poich\u00e9 \u00e8 il momento in cui i nostri prodotti raggiungono la massima qualit\u00e0 e massima diffusione in qualsiasi settore commerciale.<\/span><\/p>\n<p><span style=\"font-weight: 400;\">Tutto ci\u00f2 \u00e8 possibile grazie alla presenza di Manubens alla fiera di Monaco dal 30 settembre al 2 ottobre di quest&#8217;anno, un luogo unico del quale sarai desideroso di conoscere pi\u00f9 dettagli, <a href=\"https:\/\/www.manubens.es\/contacto-cintas-de-tela\/\">chiedici<\/a> per ottenere ulteriori informazioni.<\/span><\/p>\n","protected":false},"excerpt":{"rendered":"<p>Ogni anno a Monaco si tiene la fiera LuxePack, la fiera per eccellenza dell&#8217;imballaggio di lusso a livello internazionale. A questa fiera, Manubens presenta le novit\u00e0 degli imballaggi di nastri per quest&#8217;anno per i vari mercati in cui siamo presenti, che sia nel settore cosmetico, gioielleria, moda&#8230; La fiera \u00e8 esclusivamente per professionisti del settore,&#8230;<\/p>\n","protected":false},"author":3,"featured_media":10484,"comment_status":"open","ping_status":"open","sticky":false,"template":"","format":"standard","meta":{"footnotes":""},"categories":[37],"tags":[],"class_list":["post-16531","post","type-post","status-publish","format-standard","has-post-thumbnail","hentry","category-non-categorizzato"],"yoast_head":"<!-- This site is optimized with the Yoast SEO plugin v27.5 - https:\/\/yoast.com\/product\/yoast-seo-wordpress\/ -->\n<title>Manubens partecipa alla fiera Luxe Pack di Monaco<\/title>\n<meta name=\"description\" content=\"Ogni anno a Monaco si tiene la Fiera LuxePack, la Fiera Internazionale del Packaging di Lusso per eccellenza, e Manubens \u00e8 presente.\" \/>\n<meta name=\"robots\" content=\"index, follow, max-snippet:-1, max-image-preview:large, max-video-preview:-1\" \/>\n<link rel=\"canonical\" href=\"https:\/\/www.manubens.es\/it\/manubens-partecipa-alla-fiera-luxe-pack-di-monaco\/\" \/>\n<meta property=\"og:locale\" content=\"it_IT\" \/>\n<meta property=\"og:type\" content=\"article\" \/>\n<meta property=\"og:title\" content=\"Manubens partecipa alla fiera Luxe Pack di Monaco\" \/>\n<meta property=\"og:description\" content=\"Ogni anno a Monaco si tiene la Fiera LuxePack, la Fiera Internazionale del Packaging di Lusso per eccellenza, e Manubens \u00e8 presente.\" \/>\n<meta property=\"og:url\" content=\"https:\/\/www.manubens.es\/it\/manubens-partecipa-alla-fiera-luxe-pack-di-monaco\/\" \/>\n<meta property=\"og:site_name\" content=\"Manubens\" \/>\n<meta property=\"article:published_time\" content=\"2024-09-20T09:44:55+00:00\" \/>\n<meta property=\"og:image\" content=\"https:\/\/www.manubens.es\/wp-content\/uploads\/2019\/09\/LUXEPACK-MANUBENS.jpg\" \/>\n\t<meta property=\"og:image:width\" content=\"1080\" \/>\n\t<meta property=\"og:image:height\" content=\"1080\" \/>\n\t<meta property=\"og:image:type\" content=\"image\/jpeg\" \/>\n<meta name=\"author\" content=\"Manubens\" \/>\n<meta name=\"twitter:card\" content=\"summary_large_image\" \/>\n<meta name=\"twitter:label1\" content=\"Scritto da\" \/>\n\t<meta name=\"twitter:data1\" content=\"Manubens\" \/>\n\t<meta name=\"twitter:label2\" content=\"Tempo di lettura stimato\" \/>\n\t<meta name=\"twitter:data2\" content=\"3 minuti\" \/>\n<script type=\"application\/ld+json\" class=\"yoast-schema-graph\">{\"@context\":\"https:\\\/\\\/schema.org\",\"@graph\":[{\"@type\":\"Article\",\"@id\":\"https:\\\/\\\/www.manubens.es\\\/it\\\/manubens-partecipa-alla-fiera-luxe-pack-di-monaco\\\/#article\",\"isPartOf\":{\"@id\":\"https:\\\/\\\/www.manubens.es\\\/it\\\/manubens-partecipa-alla-fiera-luxe-pack-di-monaco\\\/\"},\"author\":{\"name\":\"Manubens\",\"@id\":\"https:\\\/\\\/www.manubens.es\\\/it\\\/#\\\/schema\\\/person\\\/cc83950a2556bd2dd10d3b8624863100\"},\"headline\":\"Manubens partecipa alla fiera Luxe Pack di Monaco\",\"datePublished\":\"2024-09-20T09:44:55+00:00\",\"mainEntityOfPage\":{\"@id\":\"https:\\\/\\\/www.manubens.es\\\/it\\\/manubens-partecipa-alla-fiera-luxe-pack-di-monaco\\\/\"},\"wordCount\":560,\"commentCount\":0,\"image\":{\"@id\":\"https:\\\/\\\/www.manubens.es\\\/it\\\/manubens-partecipa-alla-fiera-luxe-pack-di-monaco\\\/#primaryimage\"},\"thumbnailUrl\":\"https:\\\/\\\/www.manubens.es\\\/wp-content\\\/uploads\\\/2019\\\/09\\\/LUXEPACK-MANUBENS.jpg\",\"articleSection\":[\"Non categorizzato\"],\"inLanguage\":\"it-IT\",\"potentialAction\":[{\"@type\":\"CommentAction\",\"name\":\"Comment\",\"target\":[\"https:\\\/\\\/www.manubens.es\\\/it\\\/manubens-partecipa-alla-fiera-luxe-pack-di-monaco\\\/#respond\"]}]},{\"@type\":\"WebPage\",\"@id\":\"https:\\\/\\\/www.manubens.es\\\/it\\\/manubens-partecipa-alla-fiera-luxe-pack-di-monaco\\\/\",\"url\":\"https:\\\/\\\/www.manubens.es\\\/it\\\/manubens-partecipa-alla-fiera-luxe-pack-di-monaco\\\/\",\"name\":\"Manubens partecipa alla fiera Luxe Pack di Monaco\",\"isPartOf\":{\"@id\":\"https:\\\/\\\/www.manubens.es\\\/it\\\/#website\"},\"primaryImageOfPage\":{\"@id\":\"https:\\\/\\\/www.manubens.es\\\/it\\\/manubens-partecipa-alla-fiera-luxe-pack-di-monaco\\\/#primaryimage\"},\"image\":{\"@id\":\"https:\\\/\\\/www.manubens.es\\\/it\\\/manubens-partecipa-alla-fiera-luxe-pack-di-monaco\\\/#primaryimage\"},\"thumbnailUrl\":\"https:\\\/\\\/www.manubens.es\\\/wp-content\\\/uploads\\\/2019\\\/09\\\/LUXEPACK-MANUBENS.jpg\",\"datePublished\":\"2024-09-20T09:44:55+00:00\",\"author\":{\"@id\":\"https:\\\/\\\/www.manubens.es\\\/it\\\/#\\\/schema\\\/person\\\/cc83950a2556bd2dd10d3b8624863100\"},\"description\":\"Ogni anno a Monaco si tiene la Fiera LuxePack, la Fiera Internazionale del Packaging di Lusso per eccellenza, e Manubens \u00e8 presente.\",\"breadcrumb\":{\"@id\":\"https:\\\/\\\/www.manubens.es\\\/it\\\/manubens-partecipa-alla-fiera-luxe-pack-di-monaco\\\/#breadcrumb\"},\"inLanguage\":\"it-IT\",\"potentialAction\":[{\"@type\":\"ReadAction\",\"target\":[\"https:\\\/\\\/www.manubens.es\\\/it\\\/manubens-partecipa-alla-fiera-luxe-pack-di-monaco\\\/\"]}]},{\"@type\":\"ImageObject\",\"inLanguage\":\"it-IT\",\"@id\":\"https:\\\/\\\/www.manubens.es\\\/it\\\/manubens-partecipa-alla-fiera-luxe-pack-di-monaco\\\/#primaryimage\",\"url\":\"https:\\\/\\\/www.manubens.es\\\/wp-content\\\/uploads\\\/2019\\\/09\\\/LUXEPACK-MANUBENS.jpg\",\"contentUrl\":\"https:\\\/\\\/www.manubens.es\\\/wp-content\\\/uploads\\\/2019\\\/09\\\/LUXEPACK-MANUBENS.jpg\",\"width\":1080,\"height\":1080,\"caption\":\"LUXEPACK-MANUBENS\"},{\"@type\":\"BreadcrumbList\",\"@id\":\"https:\\\/\\\/www.manubens.es\\\/it\\\/manubens-partecipa-alla-fiera-luxe-pack-di-monaco\\\/#breadcrumb\",\"itemListElement\":[{\"@type\":\"ListItem\",\"position\":1,\"name\":\"Portada\",\"item\":\"https:\\\/\\\/www.manubens.es\\\/it\\\/\"},{\"@type\":\"ListItem\",\"position\":2,\"name\":\"Manubens partecipa alla fiera Luxe Pack di Monaco\"}]},{\"@type\":\"WebSite\",\"@id\":\"https:\\\/\\\/www.manubens.es\\\/it\\\/#website\",\"url\":\"https:\\\/\\\/www.manubens.es\\\/it\\\/\",\"name\":\"Manubens\",\"description\":\"Manubens Cintas\",\"potentialAction\":[{\"@type\":\"SearchAction\",\"target\":{\"@type\":\"EntryPoint\",\"urlTemplate\":\"https:\\\/\\\/www.manubens.es\\\/it\\\/?s={search_term_string}\"},\"query-input\":{\"@type\":\"PropertyValueSpecification\",\"valueRequired\":true,\"valueName\":\"search_term_string\"}}],\"inLanguage\":\"it-IT\"},{\"@type\":\"Person\",\"@id\":\"https:\\\/\\\/www.manubens.es\\\/it\\\/#\\\/schema\\\/person\\\/cc83950a2556bd2dd10d3b8624863100\",\"name\":\"Manubens\",\"image\":{\"@type\":\"ImageObject\",\"inLanguage\":\"it-IT\",\"@id\":\"https:\\\/\\\/secure.gravatar.com\\\/avatar\\\/15725cf86f411a4448330e45448e709f65acd91917559f0ff679989b0394976e?s=96&d=mm&r=g\",\"url\":\"https:\\\/\\\/secure.gravatar.com\\\/avatar\\\/15725cf86f411a4448330e45448e709f65acd91917559f0ff679989b0394976e?s=96&d=mm&r=g\",\"contentUrl\":\"https:\\\/\\\/secure.gravatar.com\\\/avatar\\\/15725cf86f411a4448330e45448e709f65acd91917559f0ff679989b0394976e?s=96&d=mm&r=g\",\"caption\":\"Manubens\"}}]}<\/script>\n<!-- \/ Yoast SEO plugin. -->","yoast_head_json":{"title":"Manubens partecipa alla fiera Luxe Pack di Monaco","description":"Ogni anno a Monaco si tiene la Fiera LuxePack, la Fiera Internazionale del Packaging di Lusso per eccellenza, e Manubens \u00e8 presente.","robots":{"index":"index","follow":"follow","max-snippet":"max-snippet:-1","max-image-preview":"max-image-preview:large","max-video-preview":"max-video-preview:-1"},"canonical":"https:\/\/www.manubens.es\/it\/manubens-partecipa-alla-fiera-luxe-pack-di-monaco\/","og_locale":"it_IT","og_type":"article","og_title":"Manubens partecipa alla fiera Luxe Pack di Monaco","og_description":"Ogni anno a Monaco si tiene la Fiera LuxePack, la Fiera Internazionale del Packaging di Lusso per eccellenza, e Manubens \u00e8 presente.","og_url":"https:\/\/www.manubens.es\/it\/manubens-partecipa-alla-fiera-luxe-pack-di-monaco\/","og_site_name":"Manubens","article_published_time":"2024-09-20T09:44:55+00:00","og_image":[{"width":1080,"height":1080,"url":"https:\/\/www.manubens.es\/wp-content\/uploads\/2019\/09\/LUXEPACK-MANUBENS.jpg","type":"image\/jpeg"}],"author":"Manubens","twitter_card":"summary_large_image","twitter_misc":{"Scritto da":"Manubens","Tempo di lettura stimato":"3 minuti"},"schema":{"@context":"https:\/\/schema.org","@graph":[{"@type":"Article","@id":"https:\/\/www.manubens.es\/it\/manubens-partecipa-alla-fiera-luxe-pack-di-monaco\/#article","isPartOf":{"@id":"https:\/\/www.manubens.es\/it\/manubens-partecipa-alla-fiera-luxe-pack-di-monaco\/"},"author":{"name":"Manubens","@id":"https:\/\/www.manubens.es\/it\/#\/schema\/person\/cc83950a2556bd2dd10d3b8624863100"},"headline":"Manubens partecipa alla fiera Luxe Pack di Monaco","datePublished":"2024-09-20T09:44:55+00:00","mainEntityOfPage":{"@id":"https:\/\/www.manubens.es\/it\/manubens-partecipa-alla-fiera-luxe-pack-di-monaco\/"},"wordCount":560,"commentCount":0,"image":{"@id":"https:\/\/www.manubens.es\/it\/manubens-partecipa-alla-fiera-luxe-pack-di-monaco\/#primaryimage"},"thumbnailUrl":"https:\/\/www.manubens.es\/wp-content\/uploads\/2019\/09\/LUXEPACK-MANUBENS.jpg","articleSection":["Non categorizzato"],"inLanguage":"it-IT","potentialAction":[{"@type":"CommentAction","name":"Comment","target":["https:\/\/www.manubens.es\/it\/manubens-partecipa-alla-fiera-luxe-pack-di-monaco\/#respond"]}]},{"@type":"WebPage","@id":"https:\/\/www.manubens.es\/it\/manubens-partecipa-alla-fiera-luxe-pack-di-monaco\/","url":"https:\/\/www.manubens.es\/it\/manubens-partecipa-alla-fiera-luxe-pack-di-monaco\/","name":"Manubens partecipa alla fiera Luxe Pack di Monaco","isPartOf":{"@id":"https:\/\/www.manubens.es\/it\/#website"},"primaryImageOfPage":{"@id":"https:\/\/www.manubens.es\/it\/manubens-partecipa-alla-fiera-luxe-pack-di-monaco\/#primaryimage"},"image":{"@id":"https:\/\/www.manubens.es\/it\/manubens-partecipa-alla-fiera-luxe-pack-di-monaco\/#primaryimage"},"thumbnailUrl":"https:\/\/www.manubens.es\/wp-content\/uploads\/2019\/09\/LUXEPACK-MANUBENS.jpg","datePublished":"2024-09-20T09:44:55+00:00","author":{"@id":"https:\/\/www.manubens.es\/it\/#\/schema\/person\/cc83950a2556bd2dd10d3b8624863100"},"description":"Ogni anno a Monaco si tiene la Fiera LuxePack, la Fiera Internazionale del Packaging di Lusso per eccellenza, e Manubens \u00e8 presente.","breadcrumb":{"@id":"https:\/\/www.manubens.es\/it\/manubens-partecipa-alla-fiera-luxe-pack-di-monaco\/#breadcrumb"},"inLanguage":"it-IT","potentialAction":[{"@type":"ReadAction","target":["https:\/\/www.manubens.es\/it\/manubens-partecipa-alla-fiera-luxe-pack-di-monaco\/"]}]},{"@type":"ImageObject","inLanguage":"it-IT","@id":"https:\/\/www.manubens.es\/it\/manubens-partecipa-alla-fiera-luxe-pack-di-monaco\/#primaryimage","url":"https:\/\/www.manubens.es\/wp-content\/uploads\/2019\/09\/LUXEPACK-MANUBENS.jpg","contentUrl":"https:\/\/www.manubens.es\/wp-content\/uploads\/2019\/09\/LUXEPACK-MANUBENS.jpg","width":1080,"height":1080,"caption":"LUXEPACK-MANUBENS"},{"@type":"BreadcrumbList","@id":"https:\/\/www.manubens.es\/it\/manubens-partecipa-alla-fiera-luxe-pack-di-monaco\/#breadcrumb","itemListElement":[{"@type":"ListItem","position":1,"name":"Portada","item":"https:\/\/www.manubens.es\/it\/"},{"@type":"ListItem","position":2,"name":"Manubens partecipa alla fiera Luxe Pack di Monaco"}]},{"@type":"WebSite","@id":"https:\/\/www.manubens.es\/it\/#website","url":"https:\/\/www.manubens.es\/it\/","name":"Manubens","description":"Manubens Cintas","potentialAction":[{"@type":"SearchAction","target":{"@type":"EntryPoint","urlTemplate":"https:\/\/www.manubens.es\/it\/?s={search_term_string}"},"query-input":{"@type":"PropertyValueSpecification","valueRequired":true,"valueName":"search_term_string"}}],"inLanguage":"it-IT"},{"@type":"Person","@id":"https:\/\/www.manubens.es\/it\/#\/schema\/person\/cc83950a2556bd2dd10d3b8624863100","name":"Manubens","image":{"@type":"ImageObject","inLanguage":"it-IT","@id":"https:\/\/secure.gravatar.com\/avatar\/15725cf86f411a4448330e45448e709f65acd91917559f0ff679989b0394976e?s=96&d=mm&r=g","url":"https:\/\/secure.gravatar.com\/avatar\/15725cf86f411a4448330e45448e709f65acd91917559f0ff679989b0394976e?s=96&d=mm&r=g","contentUrl":"https:\/\/secure.gravatar.com\/avatar\/15725cf86f411a4448330e45448e709f65acd91917559f0ff679989b0394976e?s=96&d=mm&r=g","caption":"Manubens"}}]}},"_links":{"self":[{"href":"https:\/\/www.manubens.es\/it\/wp-json\/wp\/v2\/posts\/16531","targetHints":{"allow":["GET"]}}],"collection":[{"href":"https:\/\/www.manubens.es\/it\/wp-json\/wp\/v2\/posts"}],"about":[{"href":"https:\/\/www.manubens.es\/it\/wp-json\/wp\/v2\/types\/post"}],"author":[{"embeddable":true,"href":"https:\/\/www.manubens.es\/it\/wp-json\/wp\/v2\/users\/3"}],"replies":[{"embeddable":true,"href":"https:\/\/www.manubens.es\/it\/wp-json\/wp\/v2\/comments?post=16531"}],"version-history":[{"count":0,"href":"https:\/\/www.manubens.es\/it\/wp-json\/wp\/v2\/posts\/16531\/revisions"}],"wp:featuredmedia":[{"embeddable":true,"href":"https:\/\/www.manubens.es\/it\/wp-json\/wp\/v2\/media\/10484"}],"wp:attachment":[{"href":"https:\/\/www.manubens.es\/it\/wp-json\/wp\/v2\/media?parent=16531"}],"wp:term":[{"taxonomy":"category","embeddable":true,"href":"https:\/\/www.manubens.es\/it\/wp-json\/wp\/v2\/categories?post=16531"},{"taxonomy":"post_tag","embeddable":true,"href":"https:\/\/www.manubens.es\/it\/wp-json\/wp\/v2\/tags?post=16531"}],"curies":[{"name":"wp","href":"https:\/\/api.w.org\/{rel}","templated":true}]}}